{"id":9661,"date":"2025-05-07T11:50:02","date_gmt":"2025-05-07T14:50:02","guid":{"rendered":"https:\/\/opinionpublica.com.ar\/index\/?p=9661"},"modified":"2025-05-07T11:50:02","modified_gmt":"2025-05-07T14:50:02","slug":"hay-otros-impuestos-distorsivos-por-discutir","status":"publish","type":"post","link":"https:\/\/opinionpublica.com.ar\/index\/hay-otros-impuestos-distorsivos-por-discutir\/","title":{"rendered":"Hay otros impuestos distorsivos por discutir"},"content":{"rendered":"<div id=\"tdi_77\" class=\"tdc-row stretch_row_1400 td-stretch-content\">\n<div class=\"vc_row tdi_78  wpb_row td-pb-row tdc-element-style\">\n<div class=\"vc_column tdi_80  wpb_column vc_column_container tdc-column td-pb-span12\">\n<div class=\"wpb_wrapper\">\n<div class=\"td_block_wrap tdb_title tdi_82 tdb-single-title td-pb-border-top td_block_template_1\" data-td-block-uid=\"tdi_82\">\n<div class=\"tdb-block-inner td-fix-index\">\n<p class=\"tdb-title-text\"><strong>Hay otros impuestos distorsivos por discutir<\/strong><\/p>\n<\/div>\n<\/div>\n<\/div>\n<\/div>\n<\/div>\n<\/div>\n<div id=\"tdi_83\" class=\"tdc-row stretch_row_1200 td-stretch-content\">\n<div class=\"vc_row tdi_84  wpb_row td-pb-row\">\n<div class=\"vc_column tdi_86  wpb_column vc_column_container tdc-column td-pb-span8\">\n<div class=\"wpb_wrapper\">\n<div class=\"td_block_wrap tdb_single_content tdi_88 td-pb-border-top td_block_template_1 td-post-content tagdiv-type\" data-td-block-uid=\"tdi_88\">\n<div class=\"tdb-block-inner td-fix-index\">\n<p>El presidente de la Comisi\u00f3n Arbitral (COMAR) Luis Capellano, asegur\u00f3 que la provincia tiene la al\u00edcuota efectiva m\u00e1s baja del pa\u00eds en Ingresos Brutos pero que existen otros impuestos distorsivos para discutir en marco de la reforma tributaria y que el desaf\u00edo es sostener la recaudaci\u00f3n.<\/p>\n<p><a href=\"https:\/\/opinionpublica.com.ar\/index\/wp-content\/uploads\/2024\/04\/consumo-1.webp\"><img fetchpriority=\"high\" decoding=\"async\" class=\"alignnone size-full wp-image-1909\" src=\"https:\/\/opinionpublica.com.ar\/index\/wp-content\/uploads\/2024\/04\/consumo-1.webp\" alt=\"\" width=\"1600\" height=\"900\" srcset=\"https:\/\/opinionpublica.com.ar\/index\/wp-content\/uploads\/2024\/04\/consumo-1.webp 1600w, https:\/\/opinionpublica.com.ar\/index\/wp-content\/uploads\/2024\/04\/consumo-1-300x169.webp 300w, https:\/\/opinionpublica.com.ar\/index\/wp-content\/uploads\/2024\/04\/consumo-1-1024x576.webp 1024w, https:\/\/opinionpublica.com.ar\/index\/wp-content\/uploads\/2024\/04\/consumo-1-768x432.webp 768w, https:\/\/opinionpublica.com.ar\/index\/wp-content\/uploads\/2024\/04\/consumo-1-1536x864.webp 1536w\" sizes=\"(max-width: 1600px) 100vw, 1600px\" \/><\/a><br \/>\nEn una entrevista con FM Master\u2019s, Luis Capellano, presidente de la Comisi\u00f3n Arbitral (COMAR) y vocal del Tribunal de Cuentas de la provincia, rechaz\u00f3 categ\u00f3ricamente que Tierra del Fuego tenga los impuestos m\u00e1s elevados del pa\u00eds, como sugiri\u00f3 un art\u00edculo period\u00edstico reciente. \u00abNo tenemos informaci\u00f3n desagregada y precisa que avale eso.<br \/>\nTierra del Fuego tiene la al\u00edcuota efectiva m\u00e1s baja del pa\u00eds en el impuesto a los ingresos brutos: 1,6%, cuando el promedio nacional supera el 2%\u00bb, afirm\u00f3. El funcionario atribuy\u00f3 el error a \u00abun tributarista<br \/>\nque promueve el reemplazo de este impuesto\u00bb y a medios que replican \u00abinformaci\u00f3n desacertada\u00bb.<br \/>\nSin embargo, destaco que \u201cexisten 2 al\u00edcuotas que toman la base de imponible de los ingresos brutos, pero que son fondos de afectaci\u00f3n especifica salud y educaci\u00f3n y el otro con el sostenimiento de la caja\u201d que esta recaudaci\u00f3n no va rentas generales para gastos corrientes. La primera, representa una al\u00edcuota adicional del Impuesto sobre los<br \/>\nIngresos Brutos del uno por ciento (1,00%), aunque existen actividades extensas, y por otro la al\u00edcuota para el sostenimiento de la Caja Previsional es del 3% sobre el Impuesto sobre los Ingresos Brutos para<br \/>\nactividades gravadas, con destino al Fondo de Asistencia del Financiamiento para el Sistema Previsional.<br \/>\nCapellano explico que \u201csobre la reforma tributaria que busca Naci\u00f3n, y las readecuaciones normativas, contempla la soluci\u00f3n a los distintos impuestos distorsivos, ejemplo el impuesto a d\u00e9bitos y cr\u00e9ditos, a las<br \/>\nretenciones a las exportaciones son tan distorsivas como los ingresos brutos\u201d.<br \/>\nPor otro lado, Capellano defendi\u00f3 la gesti\u00f3n fiscal fueguina, destacando que su Agencia de Recaudaci\u00f3n (AREF) es \u00abla \u00fanica del pa\u00eds que desafecta a contribuyentes del padr\u00f3n de retenciones hasta que agoten sus saldos a favor\u00bb.<br \/>\nSobre la posible reforma tributaria impulsada por el Gobierno nacional \u2013 que incluir\u00eda eliminar impuestos \u00abdistorsivos\u00bb como Ingresos Brutos, elgravamen a los cheques y las retenciones-, record\u00f3 que las provincias<br \/>\nllevan 32 a\u00f1os buscando alternativas sin \u00e9xito. \u00abTodos los an\u00e1lisis de reemplazo por un IVA (origen, destino o mixto) concluyeron en que o no se eliminaban las distorsiones o no aseguraban los niveles de<br \/>\nrecaudaci\u00f3n actuales\u00bb, explic\u00f3.<br \/>\nEl acuerdo con el Fondo Monetario Internacional (FMI), se\u00f1al\u00f3, exige justamente un nuevo sistema que mantenga la recaudaci\u00f3n. \u00abEsto requerir\u00e1 una nueva ley de coparticipaci\u00f3n. No ser\u00e1 inmediato: Brasil,<br \/>\ncon estabilidad econ\u00f3mica, tardar\u00e1 cinco a\u00f1os en implementar su reforma\u00bb, compar\u00f3.<br \/>\nCapellano, explico que esto constituyen metas econ\u00f3micas pero que deben venir acompa\u00f1adas de una adecuaci\u00f3n normativas, una nueva ley de coparticipaci\u00f3n.<br \/>\nMientras tanto, Capellano enfatiz\u00f3 que la COMAR avanza en \u00abmejorar lo existente\u00bb, como el portal federal tributario y la clave fiscal \u00fanica, y en reducir la acumulaci\u00f3n de saldos a favor, una \u00abdistorsi\u00f3n cr\u00edtica\u00bb de<br \/>\nIngresos Brutos.<br \/>\nRespecto a cr\u00edticas sobre supuestos impuestos provinciales adicionales (como los fondos espec\u00edficos para salud y educaci\u00f3n), aclar\u00f3: \u00abSon aportes de afectaci\u00f3n espec\u00edfica, no van a rentas generales. No hay mala intenci\u00f3n en esos comentarios, pero no reflejan la realidad\u00bb.<br \/>\nSobre la eliminaci\u00f3n del impuesto al cheque, otro punto del acuerdo con el FMI, advirti\u00f3 que \u00abtodo debe ponerse sobre la mesa\u00bb, incluyendo el uso de fondos nacionales como el Fonavi o el gravamen a los combustibles: \u00abSi a las provincias nos piden esfuerzos, el Estado nacional tambi\u00e9n debe explicar sus gastos\u00bb.<br \/>\nConsultado sobre su participaci\u00f3n en la asamblea del Centro Interamericano de Administraciones Tributarias (CIAT) en Chile, Capellano subray\u00f3 que la presi\u00f3n fiscal y las reformas son debates globales: \u00abLos recursos son escasos en todas partes\u00bb. Concluy\u00f3 con un llamado a la calma: \u00abHay que ocuparse, pero con tranquilidad. Las<br \/>\nautoridades fueguinas en la COMAR y la Comisi\u00f3n Federal de Impuestos defender\u00e1n los intereses de la provincia\u00bb.<\/p>\n<\/div>\n<\/div>\n<\/div>\n<\/div>\n<\/div>\n<\/div>\n","protected":false},"excerpt":{"rendered":"<p>Hay otros impuestos distorsivos por discutir El presidente de la Comisi\u00f3n Arbitral (COMAR) Luis Capellano, asegur\u00f3 que la<\/p>\n","protected":false},"author":8,"featured_media":3734,"comment_status":"open","ping_status":"open","sticky":false,"template":"","format":"standard","meta":{"footnotes":""},"categories":[2],"tags":[3472,3473],"class_list":["post-9661","post","type-post","status-publish","format-standard","has-post-thumbnail","hentry","category-tierra-del-fuego","tag-comar","tag-luis-capellano"],"featured_image_urls":{"full":["https:\/\/opinionpublica.com.ar\/index\/wp-content\/uploads\/2024\/06\/consumo-minorista.jpg",512,256,false],"thumbnail":["https:\/\/opinionpublica.com.ar\/index\/wp-content\/uploads\/2024\/06\/consumo-minorista-150x150.jpg",150,150,true],"medium":["https:\/\/opinionpublica.com.ar\/index\/wp-content\/uploads\/2024\/06\/consumo-minorista-300x150.jpg",300,150,true],"medium_large":["https:\/\/opinionpublica.com.ar\/index\/wp-content\/uploads\/2024\/06\/consumo-minorista.jpg",512,256,false],"large":["https:\/\/opinionpublica.com.ar\/index\/wp-content\/uploads\/2024\/06\/consumo-minorista.jpg",512,256,false],"1536x1536":["https:\/\/opinionpublica.com.ar\/index\/wp-content\/uploads\/2024\/06\/consumo-minorista.jpg",512,256,false],"2048x2048":["https:\/\/opinionpublica.com.ar\/index\/wp-content\/uploads\/2024\/06\/consumo-minorista.jpg",512,256,false],"morenews-large":["https:\/\/opinionpublica.com.ar\/index\/wp-content\/uploads\/2024\/06\/consumo-minorista.jpg",512,256,false],"morenews-medium":["https:\/\/opinionpublica.com.ar\/index\/wp-content\/uploads\/2024\/06\/consumo-minorista.jpg",512,256,false]},"author_info":{"display_name":"RKing","author_link":"https:\/\/opinionpublica.com.ar\/index\/author\/rking\/"},"category_info":"<a href=\"https:\/\/opinionpublica.com.ar\/index\/category\/tierra-del-fuego\/\" rel=\"category tag\">Tierra del Fuego<\/a>","tag_info":"Tierra del Fuego","comment_count":"0","_links":{"self":[{"href":"https:\/\/opinionpublica.com.ar\/index\/wp-json\/wp\/v2\/posts\/9661","targetHints":{"allow":["GET"]}}],"collection":[{"href":"https:\/\/opinionpublica.com.ar\/index\/wp-json\/wp\/v2\/posts"}],"about":[{"href":"https:\/\/opinionpublica.com.ar\/index\/wp-json\/wp\/v2\/types\/post"}],"author":[{"embeddable":true,"href":"https:\/\/opinionpublica.com.ar\/index\/wp-json\/wp\/v2\/users\/8"}],"replies":[{"embeddable":true,"href":"https:\/\/opinionpublica.com.ar\/index\/wp-json\/wp\/v2\/comments?post=9661"}],"version-history":[{"count":1,"href":"https:\/\/opinionpublica.com.ar\/index\/wp-json\/wp\/v2\/posts\/9661\/revisions"}],"predecessor-version":[{"id":9662,"href":"https:\/\/opinionpublica.com.ar\/index\/wp-json\/wp\/v2\/posts\/9661\/revisions\/9662"}],"wp:featuredmedia":[{"embeddable":true,"href":"https:\/\/opinionpublica.com.ar\/index\/wp-json\/wp\/v2\/media\/3734"}],"wp:attachment":[{"href":"https:\/\/opinionpublica.com.ar\/index\/wp-json\/wp\/v2\/media?parent=9661"}],"wp:term":[{"taxonomy":"category","embeddable":true,"href":"https:\/\/opinionpublica.com.ar\/index\/wp-json\/wp\/v2\/categories?post=9661"},{"taxonomy":"post_tag","embeddable":true,"href":"https:\/\/opinionpublica.com.ar\/index\/wp-json\/wp\/v2\/tags?post=9661"}],"curies":[{"name":"wp","href":"https:\/\/api.w.org\/{rel}","templated":true}]}}