{"id":9677,"date":"2025-05-08T10:04:08","date_gmt":"2025-05-08T13:04:08","guid":{"rendered":"https:\/\/opinionpublica.com.ar\/index\/?p=9677"},"modified":"2025-05-08T10:04:08","modified_gmt":"2025-05-08T13:04:08","slug":"el-senado-no-acompano-ficha-limpia","status":"publish","type":"post","link":"https:\/\/opinionpublica.com.ar\/index\/el-senado-no-acompano-ficha-limpia\/","title":{"rendered":"El senado no acompa\u00f1\u00f3 ficha limpia"},"content":{"rendered":"<div id=\"tdi_77\" class=\"tdc-row stretch_row_1400 td-stretch-content\">\n<div class=\"vc_row tdi_78  wpb_row td-pb-row tdc-element-style\">\n<div class=\"vc_column tdi_80  wpb_column vc_column_container tdc-column td-pb-span12\">\n<div class=\"wpb_wrapper\">\n<div class=\"td_block_wrap tdb_title tdi_82 tdb-single-title td-pb-border-top td_block_template_1\" data-td-block-uid=\"tdi_82\">\n<div class=\"tdb-block-inner td-fix-index\">\n<p class=\"tdb-title-text\"><strong>El senado no acompa\u00f1\u00f3 ficha limpia<\/strong><\/p>\n<\/div>\n<\/div>\n<\/div>\n<\/div>\n<\/div>\n<\/div>\n<div id=\"tdi_83\" class=\"tdc-row stretch_row_1200 td-stretch-content\">\n<div class=\"vc_row tdi_84  wpb_row td-pb-row\">\n<div class=\"vc_column tdi_86  wpb_column vc_column_container tdc-column td-pb-span8\">\n<div class=\"wpb_wrapper\">\n<div class=\"td_block_wrap tdb_single_content tdi_88 td-pb-border-top td_block_template_1 td-post-content tagdiv-type\" data-td-block-uid=\"tdi_88\">\n<div class=\"tdb-block-inner td-fix-index\">\n<p>El Senado rechaz\u00f3 el proyecto de Ficha Limpia que impulsaba el Gobierno de Javier Milei. Obtuvo 36 votos positivos, 35 negativos, cero abstenciones, pero necesitaba 37 adhesiones para ser aprobado. (Fuente: Clar\u00edn)<\/p>\n<p><a href=\"https:\/\/opinionpublica.com.ar\/index\/wp-content\/uploads\/2024\/06\/senado.jpeg\"><img fetchpriority=\"high\" decoding=\"async\" class=\"alignnone size-full wp-image-3813\" src=\"https:\/\/opinionpublica.com.ar\/index\/wp-content\/uploads\/2024\/06\/senado.jpeg\" alt=\"\" width=\"960\" height=\"640\" srcset=\"https:\/\/opinionpublica.com.ar\/index\/wp-content\/uploads\/2024\/06\/senado.jpeg 960w, https:\/\/opinionpublica.com.ar\/index\/wp-content\/uploads\/2024\/06\/senado-300x200.jpeg 300w, https:\/\/opinionpublica.com.ar\/index\/wp-content\/uploads\/2024\/06\/senado-768x512.jpeg 768w\" sizes=\"(max-width: 960px) 100vw, 960px\" \/><\/a><br \/>\nAtauche: \u00abQueremos que los argentinos vuelvan a confiar en la pol\u00edtica\u00bb El jefe del bloque de La Libertad Avanza dijo Ficha Limpia \u00abes un mensaje claro para la sociedad: no queremos m\u00e1s corrupstos en la pol\u00edtica. No queremos que los fueros de los pol\u00edticos se utilicen para esconder la corrrupci\u00f3n y el robo\u00bb.<br \/>\nEl juje\u00f1o agreg\u00f3 que el proyecto \u00abviene a fortalecer la confianza y la transparencia y las caracter\u00edsticas que tiene que tener un funcionario\u00bb.<\/p>\n<p><strong>Mayans duro contra Macri y Milei<\/strong><br \/>\nEl jefe de bloque de Uni\u00f3n por la Patria arremeti\u00f3 contra \u00abel grupo que auspicia Ficha Limpia\u00bb, en el que incluy\u00f3 a Javier y Karina Milei y dirigentes del Pro.<br \/>\n\u00ab\u00bfUstedes creen que el pueblo argentino es est\u00fapido y que no entiende lo que est\u00e1 pasando ac\u00e1?\u00bb cuestion\u00f3 Mayans. \u00ab\u00bfCreen que Macri es una persona que puede pedir Ficha Limpia? \u00bfQue Ritondo que no puede<br \/>\njustificar 87 propiedades, mucha de las cuales tiene en Estados Unidos? \u00bfo que Vidal puede auspiciar Ficha Limpia?<br \/>\n\u00ab\u00bfCreen que a partir de Ficha Limpia Milei va a devolver los US$ 100 millones que le estaf\u00f3 a varias personas?\u00bb En referencia al Caso $Libra.<br \/>\nM\u00e1s temprano, el Senado rechaz\u00f3 los pedidos de interpelaci\u00f3n a la secretaria general de Presidencia y al ministro de Econom\u00eda, Luis Caputo, por pedido del propio Mayans.<br \/>\nAdem\u00e1s, reiter\u00f3 que el proyecto es \u00abinconstitucional\u00bb y que \u00abesta es la ley Pablo Escobar\u00bb porque \u00abse olvidaron de anotar lo m\u00e1s importante, narcotr\u00e1fico\u2026 o sea, un narcotraficante puede ser [candidato], como fue Pablo Escobar, una persona responsable de trata\u2026 Puede ser cualquiera que cometa un delito menos Cristina\u00bb.<\/p>\n<p>Juliana Di Tulio dijo que Ficha Limpia es un \u00abfake total\u00bb En l\u00ednea con el argumento del bloque del kirchnerista, la senadora bonaerense dijo que \u00abesta ley la est\u00e1n haciendo porque la persona que quieren proscribir es inocente\u00bb, haciendo \u00e9nfasis en el criterio de una sentencia con doble conforme, en lugar de la \u00faltima instancia que es la<br \/>\nCorte Suprema.<br \/>\nAgreg\u00f3 que el proyecto es un \u00abfake total\u00bb y que \u00abes una ley para proscribir a Cristina Kirchner y lo saben bien\u00bb. Tambi\u00e9n calific\u00f3 la jornada como hist\u00f3rica porque \u00ablos d\u00edas en que alg\u00fan poder del Estado proscribe al peronismo, es un d\u00eda hist\u00f3rico\u00bb.<br \/>\nPor otra parte, dispar\u00f3 contra \u00abel discurso psicop\u00e1tico\u00bb de su pares.<\/p>\n<p>Alfredo de Angeli acus\u00f3 al kirchnerismo de querer \u00abnaturalizar la corrupci\u00f3n\u00bb<br \/>\nEl jefe del bloque del Pro dijo que \u00abvamos a votar esta ley a dos manos si Dios quiere y sin modificaciones\u00bb, aunque reconoci\u00f3 \u00abque es corta\u00bb y que hab\u00eda que ir m\u00e1s a fondo.<br \/>\nDe Angeli aprovech\u00f3 para criticar al kirchnerismo y lo acus\u00f3 de querer \u00abnaturalizar la corrupci\u00f3n\u00bb, recordando casos como los trenes de Ricardo Jaime, el vacunatorio vip, los bolsos de Jos\u00e9 L\u00f3pez, entre otros.<\/p>\n<p>Carambia confirm\u00f3 que votar\u00e1 a favor de la Ficha Limpia, pero pidi\u00f3 aumentar las penas para los delitos de corrupci\u00f3n El senador por Santa Cruz sostuvo que as\u00ed como se pide no tener antecedentes para obtener una licencia para conducir remises, \u201ces una locura no pedir requisitos para ser candidato a cualquier cargo nacional\u201d.<br \/>\n\u201cNosotros vamos a acompa\u00f1ar este proyecto y creemos que est\u00e1n los votos para que salgan\u201d, afirm\u00f3 sobre su voto y el de la senadora santacruce\u00f1a Natalia Gadano, con la que suele votar en t\u00e1ndem.<br \/>\n\u201cSi queremos debatir c\u00f3mo ayudamos a que haya menos corrupci\u00f3n, no solamente (hay que aprobar) Ficha limpia, hay que aumentar las penas a los delitos de corrupci\u00f3n. Hoy casi todos son excarcelables\u201d, plante\u00f3 el santacruce\u00f1o.<\/p>\n<p><strong>Paoltroni cruz\u00f3 a Gildo Insfr\u00e1n<\/strong><br \/>\nEl senador formose\u00f1o carg\u00f3 contra el gobernador de su provincia y desat\u00f3 los silbidos de la C\u00e1mara: \u00abPareciera que nadie se quiere hacer cargo de Gildo Insfr\u00e1n, presidente del congreso PJ\u00bb dijo y agreg\u00f3: \u00abPronto lo vamos a echar (\u2026) Lo que no s\u00e9 tambi\u00e9n qu\u00e9 van a hacer con Mayans\u2026\u00bb<\/p>\n<p>Afirm\u00f3 que \u00abla pol\u00edtica se ha llenado de delincuentes a lo largo y ancho de la Rep\u00fablica Argentina\u00bb y dijo que aunque \u00abla vara est\u00e1 bajita con esta ley que vamos a aprobar hoy\u00bb, es un comienzo.<\/p>\n<p>Carolina Losada: \u00abQue nadie se apropie de esta ley, es una ley de todos\u00bb<\/p>\n<p>La senadora radical por Santa Fe le pidi\u00f3 a los legisladores que \u00abno caigan en la misera de la pol\u00edtica\u00bb y voten a favor de la ley de Ficha Limpia.<br \/>\n\u00abLes pido que no dilatemos un minuto m\u00e1s, que no cambiemos nada y que Ficha Limpia sea ley\u00bb, dijo.<br \/>\nY agreg\u00f3: \u00abEsta ley no es de un partido pol\u00edtico, es de los ciudadanos, pero es una ley de todos. No es una iniciativa partidaria. Que nadie se apropie de esta ley, es una ley de todos\u00bb.<\/p>\n<\/div>\n<\/div>\n<\/div>\n<\/div>\n<\/div>\n<\/div>\n","protected":false},"excerpt":{"rendered":"<p>El senado no acompa\u00f1\u00f3 ficha limpia El Senado rechaz\u00f3 el proyecto de Ficha Limpia que impulsaba el Gobierno<\/p>\n","protected":false},"author":8,"featured_media":2388,"comment_status":"open","ping_status":"open","sticky":false,"template":"","format":"standard","meta":{"footnotes":""},"categories":[3],"tags":[1437,2727],"class_list":["post-9677","post","type-post","status-publish","format-standard","has-post-thumbnail","hentry","category-nacionales","tag-camara-senadores","tag-ficha-limpia"],"featured_image_urls":{"full":["https:\/\/opinionpublica.com.ar\/index\/wp-content\/uploads\/2024\/04\/senado.jpg",1263,707,false],"thumbnail":["https:\/\/opinionpublica.com.ar\/index\/wp-content\/uploads\/2024\/04\/senado-150x150.jpg",150,150,true],"medium":["https:\/\/opinionpublica.com.ar\/index\/wp-content\/uploads\/2024\/04\/senado-300x168.jpg",300,168,true],"medium_large":["https:\/\/opinionpublica.com.ar\/index\/wp-content\/uploads\/2024\/04\/senado-768x430.jpg",640,358,true],"large":["https:\/\/opinionpublica.com.ar\/index\/wp-content\/uploads\/2024\/04\/senado-1024x573.jpg",640,358,true],"1536x1536":["https:\/\/opinionpublica.com.ar\/index\/wp-content\/uploads\/2024\/04\/senado.jpg",1263,707,false],"2048x2048":["https:\/\/opinionpublica.com.ar\/index\/wp-content\/uploads\/2024\/04\/senado.jpg",1263,707,false],"morenews-large":["https:\/\/opinionpublica.com.ar\/index\/wp-content\/uploads\/2024\/04\/senado-825x575.jpg",825,575,true],"morenews-medium":["https:\/\/opinionpublica.com.ar\/index\/wp-content\/uploads\/2024\/04\/senado-590x410.jpg",590,410,true]},"author_info":{"display_name":"RKing","author_link":"https:\/\/opinionpublica.com.ar\/index\/author\/rking\/"},"category_info":"<a href=\"https:\/\/opinionpublica.com.ar\/index\/category\/nacionales\/\" rel=\"category tag\">Nacionales<\/a>","tag_info":"Nacionales","comment_count":"0","_links":{"self":[{"href":"https:\/\/opinionpublica.com.ar\/index\/wp-json\/wp\/v2\/posts\/9677","targetHints":{"allow":["GET"]}}],"collection":[{"href":"https:\/\/opinionpublica.com.ar\/index\/wp-json\/wp\/v2\/posts"}],"about":[{"href":"https:\/\/opinionpublica.com.ar\/index\/wp-json\/wp\/v2\/types\/post"}],"author":[{"embeddable":true,"href":"https:\/\/opinionpublica.com.ar\/index\/wp-json\/wp\/v2\/users\/8"}],"replies":[{"embeddable":true,"href":"https:\/\/opinionpublica.com.ar\/index\/wp-json\/wp\/v2\/comments?post=9677"}],"version-history":[{"count":1,"href":"https:\/\/opinionpublica.com.ar\/index\/wp-json\/wp\/v2\/posts\/9677\/revisions"}],"predecessor-version":[{"id":9678,"href":"https:\/\/opinionpublica.com.ar\/index\/wp-json\/wp\/v2\/posts\/9677\/revisions\/9678"}],"wp:featuredmedia":[{"embeddable":true,"href":"https:\/\/opinionpublica.com.ar\/index\/wp-json\/wp\/v2\/media\/2388"}],"wp:attachment":[{"href":"https:\/\/opinionpublica.com.ar\/index\/wp-json\/wp\/v2\/media?parent=9677"}],"wp:term":[{"taxonomy":"category","embeddable":true,"href":"https:\/\/opinionpublica.com.ar\/index\/wp-json\/wp\/v2\/categories?post=9677"},{"taxonomy":"post_tag","embeddable":true,"href":"https:\/\/opinionpublica.com.ar\/index\/wp-json\/wp\/v2\/tags?post=9677"}],"curies":[{"name":"wp","href":"https:\/\/api.w.org\/{rel}","templated":true}]}}