{"id":9679,"date":"2025-05-09T20:34:48","date_gmt":"2025-05-09T23:34:48","guid":{"rendered":"https:\/\/opinionpublica.com.ar\/index\/?p=9679"},"modified":"2025-05-09T20:34:48","modified_gmt":"2025-05-09T23:34:48","slug":"tierra-del-fuego-en-el-centro-de-la-geopolitica-argentina","status":"publish","type":"post","link":"https:\/\/opinionpublica.com.ar\/index\/tierra-del-fuego-en-el-centro-de-la-geopolitica-argentina\/","title":{"rendered":"Tierra del Fuego en el centro de la geopol\u00edtica argentina"},"content":{"rendered":"<header class=\"post-image\">\n<div class=\"fimg-wrapper fimg-cl\">\n<div class=\"featured-image\">\n<div class=\"fimg-inner\">\n<div class=\"vm-wrapper\">\n<div class=\"vm-middle\">\n<p class=\"post-title\"><strong>Tierra del Fuego en el centro de la geopol\u00edtica argentina<\/strong><\/p>\n<\/div>\n<\/div>\n<\/div>\n<\/div>\n<\/div>\n<\/header>\n<section class=\"post-content\"><em>El titular de la Sociedad del Estado\u00a0R\u00edo Grande Activa, Juan Pablo Deluca, destac\u00f3 la relevancia geopol\u00edtica de Tierra del Fuego y la necesidad de mantener pol\u00edticas p\u00fablicas orientadas al desarrollo del territorio.\u00a0<\/em><\/p>\n<p><a href=\"https:\/\/opinionpublica.com.ar\/index\/wp-content\/uploads\/2025\/05\/8-Industria-Pueblo-de-Rio-Grande-El-Rompehielos-768x506-1.jpg\"><img fetchpriority=\"high\" decoding=\"async\" class=\"alignnone size-full wp-image-9680\" src=\"https:\/\/opinionpublica.com.ar\/index\/wp-content\/uploads\/2025\/05\/8-Industria-Pueblo-de-Rio-Grande-El-Rompehielos-768x506-1.jpg\" alt=\"\" width=\"768\" height=\"506\" srcset=\"https:\/\/opinionpublica.com.ar\/index\/wp-content\/uploads\/2025\/05\/8-Industria-Pueblo-de-Rio-Grande-El-Rompehielos-768x506-1.jpg 768w, https:\/\/opinionpublica.com.ar\/index\/wp-content\/uploads\/2025\/05\/8-Industria-Pueblo-de-Rio-Grande-El-Rompehielos-768x506-1-300x198.jpg 300w\" sizes=\"(max-width: 768px) 100vw, 768px\" \/><\/a><\/p>\n<p>A pocos d\u00edas de que la Ley 19.640, que instaur\u00f3 el r\u00e9gimen de promoci\u00f3n industrial en Tierra del Fuego,\u00a0cumpla 53 a\u00f1os de vigencia,\u00a0Deluca remarc\u00f3 su valor como una herramienta clave para afianzar la soberan\u00eda en el extremo austral de la Argentina. \u201c\u00bfSab\u00e9s cu\u00e1l\u00a0es el activo m\u00e1s importante que se logr\u00f3 a partir de la promoci\u00f3n? El pueblo fueguino. El pueblo fueguino instalado en la isla grande como una identidad centrada en trabajo y soberan\u00eda\u201d, se\u00f1al\u00f3.<\/p>\n<p>\u201cEsto es in\u00e9dito para una pol\u00edtica p\u00fablica de Argentina. Es una pol\u00edtica de Estado y no hay que mirarla de forma individual. Hay que mirarla con la causa Malvinas y con el proyecto de Argentina Bicontinental. Sin Tierra del Fuego, Ant\u00e1rtida, Islas del Atl\u00e1ntico Sur, no hay un proyecto de Argentina Bicontinental. Eso hay que tenerlo muy en claro\u201d, remarc\u00f3 Deluca.<\/p>\n<p>Economista especializado en desarrollo local\u00a0y recientemente doctorado, Deluca vincul\u00f3 su trayectoria acad\u00e9mica y pol\u00edtica a la promoci\u00f3n del desarrollo en el sur del pa\u00eds. \u201cEs un tema que vengo trabajando desde toda mi vida. [\u2026] Siempre mi tema, en lo acad\u00e9mico y en lo pol\u00edtico, fue la econom\u00eda pol\u00edtica fueguina y la promoci\u00f3n\u201d, se\u00f1al\u00f3.<\/p>\n<p>Desde una perspectiva integral, el titular de R\u00edo Grande Activa cuestion\u00f3 la visi\u00f3n estrictamente economicista que asocia el r\u00e9gimen fueguino solo a cifras fiscales. \u201cEst\u00e1 muy presente tambi\u00e9n este discurso ahora con el Gobierno Nacional. El presidente Javier Milei, cuando da sus conferencias, presenta una l\u00ednea muy economicista desde los n\u00fameros, desde la econom\u00eda pura y dura, matem\u00e1tica\u201d, observ\u00f3.<\/p>\n<figure class=\"wp-block-image size-full\"><a href=\"https:\/\/opinionpublica.com.ar\/index\/wp-content\/uploads\/2025\/05\/antartida-monumento-ushuaia.jpg\"><img decoding=\"async\" class=\"alignnone size-full wp-image-9681\" src=\"https:\/\/opinionpublica.com.ar\/index\/wp-content\/uploads\/2025\/05\/antartida-monumento-ushuaia.jpg\" alt=\"\" width=\"900\" height=\"600\" srcset=\"https:\/\/opinionpublica.com.ar\/index\/wp-content\/uploads\/2025\/05\/antartida-monumento-ushuaia.jpg 900w, https:\/\/opinionpublica.com.ar\/index\/wp-content\/uploads\/2025\/05\/antartida-monumento-ushuaia-300x200.jpg 300w, https:\/\/opinionpublica.com.ar\/index\/wp-content\/uploads\/2025\/05\/antartida-monumento-ushuaia-768x512.jpg 768w\" sizes=\"(max-width: 900px) 100vw, 900px\" \/><\/a><\/figure>\n<p>Frente a eso, Deluca propuso incorporar tambi\u00e9n la dimensi\u00f3n geogr\u00e1fica para comprender la l\u00f3gica de las pol\u00edticas aplicadas en el extremo austral. \u201cCuando se habla de econom\u00eda pol\u00edtica en Tierra del Fuego yo incorporo algo que es una tercera disciplina, que es la geograf\u00eda. No podemos entender las f\u00e1bricas de Tierra del Fuego si no entendemos que est\u00e1n en un territorio estrat\u00e9gico y perif\u00e9rico como es Tierra del Fuego\u201d, explic\u00f3.<\/p>\n<p>Esa mirada geogr\u00e1fica implica incluir no solo la isla grande, sino tambi\u00e9n el Atl\u00e1ntico Sur y la Ant\u00e1rtida: \u201cNo aparece solo la isla grande como provincia, sino tambi\u00e9n el Atl\u00e1ntico Sur, donde est\u00e1n nuestras Islas Malvinas, Georgias y Sandwich del Sur, y la proyecci\u00f3n ant\u00e1rtica. Es decir, una provincia con tres regiones\u201d.<\/p>\n<p>Sobre la relaci\u00f3n con la Ant\u00e1rtida, destac\u00f3 el car\u00e1cter estrat\u00e9gico de Ushuaia como puerta de entrada al continente blanco. \u201cLa ciudad se construy\u00f3 con otro tipo de promociones. Primero el penal, siempre pensando en lo estrat\u00e9gico del territorio. [\u2026] Hoy la Ant\u00e1rtida es valor presente\u201d, indic\u00f3.<\/p>\n<p>Deluca tambi\u00e9n se refiri\u00f3 al complejo escenario geopol\u00edtico de la regi\u00f3n: \u201c\u00bfEn qu\u00e9 otra provincia hay parte de su territorio ocupado? \u00bfQu\u00e9 otra provincia tiene l\u00edmites con un pa\u00eds vecino de esta forma, o posee un conjunto de archipi\u00e9lagos y bases ant\u00e1rticas de alrededor de 30 pa\u00edses? Dentro del territorio fueguino hay bases de Ucrania, Corea, Brasil, Per\u00fa, Rusia, Espa\u00f1a. Eso sucede: ese es nuestro espacio\u201d.<\/p>\n<p>Por \u00faltimo, hizo hincapi\u00e9 en el resultado social del r\u00e9gimen de promoci\u00f3n: \u201c\u00bfSab\u00e9s cu\u00e1l es el activo m\u00e1s importante que se logr\u00f3 a partir de la promoci\u00f3n? El pueblo fueguino. El pueblo fueguino instalado en la isla grande como una identidad centrada en trabajo y soberan\u00eda.\u00a0[\u2026] Efectivamente cumplimos un rol.\u00a0La gran mayor\u00eda de los fueguinos lo siente as\u00ed: viviendo ac\u00e1, pensando un hogar para toda su vida, est\u00e1 cumpliendo un rol para la Argentina\u201d.<\/p>\n<p>&nbsp;<\/p>\n<\/section>\n","protected":false},"excerpt":{"rendered":"<p>Tierra del Fuego en el centro de la geopol\u00edtica argentina El titular de la Sociedad del Estado\u00a0R\u00edo Grande<\/p>\n","protected":false},"author":8,"featured_media":9680,"comment_status":"open","ping_status":"open","sticky":false,"template":"","format":"standard","meta":{"footnotes":""},"categories":[3,2],"tags":[80,35,5],"class_list":["post-9679","post","type-post","status-publish","format-standard","has-post-thumbnail","hentry","category-nacionales","category-tierra-del-fuego","tag-antartida","tag-politica","tag-tierra-del-fuego"],"featured_image_urls":{"full":["https:\/\/opinionpublica.com.ar\/index\/wp-content\/uploads\/2025\/05\/8-Industria-Pueblo-de-Rio-Grande-El-Rompehielos-768x506-1.jpg",768,506,false],"thumbnail":["https:\/\/opinionpublica.com.ar\/index\/wp-content\/uploads\/2025\/05\/8-Industria-Pueblo-de-Rio-Grande-El-Rompehielos-768x506-1-150x150.jpg",150,150,true],"medium":["https:\/\/opinionpublica.com.ar\/index\/wp-content\/uploads\/2025\/05\/8-Industria-Pueblo-de-Rio-Grande-El-Rompehielos-768x506-1-300x198.jpg",300,198,true],"medium_large":["https:\/\/opinionpublica.com.ar\/index\/wp-content\/uploads\/2025\/05\/8-Industria-Pueblo-de-Rio-Grande-El-Rompehielos-768x506-1.jpg",640,422,false],"large":["https:\/\/opinionpublica.com.ar\/index\/wp-content\/uploads\/2025\/05\/8-Industria-Pueblo-de-Rio-Grande-El-Rompehielos-768x506-1.jpg",640,422,false],"1536x1536":["https:\/\/opinionpublica.com.ar\/index\/wp-content\/uploads\/2025\/05\/8-Industria-Pueblo-de-Rio-Grande-El-Rompehielos-768x506-1.jpg",768,506,false],"2048x2048":["https:\/\/opinionpublica.com.ar\/index\/wp-content\/uploads\/2025\/05\/8-Industria-Pueblo-de-Rio-Grande-El-Rompehielos-768x506-1.jpg",768,506,false],"morenews-large":["https:\/\/opinionpublica.com.ar\/index\/wp-content\/uploads\/2025\/05\/8-Industria-Pueblo-de-Rio-Grande-El-Rompehielos-768x506-1.jpg",768,506,false],"morenews-medium":["https:\/\/opinionpublica.com.ar\/index\/wp-content\/uploads\/2025\/05\/8-Industria-Pueblo-de-Rio-Grande-El-Rompehielos-768x506-1-590x410.jpg",590,410,true]},"author_info":{"display_name":"RKing","author_link":"https:\/\/opinionpublica.com.ar\/index\/author\/rking\/"},"category_info":"<a href=\"https:\/\/opinionpublica.com.ar\/index\/category\/nacionales\/\" rel=\"category tag\">Nacionales<\/a> <a href=\"https:\/\/opinionpublica.com.ar\/index\/category\/tierra-del-fuego\/\" rel=\"category tag\">Tierra del Fuego<\/a>","tag_info":"Tierra del Fuego","comment_count":"0","_links":{"self":[{"href":"https:\/\/opinionpublica.com.ar\/index\/wp-json\/wp\/v2\/posts\/9679","targetHints":{"allow":["GET"]}}],"collection":[{"href":"https:\/\/opinionpublica.com.ar\/index\/wp-json\/wp\/v2\/posts"}],"about":[{"href":"https:\/\/opinionpublica.com.ar\/index\/wp-json\/wp\/v2\/types\/post"}],"author":[{"embeddable":true,"href":"https:\/\/opinionpublica.com.ar\/index\/wp-json\/wp\/v2\/users\/8"}],"replies":[{"embeddable":true,"href":"https:\/\/opinionpublica.com.ar\/index\/wp-json\/wp\/v2\/comments?post=9679"}],"version-history":[{"count":1,"href":"https:\/\/opinionpublica.com.ar\/index\/wp-json\/wp\/v2\/posts\/9679\/revisions"}],"predecessor-version":[{"id":9682,"href":"https:\/\/opinionpublica.com.ar\/index\/wp-json\/wp\/v2\/posts\/9679\/revisions\/9682"}],"wp:featuredmedia":[{"embeddable":true,"href":"https:\/\/opinionpublica.com.ar\/index\/wp-json\/wp\/v2\/media\/9680"}],"wp:attachment":[{"href":"https:\/\/opinionpublica.com.ar\/index\/wp-json\/wp\/v2\/media?parent=9679"}],"wp:term":[{"taxonomy":"category","embeddable":true,"href":"https:\/\/opinionpublica.com.ar\/index\/wp-json\/wp\/v2\/categories?post=9679"},{"taxonomy":"post_tag","embeddable":true,"href":"https:\/\/opinionpublica.com.ar\/index\/wp-json\/wp\/v2\/tags?post=9679"}],"curies":[{"name":"wp","href":"https:\/\/api.w.org\/{rel}","templated":true}]}}