{"id":9685,"date":"2025-05-09T21:09:29","date_gmt":"2025-05-10T00:09:29","guid":{"rendered":"https:\/\/opinionpublica.com.ar\/index\/?p=9685"},"modified":"2025-05-09T21:09:29","modified_gmt":"2025-05-10T00:09:29","slug":"la-obra-avanza-con-ajustes-por-la-condicion-climatica","status":"publish","type":"post","link":"https:\/\/opinionpublica.com.ar\/index\/la-obra-avanza-con-ajustes-por-la-condicion-climatica\/","title":{"rendered":"La obra avanza con ajustes por la condici\u00f3n clim\u00e1tica"},"content":{"rendered":"<div id=\"tdi_77\" class=\"tdc-row stretch_row_1400 td-stretch-content\">\n<div class=\"vc_row tdi_78  wpb_row td-pb-row tdc-element-style\">\n<div class=\"vc_column tdi_80  wpb_column vc_column_container tdc-column td-pb-span12\">\n<div class=\"wpb_wrapper\">\n<div class=\"td_block_wrap tdb_title tdi_82 tdb-single-title td-pb-border-top td_block_template_1\" data-td-block-uid=\"tdi_82\">\n<div class=\"tdb-block-inner td-fix-index\">\n<p class=\"tdb-title-text\"><strong>La obra avanza con ajustes por la condici\u00f3n clim\u00e1tica<\/strong><\/p>\n<\/div>\n<\/div>\n<\/div>\n<\/div>\n<\/div>\n<\/div>\n<div id=\"tdi_83\" class=\"tdc-row stretch_row_1200 td-stretch-content\">\n<div class=\"vc_row tdi_84  wpb_row td-pb-row\">\n<div class=\"vc_column tdi_86  wpb_column vc_column_container tdc-column td-pb-span8\">\n<div class=\"wpb_wrapper\">\n<div class=\"td_block_wrap tdb_single_content tdi_88 td-pb-border-top td_block_template_1 td-post-content tagdiv-type\" data-td-block-uid=\"tdi_88\">\n<div class=\"tdb-block-inner td-fix-index\">\n<p>La obra avanza con una ampliaci\u00f3n de plazo hasta el 25 de mayo debido a factores clim\u00e1ticos. Vialidad Provincial supervisa diariamente el progreso mientras prepara otras rutas para la veda invernal, que inicia el 15 de mayo.<\/p>\n<p><a href=\"https:\/\/opinionpublica.com.ar\/index\/wp-content\/uploads\/2025\/03\/3odiaIG5_720x0__1-ruta-3-tdf.jpg\"><img fetchpriority=\"high\" decoding=\"async\" class=\"alignnone size-full wp-image-9137\" src=\"https:\/\/opinionpublica.com.ar\/index\/wp-content\/uploads\/2025\/03\/3odiaIG5_720x0__1-ruta-3-tdf.jpg\" alt=\"\" width=\"720\" height=\"538\" srcset=\"https:\/\/opinionpublica.com.ar\/index\/wp-content\/uploads\/2025\/03\/3odiaIG5_720x0__1-ruta-3-tdf.jpg 720w, https:\/\/opinionpublica.com.ar\/index\/wp-content\/uploads\/2025\/03\/3odiaIG5_720x0__1-ruta-3-tdf-300x224.jpg 300w\" sizes=\"(max-width: 720px) 100vw, 720px\" \/><\/a><br \/>\nLa obra de ampliaci\u00f3n y mejoras en la Ruta 7 avanza conforme a lo planificado, aunque con ajustes en los plazos debido a condiciones clim\u00e1ticas adversas. Ileana Zarantonello, presidente de Vialidad Provincial, explic\u00f3 en di\u00e1logo con FM Master\u2019s los detalles del cronograma y los desaf\u00edos que enfrenta la ejecuci\u00f3n del proyecto.<\/p>\n<p>\u00abSe hizo una ampliaci\u00f3n del plazo de obra en funci\u00f3n a que la empresa justific\u00f3, y nosotros tambi\u00e9n hab\u00edamos inspeccionado desde ac\u00e1, que tuvimos algunos d\u00edas que no se pudo trabajar por factores clim\u00e1ticos\u00bb, se\u00f1al\u00f3 Zarantonello. \u00abPor lo tanto, eso qued\u00f3 obviamente todo registrado, y a la empresa se le dio un plazo de 20 d\u00edas para la ejecuci\u00f3n de la obra, y posterior a eso poder aperturar\u00bb.<\/p>\n<p>La nueva fecha estimada para la finalizaci\u00f3n de las tareas principales es el 25 de mayo. La funcionaria destac\u00f3 que, como en toda obra a cielo abierto, las inclemencias del tiempo influyen directamente en el ritmo de trabajo.<br \/>\n\u00abNo es que estamos reparando alg\u00fan lugar f\u00edsico y que se trabaja dentro, sino que ac\u00e1 justamente el factor clima incide en la colocaci\u00f3n de los postes, por ejemplo\u00bb, explic\u00f3. \u00abNosotros hacemos la inspecci\u00f3n de c\u00f3mo va a diario la obra, y obviamente se consideran esos d\u00edas porque est\u00e1n m\u00e1s que justificados\u00bb.<br \/>\nRespecto al estado actual de las tareas, Zarantonello confirm\u00f3 que el avance sigue el plan original. \u00abSiempre hay un plan de tareas que se establece y se firma y se acuerda, ya sea en este caso, en trivialidad, que es el organismo que inspecciona, por quien hizo la licitaci\u00f3n, y el plan de obras que presenta la empresa\u00bb.<\/p>\n<p>Sin embargo, admiti\u00f3 que hay variaciones seg\u00fan las condiciones diarias: \u00abHay d\u00edas que se pueden ejecutar m\u00e1s kil\u00f3metros, y hay otros d\u00edas que, por el factor clim\u00e1tico, como ha sido, vamos a dar un ejemplo, hace un ratito nada m\u00e1s, llovi\u00f3 un mont\u00f3n, y<br \/>\nseguramente en ese momento han dejado de trabajar por un par de horas\u00bb.<br \/>\nAdem\u00e1s de la Ruta 7, Vialidad Provincial est\u00e1 realizando trabajos complementarios en otras v\u00edas antes del inicio de la veda invernal.<br \/>\n\u00abAhora se estaba terminando de trabajar en la ruta A, que es la complementaria que va a Cabo San Pablo, se est\u00e1 haciendo ah\u00ed un repaso, tambi\u00e9n limpieza de alcantarillas\u00bb, detall\u00f3. \u00abLo que nosotros hacemos ahora es justamente dejar todas las rutas lo mejor posible, con las mejores condiciones, para que cuando venga la veda invernal, no nos encontremos con grandes preocupaciones\u00bb.<br \/>\nLa veda invernal, que comienza el 15 de mayo, marca un l\u00edmite claro para las intervenciones en las rutas provinciales. \u00abEn algunos sectores ya no se puede intervenir, porque tambi\u00e9n exponemos las m\u00e1quinas, tambi\u00e9n exponemos nuestros recursos a que se rompan\u00bb, advirti\u00f3 Zarantonello. Y finalmente a\u00f1adi\u00f3: \u00abTampoco es<br \/>\nconveniente ingresar con la flota pesada en lugares que ya hoy se encuentran con mucha humedad, porque ser\u00edamos nosotros mismos los que rompemos la calzada\u00bb.<br \/>\nLas tareas se concentran en garantizar que las rutas est\u00e9n en \u00f3ptimas condiciones antes de la llegada del invierno, mientras la Ruta 7 avanza hacia su pr\u00f3xima apertura, ajustada a los nuevos plazos establecidos.<\/p>\n<\/div>\n<\/div>\n<\/div>\n<\/div>\n<\/div>\n<\/div>\n","protected":false},"excerpt":{"rendered":"<p>La obra avanza con ajustes por la condici\u00f3n clim\u00e1tica La obra avanza con una ampliaci\u00f3n de plazo hasta<\/p>\n","protected":false},"author":8,"featured_media":6467,"comment_status":"open","ping_status":"open","sticky":false,"template":"","format":"standard","meta":{"footnotes":""},"categories":[2],"tags":[3476,128],"class_list":["post-9685","post","type-post","status-publish","format-standard","has-post-thumbnail","hentry","category-tierra-del-fuego","tag-ileana-zarantonello","tag-vialidad-provincial"],"featured_image_urls":{"full":["https:\/\/opinionpublica.com.ar\/index\/wp-content\/uploads\/2024\/10\/multimedia.normal.9a52d53260ed6aee.72757461206e6163696f6e616c20335f6e6f726d616c2e6a7067-ruta-3.jpg",1024,800,false],"thumbnail":["https:\/\/opinionpublica.com.ar\/index\/wp-content\/uploads\/2024\/10\/multimedia.normal.9a52d53260ed6aee.72757461206e6163696f6e616c20335f6e6f726d616c2e6a7067-ruta-3-150x150.jpg",150,150,true],"medium":["https:\/\/opinionpublica.com.ar\/index\/wp-content\/uploads\/2024\/10\/multimedia.normal.9a52d53260ed6aee.72757461206e6163696f6e616c20335f6e6f726d616c2e6a7067-ruta-3-300x234.jpg",300,234,true],"medium_large":["https:\/\/opinionpublica.com.ar\/index\/wp-content\/uploads\/2024\/10\/multimedia.normal.9a52d53260ed6aee.72757461206e6163696f6e616c20335f6e6f726d616c2e6a7067-ruta-3-768x600.jpg",640,500,true],"large":["https:\/\/opinionpublica.com.ar\/index\/wp-content\/uploads\/2024\/10\/multimedia.normal.9a52d53260ed6aee.72757461206e6163696f6e616c20335f6e6f726d616c2e6a7067-ruta-3.jpg",640,500,false],"1536x1536":["https:\/\/opinionpublica.com.ar\/index\/wp-content\/uploads\/2024\/10\/multimedia.normal.9a52d53260ed6aee.72757461206e6163696f6e616c20335f6e6f726d616c2e6a7067-ruta-3.jpg",1024,800,false],"2048x2048":["https:\/\/opinionpublica.com.ar\/index\/wp-content\/uploads\/2024\/10\/multimedia.normal.9a52d53260ed6aee.72757461206e6163696f6e616c20335f6e6f726d616c2e6a7067-ruta-3.jpg",1024,800,false],"morenews-large":["https:\/\/opinionpublica.com.ar\/index\/wp-content\/uploads\/2024\/10\/multimedia.normal.9a52d53260ed6aee.72757461206e6163696f6e616c20335f6e6f726d616c2e6a7067-ruta-3-825x575.jpg",825,575,true],"morenews-medium":["https:\/\/opinionpublica.com.ar\/index\/wp-content\/uploads\/2024\/10\/multimedia.normal.9a52d53260ed6aee.72757461206e6163696f6e616c20335f6e6f726d616c2e6a7067-ruta-3-590x410.jpg",590,410,true]},"author_info":{"display_name":"RKing","author_link":"https:\/\/opinionpublica.com.ar\/index\/author\/rking\/"},"category_info":"<a href=\"https:\/\/opinionpublica.com.ar\/index\/category\/tierra-del-fuego\/\" rel=\"category tag\">Tierra del Fuego<\/a>","tag_info":"Tierra del Fuego","comment_count":"0","_links":{"self":[{"href":"https:\/\/opinionpublica.com.ar\/index\/wp-json\/wp\/v2\/posts\/9685","targetHints":{"allow":["GET"]}}],"collection":[{"href":"https:\/\/opinionpublica.com.ar\/index\/wp-json\/wp\/v2\/posts"}],"about":[{"href":"https:\/\/opinionpublica.com.ar\/index\/wp-json\/wp\/v2\/types\/post"}],"author":[{"embeddable":true,"href":"https:\/\/opinionpublica.com.ar\/index\/wp-json\/wp\/v2\/users\/8"}],"replies":[{"embeddable":true,"href":"https:\/\/opinionpublica.com.ar\/index\/wp-json\/wp\/v2\/comments?post=9685"}],"version-history":[{"count":1,"href":"https:\/\/opinionpublica.com.ar\/index\/wp-json\/wp\/v2\/posts\/9685\/revisions"}],"predecessor-version":[{"id":9686,"href":"https:\/\/opinionpublica.com.ar\/index\/wp-json\/wp\/v2\/posts\/9685\/revisions\/9686"}],"wp:featuredmedia":[{"embeddable":true,"href":"https:\/\/opinionpublica.com.ar\/index\/wp-json\/wp\/v2\/media\/6467"}],"wp:attachment":[{"href":"https:\/\/opinionpublica.com.ar\/index\/wp-json\/wp\/v2\/media?parent=9685"}],"wp:term":[{"taxonomy":"category","embeddable":true,"href":"https:\/\/opinionpublica.com.ar\/index\/wp-json\/wp\/v2\/categories?post=9685"},{"taxonomy":"post_tag","embeddable":true,"href":"https:\/\/opinionpublica.com.ar\/index\/wp-json\/wp\/v2\/tags?post=9685"}],"curies":[{"name":"wp","href":"https:\/\/api.w.org\/{rel}","templated":true}]}}