{"id":9694,"date":"2025-05-12T10:00:56","date_gmt":"2025-05-12T13:00:56","guid":{"rendered":"https:\/\/opinionpublica.com.ar\/index\/?p=9694"},"modified":"2025-05-12T10:00:56","modified_gmt":"2025-05-12T13:00:56","slug":"triunfos-oficialistas-y-retroceso-del-pj-en-las-elecciones-en-jujuy-salta-chaco-y-san-luis","status":"publish","type":"post","link":"https:\/\/opinionpublica.com.ar\/index\/triunfos-oficialistas-y-retroceso-del-pj-en-las-elecciones-en-jujuy-salta-chaco-y-san-luis\/","title":{"rendered":"Triunfos oficialistas y retroceso del PJ en las elecciones en Jujuy, Salta, Chaco y San Luis"},"content":{"rendered":"<div class=\"sc-808a5b4d-0 fiDTki normal-header false normal-header false\">\n<div class=\"sc-808a5b4d-0 fiDTki shared-header shared-header\">\n<div class=\"mt \">\n<p class=\"storyTitle \"><strong>Triunfos oficialistas y retroceso del PJ en las elecciones en Jujuy, Salta, Chaco y San Luis<\/strong><\/p>\n<ul>\n<li>En todos los casos celebraron los gobernadores, de buen di\u00e1logo con la Casa Rosada.<\/li>\n<li>Salvo en Chaco, donde fue aliado al radicalismo, y Salta capital donde gan\u00f3, el mileismo qued\u00f3 relegado.<\/li>\n<\/ul>\n<\/div>\n<div class=\"image-container \"><a href=\"https:\/\/opinionpublica.com.ar\/index\/wp-content\/uploads\/2025\/05\/u6YbF7oi__360x240__1-saez-zdero-sadir-poggi.jpg\"><img fetchpriority=\"high\" decoding=\"async\" class=\"alignnone  wp-image-9697\" src=\"https:\/\/opinionpublica.com.ar\/index\/wp-content\/uploads\/2025\/05\/u6YbF7oi__360x240__1-saez-zdero-sadir-poggi.jpg\" alt=\"\" width=\"770\" height=\"513\" srcset=\"https:\/\/opinionpublica.com.ar\/index\/wp-content\/uploads\/2025\/05\/u6YbF7oi__360x240__1-saez-zdero-sadir-poggi.jpg 360w, https:\/\/opinionpublica.com.ar\/index\/wp-content\/uploads\/2025\/05\/u6YbF7oi__360x240__1-saez-zdero-sadir-poggi-300x200.jpg 300w\" sizes=\"(max-width: 770px) 100vw, 770px\" \/><\/a><\/div>\n<\/div>\n<\/div>\n<section class=\"sc-85c09be5-1 jZNdOe\">\n<article id=\"storyBody\" class=\"sc-85c09be5-2 bPYxwJ\">\n<section class=\"sc-85c09be5-3 kYqaXc dataStory dataStory\">\n<div class=\"list-authors has-border-top\">\n<div class=\"sc-4e7e5c5d-0 hgTTFo list-authors has-border-top speakable-author\">\n<div class=\"sc-4e7e5c5d-1 fBFTyG bottom-story\"><\/div>\n<\/div>\n<\/div>\n<\/section>\n<div class=\"StoryTextContainer vsmcontent\" data-mrf-recirculation=\"Article Body\">\n<div id=\"containerUalter\" class=\"trinity-skip-it\">\n<div class=\"ualter_content\">\n<section class=\"accordion\">\n<div class=\"tab\">\n<div class=\"tab__content\">\n<div class=\"sintesis\">\n<div class=\"sintesis-footer\">\n<div class=\"manos\"><\/div>\n<\/div>\n<\/div>\n<div class=\"footer\">\n<div class=\"rrss\"><\/div>\n<\/div>\n<\/div>\n<\/div>\n<\/section>\n<\/div>\n<\/div>\n<div id=\"cuerpo\">\n<div id=\"element-body-0\" class=\"sc-80531b6b-0 chRIGJ container-text text-embed\">\n<p>El s\u00faper domingo de elecciones locales en cuatro provincias no defraud\u00f3 los pron\u00f3sticos de las \u00faltimas semanas:<strong>\u00a0los oficialismos se impusieron con comodidad.<\/strong>\u00a0Se vot\u00f3 en\u00a0<strong>Salta, Jujuy, Chaco y San Luis,<\/strong>\u00a0todas provincias que\u00a0<strong>desdoblaron\u00a0<\/strong>sus comicios de los nacionales, para renovar sus legislaturas provinciales y en algunos casos, elegir cargos municipales.<\/p>\n<\/div>\n<div id=\"element-body-1\" class=\"sc-80531b6b-0 chRIGJ container-text text-embed\">\n<p>En todos los casos festejaron los gobernadores: Gustavo S\u00e1enz (Salta), los radicales Carlos Sadir (Jujuy) y Leandro Zdero (Chaco), y el ex cambiemita Claudio Poggi (San Luis). De buen di\u00e1logo todos ellos con el gobierno de Javier Milei, los cuatro lograron imponerse con sus alianzas, contando con la ventaja de<strong>\u00a0tener enfrente un peronismo dividido, que marc\u00f3 un retroceso en todos los distritos.<\/strong><\/p>\n<\/div>\n<div id=\"element-body-2\" class=\"sc-80531b6b-0 chRIGJ container-text text-embed\">\n<p>En este turno electoral estuvo en foco tambi\u00e9n el debut de La Libertad Avanza.\u00a0<strong>Solamente en Chaco se integr\u00f3 a la alianza con el oficialismo triunfante<\/strong>; en los dem\u00e1s distritos, fue con listas avaladas por la Casa Rosada, o como libertarios blue en el caso de San Luis. Y tuvo un desempe\u00f1o m\u00e1s que m\u00f3dico, con excepciones puntuales de buena performance como<strong>\u00a0el primer lugar en la capital salte\u00f1a, y el segundo en la provincia de Jujuy<\/strong>, con m\u00e1s de 20 puntos, que le permitir\u00e1n tener por primera vez representantes (7) en la Legislatura juje\u00f1a.<\/p>\n<\/div>\n<div class=\"sc-23e4af8c-7 cWXDCp bannerCollapse\"><\/div>\n<div id=\"element-body-3\" class=\"sc-80531b6b-0 chRIGJ container-text text-embed\">\n<p>El papel de los libertarios estaba en la mira adem\u00e1s porque\u00a0<strong>la estrategia corri\u00f3 por cuenta de la herman\u00edsima Karina Milei, apoyada en los primos Mart\u00edn y \u00abLule\u00bb Menem<\/strong>. Aunque est\u00e1 fuera de estos armados, el asesor<strong>\u00a0Santiago Caputo,<\/strong>\u00a0que no conf\u00eda en las habilidades ni comulga con el poder que se dio a los riojanos,<strong>\u00a0se adjudicaba este domingo internamente los \u201caciertos\u201d del triunfo en Salta capital \u201csin el armado de los Menem\u201d -seg\u00fan transmit\u00edan-, y de la alianza con Zdero en Chaco.<\/strong><\/p>\n<\/div>\n<div id=\"element-body-4\" class=\"sc-80531b6b-0 chRIGJ container-text text-embed\">\n<h2>Provincias violeta, pero ahora no<\/h2>\n<\/div>\n<div id=\"element-body-5\" class=\"sc-80531b6b-0 chRIGJ container-text text-embed\">\n<p>Est\u00e1 fuera de duda que<strong>\u00a0Milei tiene amplio apoyo en los electorados de tres provincias,<\/strong>\u00a0donde se vot\u00f3 este domingo.\u00a0<strong>Milei pint\u00f3 de violeta a Salta, Jujuy y San Luis, el 22 de octubre de 2023 en la elecci\u00f3n presidencial que lo deposit\u00f3 en el balotaje<\/strong>\u00a0-al quedar segundo debajo del ganador Sergio Massa-. El resultado de este domingo mostr\u00f3 en todo caso<strong>\u00a0l\u00edmites en la construcci\u00f3n de opciones locales bajo la bandera del mileismo,<\/strong>\u00a0y la vigencia de continuidades que entrar\u00edan en la abominable calificaci\u00f3n de \u201cla casta\u201d, siempre en el relato presidencial.<\/p>\n<\/div>\n<div id=\"element-body-6\" class=\"sc-80531b6b-0 chRIGJ container-text text-embed\">\n<p>Quiz\u00e1s haya que recordar tambi\u00e9n que a lo largo de 2023 las ofertas locales para gobernador bendecidas por Milei, no despegaron, y estuvieron lejos de las peleas grandes. Pero esos mismos electorados que no aceptaron \u00aboutsiders\u00bb locales ungieron luego al economista para llegar a la Casa Rosada.<\/p>\n<\/div>\n<div class=\"sc-23e4af8c-0 kLpDil\">\n<div id=\"div-gpt-ad-caja0\" class=\"sc-d0f79270-0 lcvdWI bannerSRA\" data-google-query-id=\"CMqW-6z6nY0DFW2JYQYdv6gFbA\">\n<div id=\"google_ads_iframe_\/242767168\/clarin\/politica\/nota\/caja0_0__container__\"><\/div>\n<\/div>\n<\/div>\n<div id=\"element-body-7\" class=\"sc-80531b6b-0 chRIGJ container-text text-embed\">\n<p>Como sea, este domingo se trat\u00f3 de\u00a0<strong>provincias chicas en cuanto a volumen electora<\/strong>l: solo Salta supera el 3% del padr\u00f3n nacional. Entre las cuatro suman poco menos del 9% del padr\u00f3n nacional, similar a la provincia de C\u00f3rdoba que es el segundo distrito nacional, luego de la provincia de Buenos Aires. Un rasgo com\u00fan a los comicios de este domingo fue la baja participaci\u00f3n, en torno al 60%, lo que deber\u00eda ser un llamado de atenci\u00f3n por el desinter\u00e9s y apat\u00eda de la gente.<\/p>\n<\/div>\n<div id=\"element-body-8\" class=\"sc-80531b6b-0 chRIGJ container-text text-embed\">\n<p>Estos comicios fueron el segundo turno en este a\u00f1o electoral, que se hab\u00eda abierto con las constituyentes de Santa Fe, donde los libertarios debieron conformarse con un lejano tercer puesto.<\/p>\n<\/div>\n<div id=\"element-body-9\" class=\"sc-80531b6b-0 chRIGJ container-text text-embed\">\n<p><strong>El pr\u00f3ximo domingo se viene un plato fuerte, las elecciones en la Ciudad de Buenos Aires.<\/strong><\/p>\n<\/div>\n<div class=\"sc-23e4af8c-7 cWXDCp bannerCollapse\">\n<div id=\"div-gpt-ad-caja1\" class=\"sc-d0f79270-0 lcvdWI lazyBanner\" data-google-query-id=\"COys2pP8nY0DFTuHYQYdkbgKlQ\">\n<div id=\"google_ads_iframe_\/242767168\/clarin\/politica\/nota\/caja1_0__container__\"><\/div>\n<\/div>\n<\/div>\n<div id=\"element-body-10\" class=\"sc-80531b6b-0 chRIGJ container-text text-embed\">\n<h2>Las pujas provinciales<\/h2>\n<\/div>\n<div id=\"element-body-11\" class=\"sc-80531b6b-0 chRIGJ container-text text-embed\">\n<p>En Salta, se renovaron 30 diputados y 12 senadores, adem\u00e1s de cargos municipales. Gracias a la Boleta Unica Electr\u00f3nica (que implant\u00f3 el entonces gobernador Juan Manuel Urtubey en 2009), el resultado salte\u00f1o se difundi\u00f3 y qued\u00f3 cerrado muy temprano.<\/p>\n<\/div>\n<div id=\"element-body-12\" class=\"sc-80531b6b-0 chRIGJ container-text text-embed\">\n<p>Trolls en X y funcionariado mileista salieron a instalar haber \u00abarrasado\u00bb en Salta, por el resultado en la capital provincial (fueron 5 puntos de diferencia entre Cornejo Avellaneda -candidato de La Libertad Avanza con el 35%, sobre Bernardo Biella, el postulante de S\u00e1enz, segundo con el 30,6%).<\/p>\n<\/div>\n<div id=\"element-body-13\" class=\"sc-80531b6b-0 chRIGJ container-text text-embed\">\n<p>Sin embargo, la alianza del gobernador S\u00e1enz<strong>\u00a0obtuvo un triunfo amplio a nivel provincial, tanto para senadores como para diputados, sosteniendo sus mayor\u00edas en la Legislatura.<\/strong><\/p>\n<\/div>\n<div class=\"sc-23e4af8c-7 cWXDCp bannerCollapse\">\n<div id=\"div-gpt-ad-inread4\" class=\"sc-d0f79270-0 lcvdWI lazyBanner\" data-google-query-id=\"CJSUn5T8nY0DFbdV3QIdH70idw\"><\/div>\n<\/div>\n<div id=\"element-body-14\" class=\"sc-80531b6b-0 chRIGJ container-text text-embed\">\n<p>En\u00a0<strong>Chaco<\/strong>, el gobernador radical Zdero, de Juntos por el Cambio, incorpor\u00f3 a su alianza electoral (que integra el PRO) al mileismo.\u00a0<strong>Logr\u00f3 el objetivo de frenar al PJ, que volvi\u00f3 a la carga con el dos veces gobernador Jorge Capitanich.<\/strong><\/p>\n<\/div>\n<div id=\"element-body-15\" class=\"sc-80531b6b-0 chRIGJ container-text text-embed\">\n<p>Con un sistema unicameral, Chaco renov\u00f3 la mitad de sus bancas en la legislatura provincial.<\/p>\n<\/div>\n<div id=\"element-body-16\" class=\"sc-80531b6b-0 chRIGJ container-text text-embed\">\n<p>En San Luis, se renovaron la mitad (22) de las bancas en Diputados, y 4 de 9 esca\u00f1os del Senado provincial. El gobernador Claudio Poggi ratific\u00f3 su holgado dominio provincial, sobre el peronismo aglutinado en torno al ex gobernador Alberto Rodr\u00edguez Sa\u00e1. Las dos listas libertarias blue -sin apoyo de la Rosada- quedaron relegadas lejos al tercero y cuarto lugar.<\/p>\n<\/div>\n<div class=\"sc-23e4af8c-7 cWXDCp bannerCollapse\"><\/div>\n<div id=\"element-body-17\" class=\"sc-80531b6b-0 chRIGJ container-text text-embed\">\n<p>En Jujuy, la alianza encabezada por el gobernador radical Sadir, Jujuy Crece -versi\u00f3n juje\u00f1a de Juntos por el Cambio-, le sac\u00f3 m\u00e1s de 15 puntos a los libertarios, de buen papel. La divisi\u00f3n del peronismo, muy relegado, y de los propios libertarios, lo favoreci\u00f3.<\/p>\n<\/div>\n<div class=\"sc-23e4af8c-7 cWXDCp bannerCollapse\">\n<div id=\"div-gpt-ad-caja2\" class=\"sc-d0f79270-0 lcvdWI lazyBanner\" data-google-query-id=\"CIzwspX8nY0DFUdU3QIdrtsCUg\">\n<div id=\"google_ads_iframe_\/242767168\/clarin\/politica\/nota\/caja2_0__container__\"><\/div>\n<\/div>\n<\/div>\n<\/div>\n<\/div>\n<\/article>\n<\/section>\n","protected":false},"excerpt":{"rendered":"<p>Triunfos oficialistas y retroceso del PJ en las elecciones en Jujuy, Salta, Chaco y San Luis En todos<\/p>\n","protected":false},"author":5,"featured_media":9695,"comment_status":"open","ping_status":"open","sticky":false,"template":"","format":"standard","meta":{"footnotes":""},"categories":[3,27],"tags":[3485,2565,697,1763,3483,757,3482,145,3484,3486,141],"class_list":["post-9694","post","type-post","status-publish","format-standard","has-post-thumbnail","hentry","category-nacionales","category-politica","tag-chaco","tag-claudio-poggi","tag-elecciones-2025","tag-gustavo-saenz","tag-jujuy","tag-la-libertad-avanza","tag-leandro-zdero","tag-peronismo","tag-salta","tag-san-luis","tag-ucr"],"featured_image_urls":{"full":["https:\/\/opinionpublica.com.ar\/index\/wp-content\/uploads\/2025\/05\/u6YbF7oi__600x600__1-gobernadores.jpg",600,600,false],"thumbnail":["https:\/\/opinionpublica.com.ar\/index\/wp-content\/uploads\/2025\/05\/u6YbF7oi__600x600__1-gobernadores-150x150.jpg",150,150,true],"medium":["https:\/\/opinionpublica.com.ar\/index\/wp-content\/uploads\/2025\/05\/u6YbF7oi__600x600__1-gobernadores-300x300.jpg",300,300,true],"medium_large":["https:\/\/opinionpublica.com.ar\/index\/wp-content\/uploads\/2025\/05\/u6YbF7oi__600x600__1-gobernadores.jpg",600,600,false],"large":["https:\/\/opinionpublica.com.ar\/index\/wp-content\/uploads\/2025\/05\/u6YbF7oi__600x600__1-gobernadores.jpg",600,600,false],"1536x1536":["https:\/\/opinionpublica.com.ar\/index\/wp-content\/uploads\/2025\/05\/u6YbF7oi__600x600__1-gobernadores.jpg",600,600,false],"2048x2048":["https:\/\/opinionpublica.com.ar\/index\/wp-content\/uploads\/2025\/05\/u6YbF7oi__600x600__1-gobernadores.jpg",600,600,false],"morenews-large":["https:\/\/opinionpublica.com.ar\/index\/wp-content\/uploads\/2025\/05\/u6YbF7oi__600x600__1-gobernadores-600x575.jpg",600,575,true],"morenews-medium":["https:\/\/opinionpublica.com.ar\/index\/wp-content\/uploads\/2025\/05\/u6YbF7oi__600x600__1-gobernadores-590x410.jpg",590,410,true]},"author_info":{"display_name":"Hal","author_link":"https:\/\/opinionpublica.com.ar\/index\/author\/hal\/"},"category_info":"<a href=\"https:\/\/opinionpublica.com.ar\/index\/category\/nacionales\/\" rel=\"category tag\">Nacionales<\/a> <a href=\"https:\/\/opinionpublica.com.ar\/index\/category\/politica\/\" rel=\"category tag\">Politica<\/a>","tag_info":"Politica","comment_count":"0","_links":{"self":[{"href":"https:\/\/opinionpublica.com.ar\/index\/wp-json\/wp\/v2\/posts\/9694","targetHints":{"allow":["GET"]}}],"collection":[{"href":"https:\/\/opinionpublica.com.ar\/index\/wp-json\/wp\/v2\/posts"}],"about":[{"href":"https:\/\/opinionpublica.com.ar\/index\/wp-json\/wp\/v2\/types\/post"}],"author":[{"embeddable":true,"href":"https:\/\/opinionpublica.com.ar\/index\/wp-json\/wp\/v2\/users\/5"}],"replies":[{"embeddable":true,"href":"https:\/\/opinionpublica.com.ar\/index\/wp-json\/wp\/v2\/comments?post=9694"}],"version-history":[{"count":2,"href":"https:\/\/opinionpublica.com.ar\/index\/wp-json\/wp\/v2\/posts\/9694\/revisions"}],"predecessor-version":[{"id":9699,"href":"https:\/\/opinionpublica.com.ar\/index\/wp-json\/wp\/v2\/posts\/9694\/revisions\/9699"}],"wp:featuredmedia":[{"embeddable":true,"href":"https:\/\/opinionpublica.com.ar\/index\/wp-json\/wp\/v2\/media\/9695"}],"wp:attachment":[{"href":"https:\/\/opinionpublica.com.ar\/index\/wp-json\/wp\/v2\/media?parent=9694"}],"wp:term":[{"taxonomy":"category","embeddable":true,"href":"https:\/\/opinionpublica.com.ar\/index\/wp-json\/wp\/v2\/categories?post=9694"},{"taxonomy":"post_tag","embeddable":true,"href":"https:\/\/opinionpublica.com.ar\/index\/wp-json\/wp\/v2\/tags?post=9694"}],"curies":[{"name":"wp","href":"https:\/\/api.w.org\/{rel}","templated":true}]}}