{"id":9700,"date":"2025-05-12T10:16:30","date_gmt":"2025-05-12T13:16:30","guid":{"rendered":"https:\/\/opinionpublica.com.ar\/index\/?p=9700"},"modified":"2025-05-12T10:16:30","modified_gmt":"2025-05-12T13:16:30","slug":"osef-quieren-que-la-fiesta-la-pague-el-afiliado","status":"publish","type":"post","link":"https:\/\/opinionpublica.com.ar\/index\/osef-quieren-que-la-fiesta-la-pague-el-afiliado\/","title":{"rendered":"OSEF: \u201cQUIEREN QUE LA FIESTA LA PAGUE EL AFILIADO\u201d"},"content":{"rendered":"<header class=\"entry-header\">\n<p class=\"entry-title\"><strong>OSEF: \u201cQUIEREN QUE LA FIESTA LA PAGUE EL AFILIADO\u201d<\/strong><\/p>\n<\/header>\n<div class=\"entry-content clearfix\">\n<p>La directora por los pasivos Patricia Blanco carg\u00f3 contra la pretensi\u00f3n del Tribunal de Cuentas de que los afiliados aporten m\u00e1s a la obra social. Dijo que ellos \u201copinan con los bolsillos llenos\u201d, porque ganan doce millones contra 800 \u00f3 900 mil pesos de un escalaf\u00f3n seco.<\/p>\n<p><a href=\"https:\/\/opinionpublica.com.ar\/index\/wp-content\/uploads\/2025\/05\/20221219101235_patricia-blanco.jpg\"><img fetchpriority=\"high\" decoding=\"async\" class=\"alignnone size-full wp-image-9701\" src=\"https:\/\/opinionpublica.com.ar\/index\/wp-content\/uploads\/2025\/05\/20221219101235_patricia-blanco.jpg\" alt=\"\" width=\"780\" height=\"446\" srcset=\"https:\/\/opinionpublica.com.ar\/index\/wp-content\/uploads\/2025\/05\/20221219101235_patricia-blanco.jpg 780w, https:\/\/opinionpublica.com.ar\/index\/wp-content\/uploads\/2025\/05\/20221219101235_patricia-blanco-300x172.jpg 300w, https:\/\/opinionpublica.com.ar\/index\/wp-content\/uploads\/2025\/05\/20221219101235_patricia-blanco-768x439.jpg 768w\" sizes=\"(max-width: 780px) 100vw, 780px\" \/><\/a><\/p>\n<p>Cuestion\u00f3 la falta de seriedad en el debate legislativo y fundamentalmente \u201cla hipocres\u00eda\u201d, porque est\u00e1n presentes referentes que ya pasaron por la OSEF, que sab\u00edan lo que ocurr\u00eda y no hicieron nada. Afirm\u00f3 que la obra social \u201ces una fiesta\u201d y pretenden que la pague el afiliado.<\/p>\n<p>R\u00edo Grande.- La directora por los pasivos de la caja de previsi\u00f3n Patricia Blanco carg\u00f3 contra la pretensi\u00f3n de aumentar los aportes a los afiliados, sugerida por el Tribunal de Cuentas, que \u201copina con los bolsillos llenos\u201d sobre el futuro de trabajadores que rondan los 800 \u00f3 900 mil pesos de salario.<\/p>\n<p>\u201cHay mucha hipocres\u00eda con el tema de la OSEF, desde el \u00e1mbito pol\u00edtico y desde el \u00e1mbito gremial, porque ellos tambi\u00e9n tienen sus representantes como los tienen dentro de la caja. No son sectores ajenos a lo que viene pasando desde hace rato y es lo mismo que pas\u00f3 con la caja de jubilaciones, cuando los jubilados and\u00e1bamos solos y la padec\u00edamos, como en los cuatro a\u00f1os del segundo mandato de R\u00edos. Despu\u00e9s vino el mandato de Bertone y hubo que ir al hueso, modificar la ley y enderezar el barco para que pudi\u00e9ramos cobrar, por supuesto perdiendo derechos, pero recuperamos el derecho de poder cobrar todos los meses\u201d, dijo por FM Aire Libre.<\/p>\n<p>\u201cEl sector gremial no desconoce el problema que tienen, porque los salarios siguen siendo bajos, hay un d\u00e9ficit tremendo en la obra social y parece que la \u00fanica soluci\u00f3n es aumentar los aportes. Pretenden que la gente vuelva a pagar la fiesta, porque es una fiesta lo que hay que pagar, como la pagamos nosotros. A nosotros tambi\u00e9n nos toc\u00f3 pagar la fiesta, la ineficiencia y la burocracia, y nadie se hac\u00eda cargo. \u00cdbamos al gobierno y nos pateaban a la Legislatura, que no nos daba explicaciones. Trabajaron cuatro a\u00f1os para no resolver nada, porque estuvimos cobrando con demoras de 40 d\u00edas y con amparos; y despu\u00e9s sacaron un paquete de leyes que nos revent\u00f3 a m\u00e1s de uno. Muchos volvimos a seguir aportando para la sustentabilidad del r\u00e9gimen y la clase pol\u00edtica no puede decir que desconoce esto y tampoco la parte gremial. Por eso digo que hay una hipocres\u00eda tremenda y otra vez quieren que la fiesta la pague el afiliado\u201d, cuestion\u00f3.<\/p>\n<p>Respecto del informe del Tribunal de Cuentas, que plantea entre otras medidas el aumento de aportes, critic\u00f3 \u201cque los miembros del Tribunal de Cuentas, que ganan doce o trece millones de pesos, vengan a opinar que un escalaf\u00f3n seco tiene que pagar m\u00e1s, cuando ganan 800 o 900 mil pesos. No estamos en la misma altura. Ellos opinan con el bolsillo lleno, no con el bolsillo vac\u00edo. P\u00e1guenla con la de ustedes, no con la nuestra, porque otra vez somos nosotros los que la volvemos a pagar\u201d, reclam\u00f3.<\/p>\n<p><a href=\"https:\/\/opinionpublica.com.ar\/index\/wp-content\/uploads\/2025\/05\/20240404122620_photo_2024_04_04_12_26_04-cps-caja-prevision-social.jpg\"><img decoding=\"async\" class=\"alignnone size-full wp-image-9702\" src=\"https:\/\/opinionpublica.com.ar\/index\/wp-content\/uploads\/2025\/05\/20240404122620_photo_2024_04_04_12_26_04-cps-caja-prevision-social.jpg\" alt=\"\" width=\"780\" height=\"440\" srcset=\"https:\/\/opinionpublica.com.ar\/index\/wp-content\/uploads\/2025\/05\/20240404122620_photo_2024_04_04_12_26_04-cps-caja-prevision-social.jpg 780w, https:\/\/opinionpublica.com.ar\/index\/wp-content\/uploads\/2025\/05\/20240404122620_photo_2024_04_04_12_26_04-cps-caja-prevision-social-300x169.jpg 300w, https:\/\/opinionpublica.com.ar\/index\/wp-content\/uploads\/2025\/05\/20240404122620_photo_2024_04_04_12_26_04-cps-caja-prevision-social-768x433.jpg 768w\" sizes=\"(max-width: 780px) 100vw, 780px\" \/><\/a><\/p>\n<p>\u201cTodos ve\u00edan lo que pasaba en la obra social y todos miraban para el costado. Es lo mismo que hicieron con nosotros: sacaron leyes que nos segu\u00edan perjudicando y ellos mientras tanto segu\u00edan beneficiando a los amigos, a los jueces. El problema de OSEF lo saben desde hace tiempo, lo que pasa es que ahora se tienen que hacer cargo\u201d, expres\u00f3.<\/p>\n<p>&nbsp;<\/p>\n<p><strong>Tomasevich con nuevo equipo<\/strong><\/p>\n<p>Tambi\u00e9n se la consult\u00f3 sobre el plebiscito vinculante del SUTEF, que se llev\u00f3 a cabo el 6 y 7 de este mes, tras lo cual se decidi\u00f3 remover al equipo del director por los docentes Franco Tomasevich, pero sostenerlo en el cargo, teniendo en cuenta la cantidad de nombramientos, entre ellos el de su pareja. \u201cNosotros en la caja de previsi\u00f3n somos dos vocales, una por los pasivos y otra por los activos, que es del SUTEF. Nosotros pusimos a trabajar a una secretaria, que es una persona de confianza nuestra. Hay una para los activos y una para los pasivos y esa es toda la estructura. Nosotros no nos metimos en el tema de personal y yo no negocio con nadie para meter gente en la caja, y la vocal de los activos tampoco. A m\u00ed el jubilado no me eligi\u00f3 para eso, sino para cuidar sus intereses, no para negociar con el Ejecutivo o con los gremios a qui\u00e9n pongo y a qui\u00e9n saco. Est\u00e1n equivocados, porque la gente no los eligi\u00f3 para eso, la gente te elige para que defiendas sus derechos y la salud es un derecho\u201d, subray\u00f3.<\/p>\n<p>\u201cTodos ah\u00ed adentro sab\u00edan lo que estaba pasando y todos tienen parte de culpa, no s\u00f3lo el poder pol\u00edtico. Por supuesto que quien gobierna tiene que garantizar salud, educaci\u00f3n y seguridad, que es lo b\u00e1sico que dice la Constituci\u00f3n. Para garantizarlo tienen que tener una buena administraci\u00f3n y se tiene que trabajar en serio. No puede ser que no tengamos una farmacia, porque la farmacia nuestra no tiene nada. La gente no puede seguir esperando y el tema de salud es ayer, no dentro de tres o cuatro meses\u201d, manifest\u00f3.<\/p>\n<p>\u201cEs un a\u00f1o donde hay elecciones para diputados y senadores, tambi\u00e9n elecciones de la caja y de la obra social, y parece que se acuerdan de los problemas de la sociedad cuando llegan las elecciones. Que no sean hip\u00f3critas\u201d, pidi\u00f3 la directora.<\/p>\n<p>Para Blanco \u201cla salida es elegir gente que trabaje en serio, con compromiso y con convicciones, y que no se venda por dos mangos. A m\u00ed nadie me va a convencer de nada, porque desde el 2013 estuve en la calle y me ofrecieron 20 mil cosas para dejar de luchar, pero nunca lo acept\u00e9 porque va en contra de mis principios\u201d.<\/p>\n<p>&nbsp;<\/p>\n<p><strong>Debate en comisi\u00f3n<\/strong><\/p>\n<p>Consultada sobre el debate que se viene desarrollando en las comisiones de la Legislatura, volvi\u00f3 a plantear la hipocres\u00eda de algunos que participan y cuestion\u00f3 que no se convoque a profesionales que entienden de la gesti\u00f3n de salud. \u201cYo nunca me quise meter mucho en el tema de OSEF porque no soy experta, pero vi el otro d\u00eda en la Legislatura una mesa con gente donde no hab\u00eda profesionales de la salud. Estaban los legisladores, algunos quieren ser diputados o senadores, otros que quieren ser vocales, y no llaman a la gente que entiende del tema de salud, no convocan a los profesionales y no aceptan que vaya un profesional que no tenga nada que ver con nadie, para dar una opini\u00f3n. Eso les puede ayudar a abrir la cabeza y resolver el problema\u201d, asegur\u00f3.<\/p>\n<p>\u201cLo que tienen que tener en cuenta es que en el mientras tanto hay gente que est\u00e1 padeciendo. Es hora de que se dejen de joder y lo mismo dec\u00edamos nosotros cuando ten\u00edamos problemas y no cobr\u00e1bamos. Ahora parece que todos tienen la soluci\u00f3n, pero cuando estuvieron no la aplicaron. Muchos de los que participan en las reuniones de comisi\u00f3n fueron parte de OSEF y no hicieron las cosas bien para no llegar a esto. El afiliado tiene que andar llorando por los rincones porque no sabe si lo van a atender, si lo van a derivar, si le van a pagar la ayuda econ\u00f3mica. Es una verg\u00fcenza 4.000 pesos de ayuda econ\u00f3mica para una persona que est\u00e1 con c\u00e1ncer\u201d, plante\u00f3.<\/p>\n<p>\u201cNosotros logramos una salida a costa de vidas, y yo cargo un muerto en mi espalda, que no era ni jubilado de la caja ni afiliado a la OSEF, que era mi marido. Con todo lo que viv\u00edamos en la calle con la lucha, \u00e9l termin\u00f3 muri\u00e9ndose, como muchos jubilados que se infartaron y se murieron. Por eso digo que hay que tener memoria. Hay que tener memoria porque ac\u00e1 hay gente que se sienta en la mesa de la Legislatura que perdi\u00f3 la memoria. Cuando fueron autoridades de OSEF no hicieron lo que ten\u00edan que hacer\u201d, reproch\u00f3.<\/p>\n<p>De los legisladores opin\u00f3 que \u201cyo no los veo comprometidos para resolver. Cu\u00e1nto hace que se est\u00e1n reuniendo y qu\u00e9 resolvieron \u2013se pregunt\u00f3-. Vino a hablar uno de Mendoza a explicar lo que es la salud, las prepagas, las obras sociales, pero eso no le resuelve el problema a la gente que va a la farmacia y no encuentra un remedio. Lo que tienen que hacer es urgente y que lo hagan. Yo quiero saber qui\u00e9n va a pagar el costo pol\u00edtico de esto, porque a Bertone le toc\u00f3 pagar el costo pol\u00edtico de lo que pas\u00f3 en la caja, lo pag\u00f3 R\u00edos y lo pag\u00f3 Bertone. Este costo pol\u00edtico de ahora tambi\u00e9n lo va a tener que pagar alguien, porque gratis no es. Nadie se va de la mesa sin pagar. En el medio hay gente y la gente no tiene por qu\u00e9 sufrir la inoperancia de quienes dirigen la obra social\u201d, concluy\u00f3.<\/p>\n<\/div>\n","protected":false},"excerpt":{"rendered":"<p>OSEF: \u201cQUIEREN QUE LA FIESTA LA PAGUE EL AFILIADO\u201d La directora por los pasivos Patricia Blanco carg\u00f3 contra<\/p>\n","protected":false},"author":5,"featured_media":9701,"comment_status":"open","ping_status":"open","sticky":false,"template":"","format":"standard","meta":{"footnotes":""},"categories":[2],"tags":[304,317,1937],"class_list":["post-9700","post","type-post","status-publish","format-standard","has-post-thumbnail","hentry","category-tierra-del-fuego","tag-crisis","tag-osef","tag-patricia-blanco"],"featured_image_urls":{"full":["https:\/\/opinionpublica.com.ar\/index\/wp-content\/uploads\/2025\/05\/20221219101235_patricia-blanco.jpg",780,446,false],"thumbnail":["https:\/\/opinionpublica.com.ar\/index\/wp-content\/uploads\/2025\/05\/20221219101235_patricia-blanco-150x150.jpg",150,150,true],"medium":["https:\/\/opinionpublica.com.ar\/index\/wp-content\/uploads\/2025\/05\/20221219101235_patricia-blanco-300x172.jpg",300,172,true],"medium_large":["https:\/\/opinionpublica.com.ar\/index\/wp-content\/uploads\/2025\/05\/20221219101235_patricia-blanco-768x439.jpg",640,366,true],"large":["https:\/\/opinionpublica.com.ar\/index\/wp-content\/uploads\/2025\/05\/20221219101235_patricia-blanco.jpg",640,366,false],"1536x1536":["https:\/\/opinionpublica.com.ar\/index\/wp-content\/uploads\/2025\/05\/20221219101235_patricia-blanco.jpg",780,446,false],"2048x2048":["https:\/\/opinionpublica.com.ar\/index\/wp-content\/uploads\/2025\/05\/20221219101235_patricia-blanco.jpg",780,446,false],"morenews-large":["https:\/\/opinionpublica.com.ar\/index\/wp-content\/uploads\/2025\/05\/20221219101235_patricia-blanco.jpg",780,446,false],"morenews-medium":["https:\/\/opinionpublica.com.ar\/index\/wp-content\/uploads\/2025\/05\/20221219101235_patricia-blanco-590x410.jpg",590,410,true]},"author_info":{"display_name":"Hal","author_link":"https:\/\/opinionpublica.com.ar\/index\/author\/hal\/"},"category_info":"<a href=\"https:\/\/opinionpublica.com.ar\/index\/category\/tierra-del-fuego\/\" rel=\"category tag\">Tierra del Fuego<\/a>","tag_info":"Tierra del Fuego","comment_count":"0","_links":{"self":[{"href":"https:\/\/opinionpublica.com.ar\/index\/wp-json\/wp\/v2\/posts\/9700","targetHints":{"allow":["GET"]}}],"collection":[{"href":"https:\/\/opinionpublica.com.ar\/index\/wp-json\/wp\/v2\/posts"}],"about":[{"href":"https:\/\/opinionpublica.com.ar\/index\/wp-json\/wp\/v2\/types\/post"}],"author":[{"embeddable":true,"href":"https:\/\/opinionpublica.com.ar\/index\/wp-json\/wp\/v2\/users\/5"}],"replies":[{"embeddable":true,"href":"https:\/\/opinionpublica.com.ar\/index\/wp-json\/wp\/v2\/comments?post=9700"}],"version-history":[{"count":1,"href":"https:\/\/opinionpublica.com.ar\/index\/wp-json\/wp\/v2\/posts\/9700\/revisions"}],"predecessor-version":[{"id":9703,"href":"https:\/\/opinionpublica.com.ar\/index\/wp-json\/wp\/v2\/posts\/9700\/revisions\/9703"}],"wp:featuredmedia":[{"embeddable":true,"href":"https:\/\/opinionpublica.com.ar\/index\/wp-json\/wp\/v2\/media\/9701"}],"wp:attachment":[{"href":"https:\/\/opinionpublica.com.ar\/index\/wp-json\/wp\/v2\/media?parent=9700"}],"wp:term":[{"taxonomy":"category","embeddable":true,"href":"https:\/\/opinionpublica.com.ar\/index\/wp-json\/wp\/v2\/categories?post=9700"},{"taxonomy":"post_tag","embeddable":true,"href":"https:\/\/opinionpublica.com.ar\/index\/wp-json\/wp\/v2\/tags?post=9700"}],"curies":[{"name":"wp","href":"https:\/\/api.w.org\/{rel}","templated":true}]}}