{"id":9711,"date":"2025-05-12T10:56:00","date_gmt":"2025-05-12T13:56:00","guid":{"rendered":"https:\/\/opinionpublica.com.ar\/index\/?p=9711"},"modified":"2025-05-12T10:56:00","modified_gmt":"2025-05-12T13:56:00","slug":"eeuu-proyecta-en-ushuaia-una-base-logistica-para-sus-submarinos-nucleares","status":"publish","type":"post","link":"https:\/\/opinionpublica.com.ar\/index\/eeuu-proyecta-en-ushuaia-una-base-logistica-para-sus-submarinos-nucleares\/","title":{"rendered":"EEUU proyecta en Ushuaia una base log\u00edstica para sus submarinos nucleares"},"content":{"rendered":"<section class=\"elementor-section elementor-top-section elementor-element elementor-element-0861e4f elementor-section-boxed elementor-section-height-default elementor-section-height-default\" data-id=\"0861e4f\" data-element_type=\"section\">\n<div class=\"elementor-container elementor-column-gap-default\">\n<div class=\"elementor-row\">\n<div class=\"elementor-column elementor-col-100 elementor-top-column elementor-element elementor-element-43b1334\" data-id=\"43b1334\" data-element_type=\"column\">\n<div class=\"elementor-column-wrap elementor-element-populated\">\n<div class=\"elementor-widget-wrap\">\n<div class=\"elementor-element elementor-element-4e7a5ac elementor-widget elementor-widget-theme-post-title elementor-page-title elementor-widget-heading\" data-id=\"4e7a5ac\" data-element_type=\"widget\" data-widget_type=\"theme-post-title.default\">\n<div class=\"elementor-widget-container\">\n<p class=\"elementor-heading-title elementor-size-default\"><strong>EEUU proyecta en Ushuaia una base log\u00edstica para sus submarinos nucleares<\/strong><\/p>\n<\/div>\n<\/div>\n<\/div>\n<\/div>\n<\/div>\n<\/div>\n<\/div>\n<\/section>\n<section class=\"elementor-section elementor-top-section elementor-element elementor-element-640466e elementor-section-boxed elementor-section-height-default elementor-section-height-default\" data-id=\"640466e\" data-element_type=\"section\">\n<div class=\"elementor-container elementor-column-gap-default\">\n<div class=\"elementor-row\">\n<div class=\"elementor-column elementor-col-100 elementor-top-column elementor-element elementor-element-2d4a842\" data-id=\"2d4a842\" data-element_type=\"column\">\n<div class=\"elementor-column-wrap elementor-element-populated\">\n<div class=\"elementor-widget-wrap\">\n<div class=\"elementor-element elementor-element-ff1c4ba elementor-widget elementor-widget-theme-post-content\" data-id=\"ff1c4ba\" data-element_type=\"widget\" data-widget_type=\"theme-post-content.default\">\n<div class=\"elementor-widget-container\">\n<p>El Ejecutivo nacional busca cerrar un acuerdo t\u00e9cnico para que ingenieros de la Armada norteamericana puedan trabajar en la planificaci\u00f3n de la nueva Base Naval Integrada, en forma conjunta con profesionales argentinos.<\/p>\n<p><em>El Gobierno trabaja en la hoja de ruta de un acuerdo de cooperaci\u00f3n militar con los Estados Unidos. Seg\u00fan publica la prensa nacional los planos para el comienzo de la obra ya est\u00e1n listos, pero como no hay avances materiales por falta de presupuesto, los fondos provendr\u00edan de Washington.<\/em><span id=\"more-111333\"><\/span><\/p>\n<p><a href=\"https:\/\/opinionpublica.com.ar\/index\/wp-content\/uploads\/2025\/05\/20240812150440_tikuna-submarino.jpg\"><img fetchpriority=\"high\" decoding=\"async\" class=\"alignnone size-full wp-image-9712\" src=\"https:\/\/opinionpublica.com.ar\/index\/wp-content\/uploads\/2025\/05\/20240812150440_tikuna-submarino.jpg\" alt=\"\" width=\"880\" height=\"506\" srcset=\"https:\/\/opinionpublica.com.ar\/index\/wp-content\/uploads\/2025\/05\/20240812150440_tikuna-submarino.jpg 880w, https:\/\/opinionpublica.com.ar\/index\/wp-content\/uploads\/2025\/05\/20240812150440_tikuna-submarino-300x173.jpg 300w, https:\/\/opinionpublica.com.ar\/index\/wp-content\/uploads\/2025\/05\/20240812150440_tikuna-submarino-768x442.jpg 768w\" sizes=\"(max-width: 880px) 100vw, 880px\" \/><\/a><br \/>\nEl Gobierno argentino avanza en un entendimiento estrat\u00e9gico con Estados Unidos para que submarinos de ese pa\u00eds puedan utilizar la Base Naval Integrada de Ushuaia, actualmente en construcci\u00f3n, como punto de abastecimiento y mantenimiento. La iniciativa forma parte de una hoja de ruta m\u00e1s amplia que incluye cooperaci\u00f3n t\u00e9cnica, acuerdos de defensa y una proyecci\u00f3n geopol\u00edtica en el Atl\u00e1ntico Sur.<\/p>\n<p>Seg\u00fan una investigaci\u00f3n publicada por el canal TN, el proyecto prev\u00e9 una colaboraci\u00f3n directa entre ingenieros de la Armada estadounidense y autoridades militares argentinas para el desarrollo de infraestructura en la capital fueguina. El dise\u00f1o de los planos ya est\u00e1 finalizado, aunque no hubo avances materiales por falta de asignaci\u00f3n presupuestaria en 2024. El Ejecutivo incluy\u00f3 fondos para el proyecto en el Presupuesto 2025, pero su aprobaci\u00f3n qued\u00f3 en suspenso por la pr\u00f3rroga de la ley anterior.<\/p>\n<p>En el marco de estas negociaciones, el jefe del Comando Sur de los Estados Unidos, Alvin Holsey, visit\u00f3 recientemente la Base Naval de Ushuaia tras reunirse en Buenos Aires con el presidente Javier Milei. Durante su paso por Tierra del Fuego, Holsey remarc\u00f3 la importancia estrat\u00e9gica de la ubicaci\u00f3n para \u201cla protecci\u00f3n de rutas mar\u00edtimas vitales para el comercio global\u201d, un mensaje que refuerza la l\u00f3gica de cooperaci\u00f3n bilateral en la regi\u00f3n.<\/p>\n<p>Fuentes castrenses consultadas por el medio porte\u00f1o admitieron que los acuerdos militares de esta magnitud suelen implicar cesiones rec\u00edprocas. Citaron como ejemplo la base de Rota, en Espa\u00f1a, donde Estados Unidos tiene un sector de uso exclusivo con acceso al Mediterr\u00e1neo. En el caso argentino, cualquier presencia activa de tropas extranjeras requerir\u00eda previamente la aprobaci\u00f3n de una ley en el Congreso.<\/p>\n<p>El Gobierno, por su parte, no descarta la posibilidad de que la base de Ushuaia tenga un rol clave en la log\u00edstica de submarinos estadounidenses. Una versi\u00f3n que circul\u00f3 en torno a la visita de Holsey sugiere que el alto mando norteamericano manifest\u00f3 su inter\u00e9s en instalar este tipo de unidades en el sur del continente. Si bien la Casa Rosada no lo confirm\u00f3 oficialmente, tampoco lo desminti\u00f3, y contin\u00faa fortaleciendo los v\u00ednculos con el pa\u00eds del norte.<\/p>\n<p>El acuerdo se inscribe tambi\u00e9n en una estrategia m\u00e1s amplia que incluye el inter\u00e9s argentino en ingresar formalmente a la Organizaci\u00f3n del Tratado del Atl\u00e1ntico Norte (OTAN) como miembro extra.<\/p>\n<p>En paralelo, el Ejecutivo eval\u00faa la reactivaci\u00f3n del radar de la empresa LeoLabs, ubicado en Tolhuin, como otra de las condiciones que EEUU estar\u00eda imponiendo para prestar colaboraci\u00f3n t\u00e9cnica y econ\u00f3mica para la concreci\u00f3n de la Base Naval Integrada en Ushuaia.<\/p>\n<p>Cabe destacarse que la base en Ushuaia no solo representa una plataforma de defensa en el extremo sur del continente, sino tambi\u00e9n un punto clave en la proyecci\u00f3n ant\u00e1rtica argentina. La Casa Rosada apunta a fortalecer la presencia nacional en el pasaje bioce\u00e1nico de Drake \u2014una v\u00eda mar\u00edtima estrat\u00e9gica entre Am\u00e9rica del Sur y la Ant\u00e1rtida\u2014, en un contexto de creciente actividad comercial y competencia por la influencia en la regi\u00f3n, donde confluyen intereses brit\u00e1nicos, chilenos y ahora tambi\u00e9n norteamericanos.<\/p>\n<p>El avance de estos acuerdos y el eventual desembarco de submarinos estadounidenses en Ushuaia se dan en un marco global cada vez m\u00e1s tenso, con Estados Unidos interesado en evitar el avance de China en Am\u00e9rica Latina y en asegurar posiciones clave en regiones de valor geopol\u00edtico.<\/p>\n<\/div>\n<\/div>\n<\/div>\n<\/div>\n<\/div>\n<\/div>\n<\/div>\n<\/section>\n","protected":false},"excerpt":{"rendered":"<p>EEUU proyecta en Ushuaia una base log\u00edstica para sus submarinos nucleares El Ejecutivo nacional busca cerrar un acuerdo<\/p>\n","protected":false},"author":5,"featured_media":9712,"comment_status":"open","ping_status":"open","sticky":false,"template":"","format":"standard","meta":{"footnotes":""},"categories":[2,21],"tags":[3444,714],"class_list":["post-9711","post","type-post","status-publish","format-standard","has-post-thumbnail","hentry","category-tierra-del-fuego","category-ushuaia","tag-base-naval-integrada","tag-submarino"],"featured_image_urls":{"full":["https:\/\/opinionpublica.com.ar\/index\/wp-content\/uploads\/2025\/05\/20240812150440_tikuna-submarino.jpg",880,506,false],"thumbnail":["https:\/\/opinionpublica.com.ar\/index\/wp-content\/uploads\/2025\/05\/20240812150440_tikuna-submarino-150x150.jpg",150,150,true],"medium":["https:\/\/opinionpublica.com.ar\/index\/wp-content\/uploads\/2025\/05\/20240812150440_tikuna-submarino-300x173.jpg",300,173,true],"medium_large":["https:\/\/opinionpublica.com.ar\/index\/wp-content\/uploads\/2025\/05\/20240812150440_tikuna-submarino-768x442.jpg",640,368,true],"large":["https:\/\/opinionpublica.com.ar\/index\/wp-content\/uploads\/2025\/05\/20240812150440_tikuna-submarino.jpg",640,368,false],"1536x1536":["https:\/\/opinionpublica.com.ar\/index\/wp-content\/uploads\/2025\/05\/20240812150440_tikuna-submarino.jpg",880,506,false],"2048x2048":["https:\/\/opinionpublica.com.ar\/index\/wp-content\/uploads\/2025\/05\/20240812150440_tikuna-submarino.jpg",880,506,false],"morenews-large":["https:\/\/opinionpublica.com.ar\/index\/wp-content\/uploads\/2025\/05\/20240812150440_tikuna-submarino-825x506.jpg",825,506,true],"morenews-medium":["https:\/\/opinionpublica.com.ar\/index\/wp-content\/uploads\/2025\/05\/20240812150440_tikuna-submarino-590x410.jpg",590,410,true]},"author_info":{"display_name":"Hal","author_link":"https:\/\/opinionpublica.com.ar\/index\/author\/hal\/"},"category_info":"<a href=\"https:\/\/opinionpublica.com.ar\/index\/category\/tierra-del-fuego\/\" rel=\"category tag\">Tierra del Fuego<\/a> <a href=\"https:\/\/opinionpublica.com.ar\/index\/category\/ushuaia\/\" rel=\"category tag\">Ushuaia<\/a>","tag_info":"Ushuaia","comment_count":"0","_links":{"self":[{"href":"https:\/\/opinionpublica.com.ar\/index\/wp-json\/wp\/v2\/posts\/9711","targetHints":{"allow":["GET"]}}],"collection":[{"href":"https:\/\/opinionpublica.com.ar\/index\/wp-json\/wp\/v2\/posts"}],"about":[{"href":"https:\/\/opinionpublica.com.ar\/index\/wp-json\/wp\/v2\/types\/post"}],"author":[{"embeddable":true,"href":"https:\/\/opinionpublica.com.ar\/index\/wp-json\/wp\/v2\/users\/5"}],"replies":[{"embeddable":true,"href":"https:\/\/opinionpublica.com.ar\/index\/wp-json\/wp\/v2\/comments?post=9711"}],"version-history":[{"count":1,"href":"https:\/\/opinionpublica.com.ar\/index\/wp-json\/wp\/v2\/posts\/9711\/revisions"}],"predecessor-version":[{"id":9713,"href":"https:\/\/opinionpublica.com.ar\/index\/wp-json\/wp\/v2\/posts\/9711\/revisions\/9713"}],"wp:featuredmedia":[{"embeddable":true,"href":"https:\/\/opinionpublica.com.ar\/index\/wp-json\/wp\/v2\/media\/9712"}],"wp:attachment":[{"href":"https:\/\/opinionpublica.com.ar\/index\/wp-json\/wp\/v2\/media?parent=9711"}],"wp:term":[{"taxonomy":"category","embeddable":true,"href":"https:\/\/opinionpublica.com.ar\/index\/wp-json\/wp\/v2\/categories?post=9711"},{"taxonomy":"post_tag","embeddable":true,"href":"https:\/\/opinionpublica.com.ar\/index\/wp-json\/wp\/v2\/tags?post=9711"}],"curies":[{"name":"wp","href":"https:\/\/api.w.org\/{rel}","templated":true}]}}