{"id":9714,"date":"2025-05-12T19:14:36","date_gmt":"2025-05-12T22:14:36","guid":{"rendered":"https:\/\/opinionpublica.com.ar\/index\/?p=9714"},"modified":"2025-05-12T19:14:36","modified_gmt":"2025-05-12T22:14:36","slug":"mas-de-300-personas-participaron-en-las-actividades-del-fin-de-semana-del-par","status":"publish","type":"post","link":"https:\/\/opinionpublica.com.ar\/index\/mas-de-300-personas-participaron-en-las-actividades-del-fin-de-semana-del-par\/","title":{"rendered":"M\u00e1s de 300 personas participaron en las actividades del fin de semana del PAR"},"content":{"rendered":"<p><strong>M\u00e1s de 300 personas participaron en las actividades del fin de semana del PAR<\/strong><\/p>\n<p>Durante el pasado fin de semana, la sede del PAR en Ushuaia fue escenario de m\u00faltiples actividades que convocaron a m\u00e1s de 300 personas, consolidando a este espacio como un nuevo punto de encuentro para la comunidad.<\/p>\n<p><a href=\"https:\/\/opinionpublica.com.ar\/index\/wp-content\/uploads\/2025\/05\/eab1b116-359a-4f7d-9af5-239f4463e834-par-3-1.jpg\"><img fetchpriority=\"high\" decoding=\"async\" class=\"alignnone size-full wp-image-9720\" src=\"https:\/\/opinionpublica.com.ar\/index\/wp-content\/uploads\/2025\/05\/eab1b116-359a-4f7d-9af5-239f4463e834-par-3-1.jpg\" alt=\"\" width=\"899\" height=\"990\" srcset=\"https:\/\/opinionpublica.com.ar\/index\/wp-content\/uploads\/2025\/05\/eab1b116-359a-4f7d-9af5-239f4463e834-par-3-1.jpg 899w, https:\/\/opinionpublica.com.ar\/index\/wp-content\/uploads\/2025\/05\/eab1b116-359a-4f7d-9af5-239f4463e834-par-3-1-272x300.jpg 272w, https:\/\/opinionpublica.com.ar\/index\/wp-content\/uploads\/2025\/05\/eab1b116-359a-4f7d-9af5-239f4463e834-par-3-1-768x846.jpg 768w\" sizes=\"(max-width: 899px) 100vw, 899px\" \/><\/a><\/p>\n<p>Nahuel Gim\u00e9nez, referente de las mesas t\u00e9cnicas del PAR, destac\u00f3: \u201cEste joven espacio se est\u00e1 convirtiendo en un eje de actividades en nuestra ciudad. Contamos con una agenda variada que incluye no solo a vecinos de Ushuaia, sino tambi\u00e9n a participantes de toda la provincia. Y seguimos sumando propuestas\u201d.<\/p>\n<p>El s\u00e1bado se llev\u00f3 a cabo la charla motivacional \u201cTu camino al \u00e9xito\u201d, a cargo del Dr. Pablo Mart\u00edn Rossi, autor del libro \u201cAdicciones, un camino con salida\u201d. Con total honestidad y sensibilidad, Rossi comparti\u00f3 su historia de vida: su lucha contra las adicciones, el proceso de recuperaci\u00f3n y c\u00f3mo logr\u00f3 transformar su mayor dolor en prop\u00f3sito. M\u00e1s de 150 j\u00f3venes asistieron al encuentro, en el que se gener\u00f3 un clima de escucha e inspiraci\u00f3n. El mensaje fue claro: nunca es tarde para buscar ayuda y construir un futuro distinto.<\/p>\n<p><a href=\"https:\/\/opinionpublica.com.ar\/index\/wp-content\/uploads\/2025\/05\/9c84e775-2abc-4159-aa00-d560a2c9c5ed-par-4-1.jpg\"><img decoding=\"async\" class=\"alignnone size-full wp-image-9719\" src=\"https:\/\/opinionpublica.com.ar\/index\/wp-content\/uploads\/2025\/05\/9c84e775-2abc-4159-aa00-d560a2c9c5ed-par-4-1.jpg\" alt=\"\" width=\"1280\" height=\"719\" srcset=\"https:\/\/opinionpublica.com.ar\/index\/wp-content\/uploads\/2025\/05\/9c84e775-2abc-4159-aa00-d560a2c9c5ed-par-4-1.jpg 1280w, https:\/\/opinionpublica.com.ar\/index\/wp-content\/uploads\/2025\/05\/9c84e775-2abc-4159-aa00-d560a2c9c5ed-par-4-1-300x169.jpg 300w, https:\/\/opinionpublica.com.ar\/index\/wp-content\/uploads\/2025\/05\/9c84e775-2abc-4159-aa00-d560a2c9c5ed-par-4-1-1024x575.jpg 1024w, https:\/\/opinionpublica.com.ar\/index\/wp-content\/uploads\/2025\/05\/9c84e775-2abc-4159-aa00-d560a2c9c5ed-par-4-1-768x431.jpg 768w\" sizes=\"(max-width: 1280px) 100vw, 1280px\" \/><\/a><\/p>\n<p>Los asistentes pudieron dialogar directamente con el Dr. Rossi, realizar preguntas y llevarse herramientas valiosas para su vida personal. Hoy, Pablo dirige su propia fundaci\u00f3n y desarrolla capacitaciones a trav\u00e9s de Reducativa 21, demostrando que el cambio real es posible.<\/p>\n<p>El domingo fue el turno del deporte y la estrategia con el Torneo Provincial de Ajedrez \u201cGran Prix Integraci\u00f3n Crossover\u201d, organizado por el equipo de Deporte y Juventud del PAR, liderado por Ramiro Alioto, junto con Ricardo Luna. La competencia reuni\u00f3 a ni\u00f1os y j\u00f3venes ajedrecistas de entre 10 y 18 a\u00f1os, provenientes de diferentes localidades de Tierra del Fuego, Ant\u00e1rtida e Islas del Atl\u00e1ntico Sur.<\/p>\n<p><a href=\"https:\/\/opinionpublica.com.ar\/index\/wp-content\/uploads\/2025\/05\/e2a96214-b6e4-4b21-a0a8-9dd340503a14-par-1.jpg\"><img decoding=\"async\" class=\"alignnone size-full wp-image-9722\" src=\"https:\/\/opinionpublica.com.ar\/index\/wp-content\/uploads\/2025\/05\/e2a96214-b6e4-4b21-a0a8-9dd340503a14-par-1.jpg\" alt=\"\" width=\"1280\" height=\"708\" srcset=\"https:\/\/opinionpublica.com.ar\/index\/wp-content\/uploads\/2025\/05\/e2a96214-b6e4-4b21-a0a8-9dd340503a14-par-1.jpg 1280w, https:\/\/opinionpublica.com.ar\/index\/wp-content\/uploads\/2025\/05\/e2a96214-b6e4-4b21-a0a8-9dd340503a14-par-1-300x166.jpg 300w, https:\/\/opinionpublica.com.ar\/index\/wp-content\/uploads\/2025\/05\/e2a96214-b6e4-4b21-a0a8-9dd340503a14-par-1-1024x566.jpg 1024w, https:\/\/opinionpublica.com.ar\/index\/wp-content\/uploads\/2025\/05\/e2a96214-b6e4-4b21-a0a8-9dd340503a14-par-1-768x425.jpg 768w\" sizes=\"(max-width: 1280px) 100vw, 1280px\" \/><\/a><\/p>\n<p>Una madre participante expres\u00f3: \u201cEstamos felices de haber podido ser parte de este evento, el primero de una serie que vamos a seguir realizando. Salimos a las 5 de la ma\u00f1ana en caravana desde R\u00edo Grande. La jornada fue un verdadero espacio de encuentro, concentraci\u00f3n y compa\u00f1erismo, donde el deporte y el pensamiento estrat\u00e9gico fueron protagonistas\u201d.<\/p>\n<p>Del torneo participaron activamente clubes y entidades fundamentales para el desarrollo del ajedrez en la provincia, como Ushuaia Jaque, Ushuaia Jaque M\u00e1tete, la Academia de Ajedrez de Ushuaia y la Federaci\u00f3n de Ajedrez de Tierra del Fuego.<\/p>\n","protected":false},"excerpt":{"rendered":"<p>M\u00e1s de 300 personas participaron en las actividades del fin de semana del PAR Durante el pasado fin<\/p>\n","protected":false},"author":5,"featured_media":9721,"comment_status":"open","ping_status":"open","sticky":false,"template":"","format":"standard","meta":{"footnotes":""},"categories":[21],"tags":[1916,1925,3334],"class_list":["post-9714","post","type-post","status-publish","format-standard","has-post-thumbnail","hentry","category-ushuaia","tag-nahuel-gimenez","tag-par","tag-partido-arraigo-y-renovacion"],"featured_image_urls":{"full":["https:\/\/opinionpublica.com.ar\/index\/wp-content\/uploads\/2025\/05\/0d1630a6-7e5f-4808-a27a-63f2d921f7ac-par-2.jpg",1280,718,false],"thumbnail":["https:\/\/opinionpublica.com.ar\/index\/wp-content\/uploads\/2025\/05\/0d1630a6-7e5f-4808-a27a-63f2d921f7ac-par-2-150x150.jpg",150,150,true],"medium":["https:\/\/opinionpublica.com.ar\/index\/wp-content\/uploads\/2025\/05\/0d1630a6-7e5f-4808-a27a-63f2d921f7ac-par-2-300x168.jpg",300,168,true],"medium_large":["https:\/\/opinionpublica.com.ar\/index\/wp-content\/uploads\/2025\/05\/0d1630a6-7e5f-4808-a27a-63f2d921f7ac-par-2-768x431.jpg",640,359,true],"large":["https:\/\/opinionpublica.com.ar\/index\/wp-content\/uploads\/2025\/05\/0d1630a6-7e5f-4808-a27a-63f2d921f7ac-par-2-1024x574.jpg",640,359,true],"1536x1536":["https:\/\/opinionpublica.com.ar\/index\/wp-content\/uploads\/2025\/05\/0d1630a6-7e5f-4808-a27a-63f2d921f7ac-par-2.jpg",1280,718,false],"2048x2048":["https:\/\/opinionpublica.com.ar\/index\/wp-content\/uploads\/2025\/05\/0d1630a6-7e5f-4808-a27a-63f2d921f7ac-par-2.jpg",1280,718,false],"morenews-large":["https:\/\/opinionpublica.com.ar\/index\/wp-content\/uploads\/2025\/05\/0d1630a6-7e5f-4808-a27a-63f2d921f7ac-par-2-825x575.jpg",825,575,true],"morenews-medium":["https:\/\/opinionpublica.com.ar\/index\/wp-content\/uploads\/2025\/05\/0d1630a6-7e5f-4808-a27a-63f2d921f7ac-par-2-590x410.jpg",590,410,true]},"author_info":{"display_name":"Hal","author_link":"https:\/\/opinionpublica.com.ar\/index\/author\/hal\/"},"category_info":"<a href=\"https:\/\/opinionpublica.com.ar\/index\/category\/ushuaia\/\" rel=\"category tag\">Ushuaia<\/a>","tag_info":"Ushuaia","comment_count":"0","_links":{"self":[{"href":"https:\/\/opinionpublica.com.ar\/index\/wp-json\/wp\/v2\/posts\/9714","targetHints":{"allow":["GET"]}}],"collection":[{"href":"https:\/\/opinionpublica.com.ar\/index\/wp-json\/wp\/v2\/posts"}],"about":[{"href":"https:\/\/opinionpublica.com.ar\/index\/wp-json\/wp\/v2\/types\/post"}],"author":[{"embeddable":true,"href":"https:\/\/opinionpublica.com.ar\/index\/wp-json\/wp\/v2\/users\/5"}],"replies":[{"embeddable":true,"href":"https:\/\/opinionpublica.com.ar\/index\/wp-json\/wp\/v2\/comments?post=9714"}],"version-history":[{"count":1,"href":"https:\/\/opinionpublica.com.ar\/index\/wp-json\/wp\/v2\/posts\/9714\/revisions"}],"predecessor-version":[{"id":9723,"href":"https:\/\/opinionpublica.com.ar\/index\/wp-json\/wp\/v2\/posts\/9714\/revisions\/9723"}],"wp:featuredmedia":[{"embeddable":true,"href":"https:\/\/opinionpublica.com.ar\/index\/wp-json\/wp\/v2\/media\/9721"}],"wp:attachment":[{"href":"https:\/\/opinionpublica.com.ar\/index\/wp-json\/wp\/v2\/media?parent=9714"}],"wp:term":[{"taxonomy":"category","embeddable":true,"href":"https:\/\/opinionpublica.com.ar\/index\/wp-json\/wp\/v2\/categories?post=9714"},{"taxonomy":"post_tag","embeddable":true,"href":"https:\/\/opinionpublica.com.ar\/index\/wp-json\/wp\/v2\/tags?post=9714"}],"curies":[{"name":"wp","href":"https:\/\/api.w.org\/{rel}","templated":true}]}}