{"id":9724,"date":"2025-05-13T10:29:09","date_gmt":"2025-05-13T13:29:09","guid":{"rendered":"https:\/\/opinionpublica.com.ar\/index\/?p=9724"},"modified":"2025-05-13T10:29:09","modified_gmt":"2025-05-13T13:29:09","slug":"la-imagen-positiva-de-melella-supera-el-50","status":"publish","type":"post","link":"https:\/\/opinionpublica.com.ar\/index\/la-imagen-positiva-de-melella-supera-el-50\/","title":{"rendered":"La imagen positiva de Melella supera el 50%"},"content":{"rendered":"<header class=\"entry-header\">\n<div class=\"entry-title-excerpt-wrapper\">\n<p class=\"entry-title\"><strong>Nueva encuesta de gobernadores: la imagen positiva de Melella supera el 50%<\/strong><\/p>\n<div class=\"entry-excerpt\">\n<p>Se trata del relevamiento mensual que realiza \u2018CB Consultora Opini\u00f3n P\u00fablica\u2019 y mide las im\u00e1genes de los mandatarios en sus provincias. El tucumano Osvaldo Jaldo lidera el ranking con un 61,5% de imagen positiva.<\/p>\n<p><a href=\"https:\/\/opinionpublica.com.ar\/index\/wp-content\/uploads\/2025\/05\/20250507032347_photo_2025_05_07_03_24_02-melella.jpg\"><img fetchpriority=\"high\" decoding=\"async\" class=\"alignnone size-full wp-image-9648\" src=\"https:\/\/opinionpublica.com.ar\/index\/wp-content\/uploads\/2025\/05\/20250507032347_photo_2025_05_07_03_24_02-melella.jpg\" alt=\"\" width=\"880\" height=\"586\" srcset=\"https:\/\/opinionpublica.com.ar\/index\/wp-content\/uploads\/2025\/05\/20250507032347_photo_2025_05_07_03_24_02-melella.jpg 880w, https:\/\/opinionpublica.com.ar\/index\/wp-content\/uploads\/2025\/05\/20250507032347_photo_2025_05_07_03_24_02-melella-300x200.jpg 300w, https:\/\/opinionpublica.com.ar\/index\/wp-content\/uploads\/2025\/05\/20250507032347_photo_2025_05_07_03_24_02-melella-768x511.jpg 768w\" sizes=\"(max-width: 880px) 100vw, 880px\" \/><\/a><\/p>\n<\/div>\n<\/div>\n<\/header>\n<div class=\"entry-content\">\n<p>Seg\u00fan el informe publicado por la firma \u2018CB Consultora Opini\u00f3n P\u00fablica\u2019, este mes la imagen positiva del gobernador fueguino Gustavo Melella supera el 50%, en el marco del ranking de mandatarios provinciales que lidera el tucumano Osvaldo Jaldo, con un 61,5% de imagen positiva.<\/p>\n<p>Se trata del dirigente peronista m\u00e1s cercano al presidente Javier Milei, que rompi\u00f3 con el bloque kirchnerista de diputados apenas hubo recambio de Gobierno nacional.<\/p>\n<div class=\"code-block code-block-1\">\n<div id=\"Content1\" data-google-query-id=\"CI3P--XEoI0DFX1IuAQdOF8Ymg\">\n<div id=\"google_ads_iframe_\/23279788734\/radiofueguina.com\/radiofueguina_Content1_0__container__\"><\/div>\n<\/div>\n<\/div>\n<p>Entre el 1 y el 4 de mayo, la consultora que dirige el analista Cristian Butti\u00e9 hizo un relevamiento de 621 a 887 casos por provincia, con margen de error de 3% a 4%. En cada distrito pregunt\u00f3 por la imagen de su gobernador.<\/p>\n<p>\u00abLos tres gobernadores mejor valorados de este mes por sus coprovincianos son: Osvaldo Jaldo (Tucum\u00e1n), quien lidera con un 61,5% de imagen positiva, seguido por Leandro Zdero (Chaco) con un 61,2%, y en tercer lugar Ignacio Torres (Chubut) con un 60,8%\u00bb, menciona el diario Clar\u00edn al reflejar el estudio.<\/p>\n<div class=\"code-block code-block-2\">\n<div id=\"Content2\" data-google-query-id=\"CNvAjubEoI0DFY5XuAQd6JEi2w\">\n<div id=\"google_ads_iframe_\/23279788734\/radiofueguina.com\/radiofueguina_Content2_0__container__\"><\/div>\n<\/div>\n<\/div>\n<p>Apunta que \u00abLos gobernadores peor calificados del mes de mayo de 2025 son: en \u00faltimo lugar, Ricardo Quintela (La Rioja) con un 41,4% de imagen positiva, seguido por Axel Kicillof (Provincia de Buenos Aires) con un 43,4%, y luego Alberto Weretilneck (R\u00edo Negro) con un 43,6%\u00bb.<\/p>\n<p>\u00abEl gobernador que m\u00e1s creci\u00f3 en el mes de mayo de 2025 en comparaci\u00f3n con la medici\u00f3n anterior fue Claudio Vidal, de Santa Cruz, quien registr\u00f3 un incremento de +4,2% en su imagen positiva. Por el contrario, el gobernador que m\u00e1s cay\u00f3 fue Gerardo Zamora, de Santiago del Estero, con una disminuci\u00f3n de -2,8% en su imagen positiva\u00bb, detalla el art\u00edculo.<\/p>\n<div class=\"code-block code-block-3\">\n<div id=\"Content3\" data-google-query-id=\"CK6qoebEoI0DFYxZuAQdWfgV7g\">\n<div id=\"google_ads_iframe_\/23279788734\/radiofueguina.com\/radiofueguina_Content3_0__container__\"><\/div>\n<\/div>\n<\/div>\n<p>En este contexto, el gobernador Gustavo Melella se ubic\u00f3 entre los 8 gobernadores del medio, con un 55,2% de imagen positiva.<\/p>\n<\/div>\n","protected":false},"excerpt":{"rendered":"<p>Nueva encuesta de gobernadores: la imagen positiva de Melella supera el 50% Se trata del relevamiento mensual que<\/p>\n","protected":false},"author":5,"featured_media":9648,"comment_status":"open","ping_status":"open","sticky":false,"template":"","format":"standard","meta":{"footnotes":""},"categories":[2],"tags":[134,2671],"class_list":["post-9724","post","type-post","status-publish","format-standard","has-post-thumbnail","hentry","category-tierra-del-fuego","tag-gustavo-melella","tag-imagen"],"featured_image_urls":{"full":["https:\/\/opinionpublica.com.ar\/index\/wp-content\/uploads\/2025\/05\/20250507032347_photo_2025_05_07_03_24_02-melella.jpg",880,586,false],"thumbnail":["https:\/\/opinionpublica.com.ar\/index\/wp-content\/uploads\/2025\/05\/20250507032347_photo_2025_05_07_03_24_02-melella-150x150.jpg",150,150,true],"medium":["https:\/\/opinionpublica.com.ar\/index\/wp-content\/uploads\/2025\/05\/20250507032347_photo_2025_05_07_03_24_02-melella-300x200.jpg",300,200,true],"medium_large":["https:\/\/opinionpublica.com.ar\/index\/wp-content\/uploads\/2025\/05\/20250507032347_photo_2025_05_07_03_24_02-melella-768x511.jpg",640,426,true],"large":["https:\/\/opinionpublica.com.ar\/index\/wp-content\/uploads\/2025\/05\/20250507032347_photo_2025_05_07_03_24_02-melella.jpg",640,426,false],"1536x1536":["https:\/\/opinionpublica.com.ar\/index\/wp-content\/uploads\/2025\/05\/20250507032347_photo_2025_05_07_03_24_02-melella.jpg",880,586,false],"2048x2048":["https:\/\/opinionpublica.com.ar\/index\/wp-content\/uploads\/2025\/05\/20250507032347_photo_2025_05_07_03_24_02-melella.jpg",880,586,false],"morenews-large":["https:\/\/opinionpublica.com.ar\/index\/wp-content\/uploads\/2025\/05\/20250507032347_photo_2025_05_07_03_24_02-melella-825x575.jpg",825,575,true],"morenews-medium":["https:\/\/opinionpublica.com.ar\/index\/wp-content\/uploads\/2025\/05\/20250507032347_photo_2025_05_07_03_24_02-melella-590x410.jpg",590,410,true]},"author_info":{"display_name":"Hal","author_link":"https:\/\/opinionpublica.com.ar\/index\/author\/hal\/"},"category_info":"<a href=\"https:\/\/opinionpublica.com.ar\/index\/category\/tierra-del-fuego\/\" rel=\"category tag\">Tierra del Fuego<\/a>","tag_info":"Tierra del Fuego","comment_count":"0","_links":{"self":[{"href":"https:\/\/opinionpublica.com.ar\/index\/wp-json\/wp\/v2\/posts\/9724","targetHints":{"allow":["GET"]}}],"collection":[{"href":"https:\/\/opinionpublica.com.ar\/index\/wp-json\/wp\/v2\/posts"}],"about":[{"href":"https:\/\/opinionpublica.com.ar\/index\/wp-json\/wp\/v2\/types\/post"}],"author":[{"embeddable":true,"href":"https:\/\/opinionpublica.com.ar\/index\/wp-json\/wp\/v2\/users\/5"}],"replies":[{"embeddable":true,"href":"https:\/\/opinionpublica.com.ar\/index\/wp-json\/wp\/v2\/comments?post=9724"}],"version-history":[{"count":1,"href":"https:\/\/opinionpublica.com.ar\/index\/wp-json\/wp\/v2\/posts\/9724\/revisions"}],"predecessor-version":[{"id":9725,"href":"https:\/\/opinionpublica.com.ar\/index\/wp-json\/wp\/v2\/posts\/9724\/revisions\/9725"}],"wp:featuredmedia":[{"embeddable":true,"href":"https:\/\/opinionpublica.com.ar\/index\/wp-json\/wp\/v2\/media\/9648"}],"wp:attachment":[{"href":"https:\/\/opinionpublica.com.ar\/index\/wp-json\/wp\/v2\/media?parent=9724"}],"wp:term":[{"taxonomy":"category","embeddable":true,"href":"https:\/\/opinionpublica.com.ar\/index\/wp-json\/wp\/v2\/categories?post=9724"},{"taxonomy":"post_tag","embeddable":true,"href":"https:\/\/opinionpublica.com.ar\/index\/wp-json\/wp\/v2\/tags?post=9724"}],"curies":[{"name":"wp","href":"https:\/\/api.w.org\/{rel}","templated":true}]}}