{"id":9726,"date":"2025-05-13T10:42:33","date_gmt":"2025-05-13T13:42:33","guid":{"rendered":"https:\/\/opinionpublica.com.ar\/index\/?p=9726"},"modified":"2025-05-13T10:42:33","modified_gmt":"2025-05-13T13:42:33","slug":"fuerte-sismo-de-magnitud-53-sacudio-la-cuenca-carbonifera-en-santa-cruz","status":"publish","type":"post","link":"https:\/\/opinionpublica.com.ar\/index\/fuerte-sismo-de-magnitud-53-sacudio-la-cuenca-carbonifera-en-santa-cruz\/","title":{"rendered":"Fuerte sismo de magnitud 5,3 sacudi\u00f3 la Cuenca Carbon\u00edfera en Santa Cruz"},"content":{"rendered":"<header class=\"cm-entry-header\">\n<p class=\"cm-entry-title\"><strong>Fuerte sismo de magnitud 5,3 sacudi\u00f3 la Cuenca Carbon\u00edfera en Santa Cruz<\/strong><\/p>\n<\/header>\n<div class=\"cm-entry-summary\">\n<p class=\"article-deck\">El temblor se registr\u00f3 cerca de R\u00edo Turbio este lunes por la noche y fue percibido en varias localidades del sur argentino y chileno.<\/p>\n<figure id=\"attachment_9727\" aria-describedby=\"caption-attachment-9727\" style=\"width: 1733px\" class=\"wp-caption alignnone\"><a href=\"https:\/\/opinionpublica.com.ar\/index\/wp-content\/uploads\/2025\/05\/Villa_minera_de_Rio_Turbio_Santa_Cruz_Argentina.jpg\"><img fetchpriority=\"high\" decoding=\"async\" class=\"size-full wp-image-9727\" src=\"https:\/\/opinionpublica.com.ar\/index\/wp-content\/uploads\/2025\/05\/Villa_minera_de_Rio_Turbio_Santa_Cruz_Argentina.jpg\" alt=\"\" width=\"1733\" height=\"1055\" srcset=\"https:\/\/opinionpublica.com.ar\/index\/wp-content\/uploads\/2025\/05\/Villa_minera_de_Rio_Turbio_Santa_Cruz_Argentina.jpg 1733w, https:\/\/opinionpublica.com.ar\/index\/wp-content\/uploads\/2025\/05\/Villa_minera_de_Rio_Turbio_Santa_Cruz_Argentina-300x183.jpg 300w, https:\/\/opinionpublica.com.ar\/index\/wp-content\/uploads\/2025\/05\/Villa_minera_de_Rio_Turbio_Santa_Cruz_Argentina-1024x623.jpg 1024w, https:\/\/opinionpublica.com.ar\/index\/wp-content\/uploads\/2025\/05\/Villa_minera_de_Rio_Turbio_Santa_Cruz_Argentina-768x468.jpg 768w, https:\/\/opinionpublica.com.ar\/index\/wp-content\/uploads\/2025\/05\/Villa_minera_de_Rio_Turbio_Santa_Cruz_Argentina-1536x935.jpg 1536w\" sizes=\"(max-width: 1733px) 100vw, 1733px\" \/><\/a><figcaption id=\"caption-attachment-9727\" class=\"wp-caption-text\">Mina R\u00edo Turbio, Santa Cruz, Argentina<\/figcaption><\/figure>\n<div class=\"article-body\" data-tadevel-template=\"web\/article-body\">\n<div class=\"article-body-content\">\n<p>Un\u00a0sismo\u00a0de\u00a0magnitud 5,3\u00a0sacudi\u00f3 este lunes por la noche el sur de la provincia de Santa Cruz y fue percibido en localidades como\u00a0R\u00edo Turbio, 28 de Noviembre, El Calafate\u00a0y\u00a0Puerto Natales, en el vecino pa\u00eds de Chile.<\/p>\n<p>Seg\u00fan supo Noticias Argentinas, el movimiento tel\u00farico se produjo a las\u00a0<strong>21:48 horas<\/strong>\u00a0y tuvo una\u00a0<strong>profundidad estimada de 35 km<\/strong>, con epicentro en la\u00a0<strong>Cuenca Carbon\u00edfera<\/strong>, cerca de la frontera con Chile, dentro del departamento de\u00a0<strong>G\u00fcer Aike<\/strong>.<\/p>\n<h4>Varias agencias internacionales confirmaron el sismo<\/h4>\n<ul>\n<li>El Centro Sismol\u00f3gico Europeo-Mediterr\u00e1neo (EMSC) fue el primero en reportar el temblor con una magnitud de 5,3.<\/li>\n<li>Luego, el Centro Sismol\u00f3gico Nacional (CSN) de la Universidad de Chile corrobor\u00f3 el mismo valor.<\/li>\n<li>La Red Nacional de Vigilancia S\u00edsmica (R\u00e9NaSS) de Francia y el Centro Alem\u00e1n de Investigaci\u00f3n en Geociencias (GFZ) lo midieron con una magnitud levemente menor, de 5,1.<\/li>\n<\/ul>\n<h4>Repercusiones y expectativa de parte del Inpres<\/h4>\n<p>Vecinos de las localidades afectadas informaron haber sentido el temblor con distinta intensidad, aunque\u00a0<strong>hasta el momento no se reportaron da\u00f1os materiales ni v\u00edctimas<\/strong>.<\/p>\n<p>Se espera en las pr\u00f3ximas horas un reporte oficial del\u00a0<strong>Instituto Nacional de Prevenci\u00f3n S\u00edsmica (Inpres)<\/strong>\u00a0para confirmar los datos de magnitud, profundidad y localizaci\u00f3n exacta.<\/p>\n<p>El movimiento gener\u00f3 preocupaci\u00f3n en la regi\u00f3n, que\u00a0<strong>no est\u00e1 acostumbrada a este tipo de eventos de gran magnitud<\/strong>, aunque s\u00ed ha registrado actividad s\u00edsmica moderada en a\u00f1os anteriores.<\/p>\n<p>&nbsp;<\/p>\n<\/div>\n<\/div>\n<\/div>\n","protected":false},"excerpt":{"rendered":"<p>Fuerte sismo de magnitud 5,3 sacudi\u00f3 la Cuenca Carbon\u00edfera en Santa Cruz El temblor se registr\u00f3 cerca de<\/p>\n","protected":false},"author":5,"featured_media":9727,"comment_status":"open","ping_status":"open","sticky":false,"template":"","format":"standard","meta":{"footnotes":""},"categories":[3],"tags":[3490,3489],"class_list":["post-9726","post","type-post","status-publish","format-standard","has-post-thumbnail","hentry","category-nacionales","tag-cuenca-carbonifera","tag-sismo"],"featured_image_urls":{"full":["https:\/\/opinionpublica.com.ar\/index\/wp-content\/uploads\/2025\/05\/Villa_minera_de_Rio_Turbio_Santa_Cruz_Argentina.jpg",1733,1055,false],"thumbnail":["https:\/\/opinionpublica.com.ar\/index\/wp-content\/uploads\/2025\/05\/Villa_minera_de_Rio_Turbio_Santa_Cruz_Argentina-150x150.jpg",150,150,true],"medium":["https:\/\/opinionpublica.com.ar\/index\/wp-content\/uploads\/2025\/05\/Villa_minera_de_Rio_Turbio_Santa_Cruz_Argentina-300x183.jpg",300,183,true],"medium_large":["https:\/\/opinionpublica.com.ar\/index\/wp-content\/uploads\/2025\/05\/Villa_minera_de_Rio_Turbio_Santa_Cruz_Argentina-768x468.jpg",640,390,true],"large":["https:\/\/opinionpublica.com.ar\/index\/wp-content\/uploads\/2025\/05\/Villa_minera_de_Rio_Turbio_Santa_Cruz_Argentina-1024x623.jpg",640,389,true],"1536x1536":["https:\/\/opinionpublica.com.ar\/index\/wp-content\/uploads\/2025\/05\/Villa_minera_de_Rio_Turbio_Santa_Cruz_Argentina-1536x935.jpg",1536,935,true],"2048x2048":["https:\/\/opinionpublica.com.ar\/index\/wp-content\/uploads\/2025\/05\/Villa_minera_de_Rio_Turbio_Santa_Cruz_Argentina.jpg",1733,1055,false],"morenews-large":["https:\/\/opinionpublica.com.ar\/index\/wp-content\/uploads\/2025\/05\/Villa_minera_de_Rio_Turbio_Santa_Cruz_Argentina-825x575.jpg",825,575,true],"morenews-medium":["https:\/\/opinionpublica.com.ar\/index\/wp-content\/uploads\/2025\/05\/Villa_minera_de_Rio_Turbio_Santa_Cruz_Argentina-590x410.jpg",590,410,true]},"author_info":{"display_name":"Hal","author_link":"https:\/\/opinionpublica.com.ar\/index\/author\/hal\/"},"category_info":"<a href=\"https:\/\/opinionpublica.com.ar\/index\/category\/nacionales\/\" rel=\"category tag\">Nacionales<\/a>","tag_info":"Nacionales","comment_count":"0","_links":{"self":[{"href":"https:\/\/opinionpublica.com.ar\/index\/wp-json\/wp\/v2\/posts\/9726","targetHints":{"allow":["GET"]}}],"collection":[{"href":"https:\/\/opinionpublica.com.ar\/index\/wp-json\/wp\/v2\/posts"}],"about":[{"href":"https:\/\/opinionpublica.com.ar\/index\/wp-json\/wp\/v2\/types\/post"}],"author":[{"embeddable":true,"href":"https:\/\/opinionpublica.com.ar\/index\/wp-json\/wp\/v2\/users\/5"}],"replies":[{"embeddable":true,"href":"https:\/\/opinionpublica.com.ar\/index\/wp-json\/wp\/v2\/comments?post=9726"}],"version-history":[{"count":1,"href":"https:\/\/opinionpublica.com.ar\/index\/wp-json\/wp\/v2\/posts\/9726\/revisions"}],"predecessor-version":[{"id":9728,"href":"https:\/\/opinionpublica.com.ar\/index\/wp-json\/wp\/v2\/posts\/9726\/revisions\/9728"}],"wp:featuredmedia":[{"embeddable":true,"href":"https:\/\/opinionpublica.com.ar\/index\/wp-json\/wp\/v2\/media\/9727"}],"wp:attachment":[{"href":"https:\/\/opinionpublica.com.ar\/index\/wp-json\/wp\/v2\/media?parent=9726"}],"wp:term":[{"taxonomy":"category","embeddable":true,"href":"https:\/\/opinionpublica.com.ar\/index\/wp-json\/wp\/v2\/categories?post=9726"},{"taxonomy":"post_tag","embeddable":true,"href":"https:\/\/opinionpublica.com.ar\/index\/wp-json\/wp\/v2\/tags?post=9726"}],"curies":[{"name":"wp","href":"https:\/\/api.w.org\/{rel}","templated":true}]}}