{"id":9729,"date":"2025-05-13T10:56:56","date_gmt":"2025-05-13T13:56:56","guid":{"rendered":"https:\/\/opinionpublica.com.ar\/index\/?p=9729"},"modified":"2025-05-13T10:56:56","modified_gmt":"2025-05-13T13:56:56","slug":"ushuaia-incrementara-en-9-500-millones-el-presupuesto","status":"publish","type":"post","link":"https:\/\/opinionpublica.com.ar\/index\/ushuaia-incrementara-en-9-500-millones-el-presupuesto\/","title":{"rendered":"USHUAIA INCREMENTAR\u00c1 EN 9.500 MILLONES EL PRESUPUESTO"},"content":{"rendered":"<header class=\"entry-header\">\n<p class=\"entry-title\"><strong>USHUAIA INCREMENTAR\u00c1 EN 9.500 MILLONES EL PRESUPUESTO<\/strong><\/p>\n<\/header>\n<div class=\"entry-content clearfix\">\n<p>El concejal Valter Tavarone opin\u00f3 sobre la ampliaci\u00f3n presupuestaria que se aprobar\u00eda hoy sobre tablas y dijo que, pese a las manifestaciones del Ministro de Econom\u00eda de la provincia, se debe a un aumento de la recaudaci\u00f3n propia y de la coparticipaci\u00f3n nacional y provincial.<\/p>\n<p><a href=\"https:\/\/opinionpublica.com.ar\/index\/wp-content\/uploads\/2025\/05\/f1280x720-104045_235720_5050-valter-tavarone.jpeg\"><img fetchpriority=\"high\" decoding=\"async\" class=\"alignnone size-full wp-image-9730\" src=\"https:\/\/opinionpublica.com.ar\/index\/wp-content\/uploads\/2025\/05\/f1280x720-104045_235720_5050-valter-tavarone.jpeg\" alt=\"\" width=\"1280\" height=\"720\" srcset=\"https:\/\/opinionpublica.com.ar\/index\/wp-content\/uploads\/2025\/05\/f1280x720-104045_235720_5050-valter-tavarone.jpeg 1280w, https:\/\/opinionpublica.com.ar\/index\/wp-content\/uploads\/2025\/05\/f1280x720-104045_235720_5050-valter-tavarone-300x169.jpeg 300w, https:\/\/opinionpublica.com.ar\/index\/wp-content\/uploads\/2025\/05\/f1280x720-104045_235720_5050-valter-tavarone-1024x576.jpeg 1024w, https:\/\/opinionpublica.com.ar\/index\/wp-content\/uploads\/2025\/05\/f1280x720-104045_235720_5050-valter-tavarone-768x432.jpeg 768w\" sizes=\"(max-width: 1280px) 100vw, 1280px\" \/><\/a><\/p>\n<p>&nbsp;<\/p>\n<p>\u201cTranscurridos cuatro meses del ejercicio, se van a incorporar esos puntos adicionales al presupuesto municipal, tanto los que surgen de la recaudaci\u00f3n del municipio como los que vienen por mayor coparticipaci\u00f3n\u201d, dijo, y abri\u00f3 la posibilidad a que haya m\u00e1s ampliaciones a lo largo del 2025 si contin\u00faa aumentando la recaudaci\u00f3n y la coparticipaci\u00f3n. Cuestion\u00f3 el destino de esos fondos, que en un 90% son de libre disponibilidad, porque solamente el 1% est\u00e1 destinado a obras. No se est\u00e1 dando respuesta a las necesidades de los vecinos, mientras suben los gastos en agasajos, fiestas, contrataciones de personal y publicidad y propaganda.<\/p>\n<p>El concejal de Somos Fueguinos, Valter Tavarone, fue consultado sobre la sesi\u00f3n de hoy, en la que se tratar\u00e1 la ampliaci\u00f3n presupuestaria, originada en un aumento de la coparticipaci\u00f3n, adem\u00e1s de la recaudaci\u00f3n propia, contra las manifestaciones del Ministro de Econom\u00eda que plantea una reducci\u00f3n de ingresos.<\/p>\n<p>\u201cHay un tema bastante importante que es la ampliaci\u00f3n del presupuesto municipal en aproximadamente 9.500 millones de pesos. Uno pretend\u00eda que fuera remitido a comisi\u00f3n, pero lamentablemente no prosper\u00f3 la moci\u00f3n que hicimos. Quieren tratarlo pr\u00e1cticamente sobre tablas y sin ning\u00fan tipo de an\u00e1lisis. Nosotros enviamos una nota a la Secretar\u00eda de Finanzas para poder tener mayores precisiones sobre la asignaci\u00f3n de los recursos que se van a incorporar y estamos analizando contrarreloj las respuestas que enviaron\u201d, dijo al programa \u2018Buscando el Equilibrio\u2019 por Radio Provincia.<\/p>\n<p>Se le pregunt\u00f3 a qu\u00e9 se deben estos recursos extraordinarios, en una etapa de supuesta disminuci\u00f3n de la coparticipaci\u00f3n federal y la recaudaci\u00f3n propia. \u201cA principios de a\u00f1o hubo un fuerte incremento de los impuestos municipales, tanto el automotor como el inmobiliario, y por otro lado en los primeros cuatro meses de este ejercicio se han incrementado los recursos de la coparticipaci\u00f3n provincial y nacional, m\u00e1s all\u00e1 de lo que diga el Ministro de Econom\u00eda\u201d, asegur\u00f3.<\/p>\n<p>\u201cTranscurridos cuatro meses del ejercicio, se van a incorporar esos puntos adicionales al presupuesto municipal, tanto los que surgen de la recaudaci\u00f3n del municipio como los que vienen por mayor coparticipaci\u00f3n\u201d, se\u00f1al\u00f3.<\/p>\n<p>Respecto de si est\u00e1n incluidos los 4.000 millones que gir\u00f3 el gobierno para obras, aclar\u00f3 que \u201clos 4.000 millones correspond\u00edan al ejercicio del a\u00f1o pasado porque el convenio con el Ejecutivo provincial se firm\u00f3 en el ejercicio 2024. Se fueron pagando a medida que se presentaban las certificaciones. Posteriormente apareci\u00f3 un nuevo convenio entre el gobierno y la municipalidad, por el cual se van a abonar 1.000 millones en tres cuotas, para terminar la obra de la rotonda del Indio. Casualmente uno de los puntos a tratar en la sesi\u00f3n es la ratificaci\u00f3n de ese convenio por 1.000 millones\u201d, sostuvo.<\/p>\n<p>Consider\u00f3 que \u201cla ampliaci\u00f3n presupuestaria es una consecuencia natural del ingreso de recursos extraordinarios. El a\u00f1o pasado ya hab\u00edamos hecho tres ampliaciones de presupuesto y seguramente en el ejercicio 2025, si se sigue recaudando m\u00e1s y sigue mejorando la coparticipaci\u00f3n a nivel nacional y provincial, se van a seguir produciendo ampliaciones. No tienen que asustar la ampliaciones de presupuesto, al contrario, lo que es importante es que los nuevos recursos que ingresan sean destinados a satisfacer las necesidades de nuestros vecinos, como terminar las obras inconclusas\u201d, plante\u00f3.<\/p>\n<p>&nbsp;<\/p>\n<p><strong>Agasajos y fiestas<\/strong><\/p>\n<p>El concejal cuestion\u00f3 los gastos en agasajos a taxistas y los que se prev\u00e9n para la Fiesta de la Noche M\u00e1s Larga, mientras no se satisface la demanda local. \u201cJustamente estamos analizando en profundidad la respuesta de la Secretar\u00eda de Finanzas, porque a nosotros no nos preocupa el origen de los fondos, ya sabemos de qu\u00e9 se trata y est\u00e1 claro que son recursos generados por la propia recaudaci\u00f3n impositiva o por la coparticipaci\u00f3n, lo que nos preocupa es c\u00f3mo se asignan esos recursos y cu\u00e1l es el orden de prioridades\u201d, expres\u00f3.<\/p>\n<p>\u201cHay gastos terribles en materia de publicidad y de contrataciones, que presupuestariamente son servicios no personales. Tambi\u00e9n hay gastos terribles en contrataci\u00f3n de personal y todav\u00eda estamos esperando saber cu\u00e1l es la estructura completa de la municipalidad. Desde el bloque Somos Fueguinos no firmamos cheques en blanco y de los 9.500 millones pr\u00e1cticamente el 90% son recursos de libre disponibilidad. La asignaci\u00f3n de esos recursos, en vez de satisfacer las necesidades de los vecinos, por ah\u00ed van a satisfacer otro gastos. Si no se nos aclara bien cu\u00e1l es el destino de esos fondos, se nos hace muy dif\u00edcil poder controlar\u201d, manifest\u00f3.<\/p>\n<p>\u201cSe hacen eventos y no hay para reparar escaleras. En publicidad, en los \u00faltimos boletines oficiales figuran 30 millones en un caso y pr\u00e1cticamente 90 millones en publicidad. Tampoco se publica qui\u00e9nes son los que reciben estos fondos y probablemente esto ser\u00e1 motivo de otro pedido de informes. Hay una contrataci\u00f3n de personal en C\u00f3rdoba por 1.8 millones de pesos, hay 8.9 millones que genera la delegaci\u00f3n de Buenos Aires, hay 94 millones en publicidad por el mes de febrero 2025 y 36 millones m\u00e1s del mes de enero. El manejo de los recursos es totalmente discrecional y nos enteramos con los hechos consumados. Uno no pretende poner palos en la rueda, pero estamos altamente preocupados por la forma en que se gastan los recursos de todos los vecinos\u201d, subray\u00f3.<\/p>\n<p>&nbsp;<\/p>\n<p><strong>D\u00e9ficit de la UISE<\/strong><\/p>\n<p>Por otra parte afirm\u00f3 que la UISE \u201ces un barril sin fondos\u201d, por su situaci\u00f3n deficitaria. \u201cNosotros hab\u00edamos hecho un estudio el a\u00f1o pasado que fue presentado a la sindicatura municipal, tambi\u00e9n hicimos una presentaci\u00f3n en relaci\u00f3n a c\u00f3mo se le pagaba a las tres cooperativas que dependen de la UISE. Adem\u00e1s hicimos una presentaci\u00f3n en relaci\u00f3n a c\u00f3mo se contrata la sal. Este a\u00f1o nos hemos encontrado con una suma cercana a los 2.000 millones de pesos para la compra de sal para mantener las calles en buen estado. Eso le corresponde al municipio, pero se hace a trav\u00e9s de la UISE, aprovechando que es una empresa del Estado municipal. Eso implica obviar las disposiciones de la ordenanza de administraci\u00f3n y gesti\u00f3n financiera\u201d, advirti\u00f3.<\/p>\n<p>\u201cAhora sabemos que se ha firmado un nuevo convenio interadministrativo para mantenimiento de garitas con una cifra elevad\u00edsima para la limpieza de las garitas de colectivo. Nosotros vemos que se van desviando recursos del presupuesto municipal para resolver los problemas econ\u00f3micos que tiene la empresa, que no alcanza a ser equilibrada\u201d, asever\u00f3.<\/p>\n<p>&nbsp;<\/p>\n<p><strong>Deuda con el Ushuaia Bureau<\/strong><\/p>\n<p>Tambi\u00e9n hizo referencia a la deuda que mantiene el municipio con la Agencia de Desarrollo Ushuaia Bureau. \u201cEl a\u00f1o pasado, con la documentaci\u00f3n bancaria que lo acreditaba, la deuda era de m\u00e1s de 100 millones de pesos. Hicimos una presentaci\u00f3n ante la sindicatura municipal porque del 100% de los fondos se estaba depositando la parte de las tasas que pagan los comercios, pero el 50% restante no se hab\u00eda depositado y se ven\u00eda acumulando deuda. En esta ampliaci\u00f3n de presupuesto hay m\u00e1s de 20 millones que tienen que ser destinados al Ushuaia Bureau, a consecuencia del incremento de tributos que hubo a nivel local. Esto no alcanza a cubrir los gastos de un mes del Bureau\u201d, remarc\u00f3.<\/p>\n<p>&nbsp;<\/p>\n<p><strong>Acciones judiciales<\/strong><\/p>\n<p>Finalmente se refiri\u00f3 a las acciones judiciales para poder acceder a la informaci\u00f3n. \u201cNosotros las hacemos cuando hay temas relevantes y que son necesarios para nuestro deber de controlar. La falta de respuesta motiva el inicio de la acci\u00f3n judicial y hoy estamos altamente preocupados por la situaci\u00f3n que se est\u00e1 dando en la pista de patinaje sobre hielo. Est\u00e1 por empezar la temporada invernal y todos los clubes que practican este deporte est\u00e1n muy preocupados. Hay una licitaci\u00f3n vencida que ya fue prorrogada el a\u00f1o pasado y hay una resoluci\u00f3n de c\u00e1mara a la que no se ha dado respuesta. No sabemos si se ha licitado, si en la licitaci\u00f3n se ha incluido el techado y no sabemos si en esta temporada invernal se va a habilitar la pista. Esa fue una promesa de campa\u00f1a que hizo el intendente antes de ser electo para este mandato y no se ha cumplido. Eso en el presupuesto no est\u00e1 y se hacen publicidades que se pagan con el erario municipal. Algo similar est\u00e1 ocurriendo con el hogar de adultos mayores, pese a que tiene asignada una partida importante para este a\u00f1o, porque no se ha movido un clavo. De los 9.500 millones que se van a incorporar al presupuesto no llega al 1% lo que se va a mandar a obras. Quiere decir que el se\u00f1or intendente no va a poner un clavo en ninguna obra municipal\u201d, concluy\u00f3.<\/p>\n<\/div>\n","protected":false},"excerpt":{"rendered":"<p>USHUAIA INCREMENTAR\u00c1 EN 9.500 MILLONES EL PRESUPUESTO El concejal Valter Tavarone opin\u00f3 sobre la ampliaci\u00f3n presupuestaria que se<\/p>\n","protected":false},"author":5,"featured_media":9730,"comment_status":"open","ping_status":"open","sticky":false,"template":"","format":"standard","meta":{"footnotes":""},"categories":[21],"tags":[311,892],"class_list":["post-9729","post","type-post","status-publish","format-standard","has-post-thumbnail","hentry","category-ushuaia","tag-concejal","tag-valter-tavarone"],"featured_image_urls":{"full":["https:\/\/opinionpublica.com.ar\/index\/wp-content\/uploads\/2025\/05\/f1280x720-104045_235720_5050-valter-tavarone.jpeg",1280,720,false],"thumbnail":["https:\/\/opinionpublica.com.ar\/index\/wp-content\/uploads\/2025\/05\/f1280x720-104045_235720_5050-valter-tavarone-150x150.jpeg",150,150,true],"medium":["https:\/\/opinionpublica.com.ar\/index\/wp-content\/uploads\/2025\/05\/f1280x720-104045_235720_5050-valter-tavarone-300x169.jpeg",300,169,true],"medium_large":["https:\/\/opinionpublica.com.ar\/index\/wp-content\/uploads\/2025\/05\/f1280x720-104045_235720_5050-valter-tavarone-768x432.jpeg",640,360,true],"large":["https:\/\/opinionpublica.com.ar\/index\/wp-content\/uploads\/2025\/05\/f1280x720-104045_235720_5050-valter-tavarone-1024x576.jpeg",640,360,true],"1536x1536":["https:\/\/opinionpublica.com.ar\/index\/wp-content\/uploads\/2025\/05\/f1280x720-104045_235720_5050-valter-tavarone.jpeg",1280,720,false],"2048x2048":["https:\/\/opinionpublica.com.ar\/index\/wp-content\/uploads\/2025\/05\/f1280x720-104045_235720_5050-valter-tavarone.jpeg",1280,720,false],"morenews-large":["https:\/\/opinionpublica.com.ar\/index\/wp-content\/uploads\/2025\/05\/f1280x720-104045_235720_5050-valter-tavarone-825x575.jpeg",825,575,true],"morenews-medium":["https:\/\/opinionpublica.com.ar\/index\/wp-content\/uploads\/2025\/05\/f1280x720-104045_235720_5050-valter-tavarone-590x410.jpeg",590,410,true]},"author_info":{"display_name":"Hal","author_link":"https:\/\/opinionpublica.com.ar\/index\/author\/hal\/"},"category_info":"<a href=\"https:\/\/opinionpublica.com.ar\/index\/category\/ushuaia\/\" rel=\"category tag\">Ushuaia<\/a>","tag_info":"Ushuaia","comment_count":"0","_links":{"self":[{"href":"https:\/\/opinionpublica.com.ar\/index\/wp-json\/wp\/v2\/posts\/9729","targetHints":{"allow":["GET"]}}],"collection":[{"href":"https:\/\/opinionpublica.com.ar\/index\/wp-json\/wp\/v2\/posts"}],"about":[{"href":"https:\/\/opinionpublica.com.ar\/index\/wp-json\/wp\/v2\/types\/post"}],"author":[{"embeddable":true,"href":"https:\/\/opinionpublica.com.ar\/index\/wp-json\/wp\/v2\/users\/5"}],"replies":[{"embeddable":true,"href":"https:\/\/opinionpublica.com.ar\/index\/wp-json\/wp\/v2\/comments?post=9729"}],"version-history":[{"count":1,"href":"https:\/\/opinionpublica.com.ar\/index\/wp-json\/wp\/v2\/posts\/9729\/revisions"}],"predecessor-version":[{"id":9732,"href":"https:\/\/opinionpublica.com.ar\/index\/wp-json\/wp\/v2\/posts\/9729\/revisions\/9732"}],"wp:featuredmedia":[{"embeddable":true,"href":"https:\/\/opinionpublica.com.ar\/index\/wp-json\/wp\/v2\/media\/9730"}],"wp:attachment":[{"href":"https:\/\/opinionpublica.com.ar\/index\/wp-json\/wp\/v2\/media?parent=9729"}],"wp:term":[{"taxonomy":"category","embeddable":true,"href":"https:\/\/opinionpublica.com.ar\/index\/wp-json\/wp\/v2\/categories?post=9729"},{"taxonomy":"post_tag","embeddable":true,"href":"https:\/\/opinionpublica.com.ar\/index\/wp-json\/wp\/v2\/tags?post=9729"}],"curies":[{"name":"wp","href":"https:\/\/api.w.org\/{rel}","templated":true}]}}