{"id":9733,"date":"2025-05-13T11:04:10","date_gmt":"2025-05-13T14:04:10","guid":{"rendered":"https:\/\/opinionpublica.com.ar\/index\/?p=9733"},"modified":"2025-05-13T11:04:10","modified_gmt":"2025-05-13T14:04:10","slug":"vuoto-firme-entre-los-5-peores-intendentes-del-pais","status":"publish","type":"post","link":"https:\/\/opinionpublica.com.ar\/index\/vuoto-firme-entre-los-5-peores-intendentes-del-pais\/","title":{"rendered":"Vuoto firme entre los 5 peores intendentes del pa\u00eds"},"content":{"rendered":"<div class=\"bs-header\"><strong>Vuoto firme entre los 5 peores intendentes del pa\u00eds<\/strong><\/div>\n<article class=\"small single\">La Consultora CB dio a conocer el informe mensual que mide la imagen de 24 intendentes de la Argentina. Como ocurre habitualmente, la encuesta de mayo ubic\u00f3 al intendente Walter Vuoto con uno de los jefes muncipales de acuerdo a la opini\u00f3n p\u00fablica.<\/p>\n<p><a href=\"https:\/\/opinionpublica.com.ar\/index\/wp-content\/uploads\/2024\/05\/walter-vouto-intendente.jpg\"><img fetchpriority=\"high\" decoding=\"async\" class=\"alignnone size-full wp-image-2851\" src=\"https:\/\/opinionpublica.com.ar\/index\/wp-content\/uploads\/2024\/05\/walter-vouto-intendente.jpg\" alt=\"\" width=\"1000\" height=\"666\" srcset=\"https:\/\/opinionpublica.com.ar\/index\/wp-content\/uploads\/2024\/05\/walter-vouto-intendente.jpg 1000w, https:\/\/opinionpublica.com.ar\/index\/wp-content\/uploads\/2024\/05\/walter-vouto-intendente-300x200.jpg 300w, https:\/\/opinionpublica.com.ar\/index\/wp-content\/uploads\/2024\/05\/walter-vouto-intendente-768x511.jpg 768w\" sizes=\"(max-width: 1000px) 100vw, 1000px\" \/><\/a><\/p>\n<p>El sondeo realizado entre el 1\u00ba y el 4 de mayo arroj\u00f3 que el 56,8% de los encuestados afirm\u00f3 que la imagen del camporista es \u201cnegativa\u201d. De ese total, un 37,5% consider\u00f3 que esa imagen es \u201cmuy mala\u201d.<\/p>\n<p>Para el an\u00e1lisis se consult\u00f3 su opini\u00f3n a 382 personas mayores de 16 a\u00f1os que viven en la capital fueguina. Vuoto ocupa el ranking de los intendentes peor valorados del pa\u00eds junto con Julio Alak (La Plata), Walter Cort\u00e9s (Bariloche), Pablo Grasso (Rio Gallegos) y Armando Molina (La Rioja).<\/p>\n<div class=\"post-share\">\n<div class=\"post-share-icons cf\"><\/div>\n<\/div>\n<\/article>\n","protected":false},"excerpt":{"rendered":"<p>Vuoto firme entre los 5 peores intendentes del pa\u00eds La Consultora CB dio a conocer el informe mensual<\/p>\n","protected":false},"author":5,"featured_media":2851,"comment_status":"open","ping_status":"open","sticky":false,"template":"","format":"standard","meta":{"footnotes":""},"categories":[21],"tags":[1082,538],"class_list":["post-9733","post","type-post","status-publish","format-standard","has-post-thumbnail","hentry","category-ushuaia","tag-peor-imagen","tag-walter-vuoto"],"featured_image_urls":{"full":["https:\/\/opinionpublica.com.ar\/index\/wp-content\/uploads\/2024\/05\/walter-vouto-intendente.jpg",1000,666,false],"thumbnail":["https:\/\/opinionpublica.com.ar\/index\/wp-content\/uploads\/2024\/05\/walter-vouto-intendente-150x150.jpg",150,150,true],"medium":["https:\/\/opinionpublica.com.ar\/index\/wp-content\/uploads\/2024\/05\/walter-vouto-intendente-300x200.jpg",300,200,true],"medium_large":["https:\/\/opinionpublica.com.ar\/index\/wp-content\/uploads\/2024\/05\/walter-vouto-intendente-768x511.jpg",640,426,true],"large":["https:\/\/opinionpublica.com.ar\/index\/wp-content\/uploads\/2024\/05\/walter-vouto-intendente.jpg",640,426,false],"1536x1536":["https:\/\/opinionpublica.com.ar\/index\/wp-content\/uploads\/2024\/05\/walter-vouto-intendente.jpg",1000,666,false],"2048x2048":["https:\/\/opinionpublica.com.ar\/index\/wp-content\/uploads\/2024\/05\/walter-vouto-intendente.jpg",1000,666,false],"morenews-large":["https:\/\/opinionpublica.com.ar\/index\/wp-content\/uploads\/2024\/05\/walter-vouto-intendente-825x575.jpg",825,575,true],"morenews-medium":["https:\/\/opinionpublica.com.ar\/index\/wp-content\/uploads\/2024\/05\/walter-vouto-intendente-590x410.jpg",590,410,true]},"author_info":{"display_name":"Hal","author_link":"https:\/\/opinionpublica.com.ar\/index\/author\/hal\/"},"category_info":"<a href=\"https:\/\/opinionpublica.com.ar\/index\/category\/ushuaia\/\" rel=\"category tag\">Ushuaia<\/a>","tag_info":"Ushuaia","comment_count":"0","_links":{"self":[{"href":"https:\/\/opinionpublica.com.ar\/index\/wp-json\/wp\/v2\/posts\/9733","targetHints":{"allow":["GET"]}}],"collection":[{"href":"https:\/\/opinionpublica.com.ar\/index\/wp-json\/wp\/v2\/posts"}],"about":[{"href":"https:\/\/opinionpublica.com.ar\/index\/wp-json\/wp\/v2\/types\/post"}],"author":[{"embeddable":true,"href":"https:\/\/opinionpublica.com.ar\/index\/wp-json\/wp\/v2\/users\/5"}],"replies":[{"embeddable":true,"href":"https:\/\/opinionpublica.com.ar\/index\/wp-json\/wp\/v2\/comments?post=9733"}],"version-history":[{"count":1,"href":"https:\/\/opinionpublica.com.ar\/index\/wp-json\/wp\/v2\/posts\/9733\/revisions"}],"predecessor-version":[{"id":9734,"href":"https:\/\/opinionpublica.com.ar\/index\/wp-json\/wp\/v2\/posts\/9733\/revisions\/9734"}],"wp:featuredmedia":[{"embeddable":true,"href":"https:\/\/opinionpublica.com.ar\/index\/wp-json\/wp\/v2\/media\/2851"}],"wp:attachment":[{"href":"https:\/\/opinionpublica.com.ar\/index\/wp-json\/wp\/v2\/media?parent=9733"}],"wp:term":[{"taxonomy":"category","embeddable":true,"href":"https:\/\/opinionpublica.com.ar\/index\/wp-json\/wp\/v2\/categories?post=9733"},{"taxonomy":"post_tag","embeddable":true,"href":"https:\/\/opinionpublica.com.ar\/index\/wp-json\/wp\/v2\/tags?post=9733"}],"curies":[{"name":"wp","href":"https:\/\/api.w.org\/{rel}","templated":true}]}}