{"id":9735,"date":"2025-05-13T11:15:19","date_gmt":"2025-05-13T14:15:19","guid":{"rendered":"https:\/\/opinionpublica.com.ar\/index\/?p=9735"},"modified":"2025-05-13T11:15:19","modified_gmt":"2025-05-13T14:15:19","slug":"matias-lapadula-no-son-tiempos-de-hacer-una-reforma-constitucional","status":"publish","type":"post","link":"https:\/\/opinionpublica.com.ar\/index\/matias-lapadula-no-son-tiempos-de-hacer-una-reforma-constitucional\/","title":{"rendered":"Matias Lapadula: No son tiempos de hacer una reforma constitucional"},"content":{"rendered":"<header class=\"entry-header\">\n<div class=\"entry-title-excerpt-wrapper\">\n<p class=\"entry-title\"><strong>Matias Lapadula: No son tiempos de hacer una reforma constitucional<\/strong><\/p>\n<div class=\"entry-excerpt\">\n<p>El legislador de Provincia Grande asegur\u00f3 que la modificaci\u00f3n de la Carta Magna se trat\u00f3 \u00absobre tablas a las 12 de la noche\u00bb y sin consenso, pero respetar\u00e1 el fallo judicial. Advirti\u00f3 que, de habilitarse, su espacio presentar\u00e1 un proyecto claro y participativo.<\/p>\n<p><a href=\"https:\/\/opinionpublica.com.ar\/index\/wp-content\/uploads\/2024\/07\/matias-lapadula-1.jpg\"><img fetchpriority=\"high\" decoding=\"async\" class=\"alignnone size-full wp-image-4583\" src=\"https:\/\/opinionpublica.com.ar\/index\/wp-content\/uploads\/2024\/07\/matias-lapadula-1.jpg\" alt=\"\" width=\"880\" height=\"512\" srcset=\"https:\/\/opinionpublica.com.ar\/index\/wp-content\/uploads\/2024\/07\/matias-lapadula-1.jpg 880w, https:\/\/opinionpublica.com.ar\/index\/wp-content\/uploads\/2024\/07\/matias-lapadula-1-300x175.jpg 300w, https:\/\/opinionpublica.com.ar\/index\/wp-content\/uploads\/2024\/07\/matias-lapadula-1-768x447.jpg 768w\" sizes=\"(max-width: 880px) 100vw, 880px\" \/><\/a><\/p>\n<\/div>\n<\/div>\n<\/header>\n<div class=\"entry-content\">\n<p>Mat\u00edas Lapadula, legislador de Provincia Grande, se refiri\u00f3 con dureza al proceso de reforma constitucional en Tierra del Fuego, actualmente en espera de una decisi\u00f3n del Superior Tribunal de Justicia. Aunque enfatiz\u00f3 que acatar\u00e1 el fallo\u00a0<strong><em>\u00aba favor o en contra\u00bb<\/em><\/strong>, critic\u00f3 la falta de claridad y participaci\u00f3n ciudadana en la iniciativa impulsada por el oficialismo.<\/p>\n<p><strong><em>\u00abMe parece que no son tiempos de hacer una reforma constitucional y adem\u00e1s me parece que todo fue llevado muy de los pelos\u00bb<\/em><\/strong>, afirm\u00f3 en ((La 97)) Radio Fueguina. El legislador cuestion\u00f3 que el proyecto se aprobara\u00a0<strong><em>\u00absobre tablas a las 12 de la noche sin que nadie supiese de qu\u00e9 se trataba hasta que se present\u00f3\u00bb<\/em><\/strong>.<\/p>\n<div class=\"code-block code-block-1\">\n<div id=\"Content1\">\n<div id=\"google_ads_iframe_\/23279788734\/radiofueguina.com\/radiofueguina_Content1_0__container__\"><\/div>\n<\/div>\n<\/div>\n<p>Seg\u00fan Lapadula, la propuesta se limit\u00f3 a enumerar art\u00edculos a modificar, sin explicar los cambios concretos:\u00a0<strong><em>\u00ab\u00bfAlguien sabe cuando dicen \u2018vamos a modificar el art\u00edculo tal\u2019, qu\u00e9 quieren poner? Nadie sabe\u00bb<\/em><\/strong>.<\/p>\n<p>Para el referente de Provincia Grande, una reforma constitucional debe ser\u00a0<strong><em>\u00abimportante, consensuada y de cara a la gente\u00bb<\/em><\/strong>. Rechaz\u00f3 la metodolog\u00eda empleada hasta ahora \u2013<strong><em>\u00abtodo lo contrario\u00bb<\/em><\/strong>\u00a0a la transparencia-, pero adelant\u00f3 que, si la Justicia habilita el proceso, su espacio presentar\u00e1 un proyecto detallado.\u00a0<strong><em>\u00abVamos a trabajar en una propuesta que la gente valide en las elecciones\u00bb<\/em><\/strong>, prometi\u00f3, distanci\u00e1ndose de lo que considera un mero listado de art\u00edculos.<\/p>\n<div class=\"code-block code-block-2\">\n<div id=\"Content2\">\n<div id=\"google_ads_iframe_\/23279788734\/radiofueguina.com\/radiofueguina_Content2_0__container__\"><\/div>\n<\/div>\n<\/div>\n<p>Consultado sobre posibles candidatos a convencionales de su partido, Lapadula relativiz\u00f3 la discusi\u00f3n:\u00a0<strong><em>\u00abLo importante es el proyecto y qu\u00e9 queremos hacer\u00bb<\/em><\/strong>. Reconoci\u00f3 que su espacio mantuvo charlas preliminares sobre los aspectos mejorables de la Constituci\u00f3n, pero las suspendieron tras la medida judicial.\u00a0<strong><em>\u00abCon los problemas de OSEF, las escuelas y otras urgencias, seguir trabajando en una supuesta reforma no era lo correcto\u00bb<\/em><\/strong>, argument\u00f3, priorizando las demandas inmediatas de los vecinos.<\/p>\n<p>Mientras el Superior Tribunal define el futuro de la reforma, Mat\u00edas Lapadula insiste en un camino alternativo: claridad, participaci\u00f3n y priorizaci\u00f3n de las crisis actuales.<\/p>\n<\/div>\n","protected":false},"excerpt":{"rendered":"<p>Matias Lapadula: No son tiempos de hacer una reforma constitucional El legislador de Provincia Grande asegur\u00f3 que la<\/p>\n","protected":false},"author":5,"featured_media":4583,"comment_status":"open","ping_status":"open","sticky":false,"template":"","format":"standard","meta":{"footnotes":""},"categories":[2],"tags":[3314,3491,337,331,5],"class_list":["post-9735","post","type-post","status-publish","format-standard","has-post-thumbnail","hentry","category-tierra-del-fuego","tag-constitucion-provincal","tag-constitucional","tag-matias-lapadula","tag-reforma","tag-tierra-del-fuego"],"featured_image_urls":{"full":["https:\/\/opinionpublica.com.ar\/index\/wp-content\/uploads\/2024\/07\/matias-lapadula-1.jpg",880,512,false],"thumbnail":["https:\/\/opinionpublica.com.ar\/index\/wp-content\/uploads\/2024\/07\/matias-lapadula-1-150x150.jpg",150,150,true],"medium":["https:\/\/opinionpublica.com.ar\/index\/wp-content\/uploads\/2024\/07\/matias-lapadula-1-300x175.jpg",300,175,true],"medium_large":["https:\/\/opinionpublica.com.ar\/index\/wp-content\/uploads\/2024\/07\/matias-lapadula-1-768x447.jpg",640,373,true],"large":["https:\/\/opinionpublica.com.ar\/index\/wp-content\/uploads\/2024\/07\/matias-lapadula-1.jpg",640,372,false],"1536x1536":["https:\/\/opinionpublica.com.ar\/index\/wp-content\/uploads\/2024\/07\/matias-lapadula-1.jpg",880,512,false],"2048x2048":["https:\/\/opinionpublica.com.ar\/index\/wp-content\/uploads\/2024\/07\/matias-lapadula-1.jpg",880,512,false],"morenews-large":["https:\/\/opinionpublica.com.ar\/index\/wp-content\/uploads\/2024\/07\/matias-lapadula-1-825x512.jpg",825,512,true],"morenews-medium":["https:\/\/opinionpublica.com.ar\/index\/wp-content\/uploads\/2024\/07\/matias-lapadula-1-590x410.jpg",590,410,true]},"author_info":{"display_name":"Hal","author_link":"https:\/\/opinionpublica.com.ar\/index\/author\/hal\/"},"category_info":"<a href=\"https:\/\/opinionpublica.com.ar\/index\/category\/tierra-del-fuego\/\" rel=\"category tag\">Tierra del Fuego<\/a>","tag_info":"Tierra del Fuego","comment_count":"0","_links":{"self":[{"href":"https:\/\/opinionpublica.com.ar\/index\/wp-json\/wp\/v2\/posts\/9735","targetHints":{"allow":["GET"]}}],"collection":[{"href":"https:\/\/opinionpublica.com.ar\/index\/wp-json\/wp\/v2\/posts"}],"about":[{"href":"https:\/\/opinionpublica.com.ar\/index\/wp-json\/wp\/v2\/types\/post"}],"author":[{"embeddable":true,"href":"https:\/\/opinionpublica.com.ar\/index\/wp-json\/wp\/v2\/users\/5"}],"replies":[{"embeddable":true,"href":"https:\/\/opinionpublica.com.ar\/index\/wp-json\/wp\/v2\/comments?post=9735"}],"version-history":[{"count":1,"href":"https:\/\/opinionpublica.com.ar\/index\/wp-json\/wp\/v2\/posts\/9735\/revisions"}],"predecessor-version":[{"id":9736,"href":"https:\/\/opinionpublica.com.ar\/index\/wp-json\/wp\/v2\/posts\/9735\/revisions\/9736"}],"wp:featuredmedia":[{"embeddable":true,"href":"https:\/\/opinionpublica.com.ar\/index\/wp-json\/wp\/v2\/media\/4583"}],"wp:attachment":[{"href":"https:\/\/opinionpublica.com.ar\/index\/wp-json\/wp\/v2\/media?parent=9735"}],"wp:term":[{"taxonomy":"category","embeddable":true,"href":"https:\/\/opinionpublica.com.ar\/index\/wp-json\/wp\/v2\/categories?post=9735"},{"taxonomy":"post_tag","embeddable":true,"href":"https:\/\/opinionpublica.com.ar\/index\/wp-json\/wp\/v2\/tags?post=9735"}],"curies":[{"name":"wp","href":"https:\/\/api.w.org\/{rel}","templated":true}]}}