{"id":9737,"date":"2025-05-13T14:45:27","date_gmt":"2025-05-13T17:45:27","guid":{"rendered":"https:\/\/opinionpublica.com.ar\/index\/?p=9737"},"modified":"2025-05-13T14:45:27","modified_gmt":"2025-05-13T17:45:27","slug":"rga-alimentos-expande-la-soberania-alimentaria-en-la-provincia","status":"publish","type":"post","link":"https:\/\/opinionpublica.com.ar\/index\/rga-alimentos-expande-la-soberania-alimentaria-en-la-provincia\/","title":{"rendered":"RGA ALIMENTOS EXPANDE LA SOBERAN\u00cdA ALIMENTARIA EN LA PROVINCIA"},"content":{"rendered":"<header class=\"article-header entry-header\">\n<p class=\"entry-title single-title\"><strong>RGA ALIMENTOS EXPANDE LA SOBERAN\u00cdA ALIMENTARIA EN LA PROVINCIA E INGRESA TOMATES EN USHUAIA<\/strong><\/p>\n<p class=\"entry-excerpt\">R\u00edo Grande Activa, a trav\u00e9s de su marca RGA Alimentos, contin\u00faa consolidando su compromiso con la soberan\u00eda alimentaria en Tierra del Fuego. Luego del arribo de los pollos frescos, ahora se comercializan tomates agroecol\u00f3gicos en la ciudad de Ushuaia. Estos se pueden encontrar los fines de semana en la Carnicer\u00eda Trelew para que las y los vecinos accedan a productos sanos y seguros.<\/p>\n<div class=\"entry-thumb cf\"><a href=\"https:\/\/opinionpublica.com.ar\/index\/wp-content\/uploads\/2025\/05\/20250513081258_photo_4976947471007723322_w-rga-alimentos.jpg\"><img fetchpriority=\"high\" decoding=\"async\" class=\"alignnone size-full wp-image-9738\" src=\"https:\/\/opinionpublica.com.ar\/index\/wp-content\/uploads\/2025\/05\/20250513081258_photo_4976947471007723322_w-rga-alimentos.jpg\" alt=\"\" width=\"880\" height=\"586\" srcset=\"https:\/\/opinionpublica.com.ar\/index\/wp-content\/uploads\/2025\/05\/20250513081258_photo_4976947471007723322_w-rga-alimentos.jpg 880w, https:\/\/opinionpublica.com.ar\/index\/wp-content\/uploads\/2025\/05\/20250513081258_photo_4976947471007723322_w-rga-alimentos-300x200.jpg 300w, https:\/\/opinionpublica.com.ar\/index\/wp-content\/uploads\/2025\/05\/20250513081258_photo_4976947471007723322_w-rga-alimentos-768x511.jpg 768w\" sizes=\"(max-width: 880px) 100vw, 880px\" \/><\/a><\/div>\n<\/header>\n<section class=\"entry-content cf\">\n<div class=\"entry-share\">\n<div class=\"a2a_kit a2a_kit_size_32 addtoany_list\" data-a2a-url=\"https:\/\/www.lalicuadoratdf.com.ar\/2025\/05\/rga-alimentos-expande-la-soberania-alimentaria-en-la-provincia-e-ingresa-tomates-en-ushuaia\/\" data-a2a-title=\"RGA ALIMENTOS EXPANDE LA SOBERAN\u00cdA ALIMENTARIA EN LA PROVINCIA  E INGRESA TOMATES EN USHUAIA\"><\/div>\n<\/div>\n<p>RGA Alimentos comenz\u00f3 a comercializar tomates agroecol\u00f3gicos en Ushuaia hace un mes. Esta iniciativa, impulsada por el Municipio de R\u00edo Grande y R\u00edo Grande Activa, busca acercar m\u00e1s productos locales y saludables a los vecinos y vecinas de la provincia.<\/p>\n<p>El objetivo es continuar con el env\u00edo de tomates agroecol\u00f3gicos durante toda la temporada, garantizando el abastecimiento continuo de alimentos frescos y de calidad.<\/p>\n<p>Los tomates frescos, de calidad premium y cultivados sin agroqu\u00edmicos, representan un paso hacia un mayor compromiso con el cuidado del ambiente y la salud de nuestra comunidad. A trav\u00e9s de un trabajo articulado entre el sector p\u00fablico y privado, es posible seguir ofreciendo alimentos sanos y seguros a los fueguinos, avanzando hacia una alimentaci\u00f3n sostenible y una verdadera soberan\u00eda alimentaria.<\/p>\n<p>Al respecto, el presidente de R\u00edo Grande Activa, Juan Pablo Deluca, expres\u00f3 que \u00abcon la llegada de nuestros tomates premium a Ushuaia seguimos ampliando la oferta de productos frescos en toda la provincia. Esto nos llena de orgullo; no hay nada mejor para los fueguinos que la producci\u00f3n fueguina\u00bb.<\/p>\n<p>Adem\u00e1s, manifest\u00f3 que \u00abestamos teniendo una excelente aceptaci\u00f3n de nuestros productos. Esto nos da aliento a nosotros y tambi\u00e9n al resto de los productores de alimentos fueguinos. Los alimentos frescos locales son muy superiores a los tra\u00eddos de afuera\u201d.<\/p>\n<p>Con pol\u00edticas p\u00fablicas que promueven el desarrollo productivo y el consumo de alimentos saludables y accesibles, el Municipio de nuestra ciudad, a trav\u00e9s de R\u00edo Grande Activa, apuesta a la soberan\u00eda alimentaria para lograr una provincia sostenible, con valor agregado, calidad y empleo local.<\/p>\n<\/section>\n","protected":false},"excerpt":{"rendered":"<p>RGA ALIMENTOS EXPANDE LA SOBERAN\u00cdA ALIMENTARIA EN LA PROVINCIA E INGRESA TOMATES EN USHUAIA R\u00edo Grande Activa, a<\/p>\n","protected":false},"author":5,"featured_media":9738,"comment_status":"open","ping_status":"open","sticky":false,"template":"","format":"standard","meta":{"footnotes":""},"categories":[25],"tags":[3492,3066],"class_list":["post-9737","post","type-post","status-publish","format-standard","has-post-thumbnail","hentry","category-rio-grande","tag-agroecologicos","tag-rga-alimentos"],"featured_image_urls":{"full":["https:\/\/opinionpublica.com.ar\/index\/wp-content\/uploads\/2025\/05\/20250513081258_photo_4976947471007723322_w-rga-alimentos.jpg",880,586,false],"thumbnail":["https:\/\/opinionpublica.com.ar\/index\/wp-content\/uploads\/2025\/05\/20250513081258_photo_4976947471007723322_w-rga-alimentos-150x150.jpg",150,150,true],"medium":["https:\/\/opinionpublica.com.ar\/index\/wp-content\/uploads\/2025\/05\/20250513081258_photo_4976947471007723322_w-rga-alimentos-300x200.jpg",300,200,true],"medium_large":["https:\/\/opinionpublica.com.ar\/index\/wp-content\/uploads\/2025\/05\/20250513081258_photo_4976947471007723322_w-rga-alimentos-768x511.jpg",640,426,true],"large":["https:\/\/opinionpublica.com.ar\/index\/wp-content\/uploads\/2025\/05\/20250513081258_photo_4976947471007723322_w-rga-alimentos.jpg",640,426,false],"1536x1536":["https:\/\/opinionpublica.com.ar\/index\/wp-content\/uploads\/2025\/05\/20250513081258_photo_4976947471007723322_w-rga-alimentos.jpg",880,586,false],"2048x2048":["https:\/\/opinionpublica.com.ar\/index\/wp-content\/uploads\/2025\/05\/20250513081258_photo_4976947471007723322_w-rga-alimentos.jpg",880,586,false],"morenews-large":["https:\/\/opinionpublica.com.ar\/index\/wp-content\/uploads\/2025\/05\/20250513081258_photo_4976947471007723322_w-rga-alimentos-825x575.jpg",825,575,true],"morenews-medium":["https:\/\/opinionpublica.com.ar\/index\/wp-content\/uploads\/2025\/05\/20250513081258_photo_4976947471007723322_w-rga-alimentos-590x410.jpg",590,410,true]},"author_info":{"display_name":"Hal","author_link":"https:\/\/opinionpublica.com.ar\/index\/author\/hal\/"},"category_info":"<a href=\"https:\/\/opinionpublica.com.ar\/index\/category\/rio-grande\/\" rel=\"category tag\">Rio Grande<\/a>","tag_info":"Rio Grande","comment_count":"0","_links":{"self":[{"href":"https:\/\/opinionpublica.com.ar\/index\/wp-json\/wp\/v2\/posts\/9737","targetHints":{"allow":["GET"]}}],"collection":[{"href":"https:\/\/opinionpublica.com.ar\/index\/wp-json\/wp\/v2\/posts"}],"about":[{"href":"https:\/\/opinionpublica.com.ar\/index\/wp-json\/wp\/v2\/types\/post"}],"author":[{"embeddable":true,"href":"https:\/\/opinionpublica.com.ar\/index\/wp-json\/wp\/v2\/users\/5"}],"replies":[{"embeddable":true,"href":"https:\/\/opinionpublica.com.ar\/index\/wp-json\/wp\/v2\/comments?post=9737"}],"version-history":[{"count":1,"href":"https:\/\/opinionpublica.com.ar\/index\/wp-json\/wp\/v2\/posts\/9737\/revisions"}],"predecessor-version":[{"id":9739,"href":"https:\/\/opinionpublica.com.ar\/index\/wp-json\/wp\/v2\/posts\/9737\/revisions\/9739"}],"wp:featuredmedia":[{"embeddable":true,"href":"https:\/\/opinionpublica.com.ar\/index\/wp-json\/wp\/v2\/media\/9738"}],"wp:attachment":[{"href":"https:\/\/opinionpublica.com.ar\/index\/wp-json\/wp\/v2\/media?parent=9737"}],"wp:term":[{"taxonomy":"category","embeddable":true,"href":"https:\/\/opinionpublica.com.ar\/index\/wp-json\/wp\/v2\/categories?post=9737"},{"taxonomy":"post_tag","embeddable":true,"href":"https:\/\/opinionpublica.com.ar\/index\/wp-json\/wp\/v2\/tags?post=9737"}],"curies":[{"name":"wp","href":"https:\/\/api.w.org\/{rel}","templated":true}]}}