{"id":9741,"date":"2025-05-14T16:38:46","date_gmt":"2025-05-14T19:38:46","guid":{"rendered":"https:\/\/opinionpublica.com.ar\/index\/?p=9741"},"modified":"2025-05-14T16:38:46","modified_gmt":"2025-05-14T19:38:46","slug":"se-viene-la-reforma-migratoria","status":"publish","type":"post","link":"https:\/\/opinionpublica.com.ar\/index\/se-viene-la-reforma-migratoria\/","title":{"rendered":"SE VIENE LA REFORMA MIGRATORIA"},"content":{"rendered":"<p><strong>SE VIENE LA REFORMA MIGRATORIA<\/strong><\/p>\n<p id=\"el-gobierno-anuncio-su-reforma-migratoria-que-incluira-mas-requisitos-para-la-residencia-a-extranjeros-y-deportacion-expres\" class=\"display-block article-headline text_align_left\">El Gobierno anunci\u00f3 su reforma migratoria, que incluir\u00e1 m\u00e1s requisitos para la residencia a extranjeros y deportaci\u00f3n expr\u00e9s<\/p>\n<p class=\"article-subheadline text_align_left\">El vocero presidencial, Manuel Adorni, comunic\u00f3 la medida esta ma\u00f1ana. En los pr\u00f3ximos d\u00edas se publicar\u00e1 un DNU en el Bolet\u00edn Oficial.<\/p>\n<p><a href=\"https:\/\/opinionpublica.com.ar\/index\/wp-content\/uploads\/2024\/03\/vocero-adorni.jpg\"><img fetchpriority=\"high\" decoding=\"async\" class=\"alignnone size-full wp-image-1238\" src=\"https:\/\/opinionpublica.com.ar\/index\/wp-content\/uploads\/2024\/03\/vocero-adorni.jpg\" alt=\"\" width=\"1500\" height=\"964\" srcset=\"https:\/\/opinionpublica.com.ar\/index\/wp-content\/uploads\/2024\/03\/vocero-adorni.jpg 1500w, https:\/\/opinionpublica.com.ar\/index\/wp-content\/uploads\/2024\/03\/vocero-adorni-300x193.jpg 300w, https:\/\/opinionpublica.com.ar\/index\/wp-content\/uploads\/2024\/03\/vocero-adorni-1024x658.jpg 1024w, https:\/\/opinionpublica.com.ar\/index\/wp-content\/uploads\/2024\/03\/vocero-adorni-768x494.jpg 768w\" sizes=\"(max-width: 1500px) 100vw, 1500px\" \/><\/a><\/p>\n<p>&nbsp;<\/p>\n<p>Ingreso y permanencia:<br \/>\n\u2022Se rechazar\u00e1 el ingreso a todo condenado por cualquier delito.<br \/>\n\u2022Se expulsar\u00e1 inmediatamente a quienes ingresen por pasos no habilitados.<br \/>\n\u2022Tambi\u00e9n ser\u00e1n expulsados quienes mientan al proporcionar informaci\u00f3n migratoria.<\/p>\n<p>Deportaci\u00f3n obligatoria:<br \/>\n\u2022Todo inmigrante condenado por cualquier delito ser\u00e1 deportado, sin importar la gravedad.<br \/>\n\u2022Se acelerar\u00e1n los plazos de los procesos de deportaci\u00f3n.<\/p>\n<p>Acceso a servicios p\u00fablicos:<br \/>\n\u2022Ilegales, residentes transitorios y temporales deber\u00e1n pagar por la atenci\u00f3n m\u00e9dica.<br \/>\n\u2022Se exigir\u00e1 un seguro m\u00e9dico obligatorio para ingresar al pa\u00eds.<br \/>\n\u2022Las universidades nacionales podr\u00e1n cobrar a estudiantes extranjeros si lo desean, respetando la autonom\u00eda de las universidades.<\/p>\n<p>Ciudadan\u00eda y residencia:<br \/>\n\u2022La residencia permanente y la ciudadan\u00eda ser\u00e1n m\u00e1s dif\u00edciles de obtener.<br \/>\n\u2022Para acceder a la ciudadan\u00eda, se requerir\u00e1n 2 a\u00f1os de residencia continua sin salir del pa\u00eds.<br \/>\n\u2022Se eliminar\u00e1n los beneficios sociales para quienes est\u00e9n en situaci\u00f3n irregular<\/p>\n","protected":false},"excerpt":{"rendered":"<p>SE VIENE LA REFORMA MIGRATORIA El Gobierno anunci\u00f3 su reforma migratoria, que incluir\u00e1 m\u00e1s requisitos para la residencia<\/p>\n","protected":false},"author":5,"featured_media":1238,"comment_status":"open","ping_status":"open","sticky":false,"template":"","format":"standard","meta":{"footnotes":""},"categories":[3],"tags":[2513,3493],"class_list":["post-9741","post","type-post","status-publish","format-standard","has-post-thumbnail","hentry","category-nacionales","tag-manuel-adorni","tag-reforma-migratoria"],"featured_image_urls":{"full":["https:\/\/opinionpublica.com.ar\/index\/wp-content\/uploads\/2024\/03\/vocero-adorni.jpg",1500,964,false],"thumbnail":["https:\/\/opinionpublica.com.ar\/index\/wp-content\/uploads\/2024\/03\/vocero-adorni-150x150.jpg",150,150,true],"medium":["https:\/\/opinionpublica.com.ar\/index\/wp-content\/uploads\/2024\/03\/vocero-adorni-300x193.jpg",300,193,true],"medium_large":["https:\/\/opinionpublica.com.ar\/index\/wp-content\/uploads\/2024\/03\/vocero-adorni-768x494.jpg",640,412,true],"large":["https:\/\/opinionpublica.com.ar\/index\/wp-content\/uploads\/2024\/03\/vocero-adorni-1024x658.jpg",640,411,true],"1536x1536":["https:\/\/opinionpublica.com.ar\/index\/wp-content\/uploads\/2024\/03\/vocero-adorni.jpg",1500,964,false],"2048x2048":["https:\/\/opinionpublica.com.ar\/index\/wp-content\/uploads\/2024\/03\/vocero-adorni.jpg",1500,964,false],"morenews-large":["https:\/\/opinionpublica.com.ar\/index\/wp-content\/uploads\/2024\/03\/vocero-adorni-825x575.jpg",825,575,true],"morenews-medium":["https:\/\/opinionpublica.com.ar\/index\/wp-content\/uploads\/2024\/03\/vocero-adorni-590x410.jpg",590,410,true]},"author_info":{"display_name":"Hal","author_link":"https:\/\/opinionpublica.com.ar\/index\/author\/hal\/"},"category_info":"<a href=\"https:\/\/opinionpublica.com.ar\/index\/category\/nacionales\/\" rel=\"category tag\">Nacionales<\/a>","tag_info":"Nacionales","comment_count":"0","_links":{"self":[{"href":"https:\/\/opinionpublica.com.ar\/index\/wp-json\/wp\/v2\/posts\/9741","targetHints":{"allow":["GET"]}}],"collection":[{"href":"https:\/\/opinionpublica.com.ar\/index\/wp-json\/wp\/v2\/posts"}],"about":[{"href":"https:\/\/opinionpublica.com.ar\/index\/wp-json\/wp\/v2\/types\/post"}],"author":[{"embeddable":true,"href":"https:\/\/opinionpublica.com.ar\/index\/wp-json\/wp\/v2\/users\/5"}],"replies":[{"embeddable":true,"href":"https:\/\/opinionpublica.com.ar\/index\/wp-json\/wp\/v2\/comments?post=9741"}],"version-history":[{"count":1,"href":"https:\/\/opinionpublica.com.ar\/index\/wp-json\/wp\/v2\/posts\/9741\/revisions"}],"predecessor-version":[{"id":9742,"href":"https:\/\/opinionpublica.com.ar\/index\/wp-json\/wp\/v2\/posts\/9741\/revisions\/9742"}],"wp:featuredmedia":[{"embeddable":true,"href":"https:\/\/opinionpublica.com.ar\/index\/wp-json\/wp\/v2\/media\/1238"}],"wp:attachment":[{"href":"https:\/\/opinionpublica.com.ar\/index\/wp-json\/wp\/v2\/media?parent=9741"}],"wp:term":[{"taxonomy":"category","embeddable":true,"href":"https:\/\/opinionpublica.com.ar\/index\/wp-json\/wp\/v2\/categories?post=9741"},{"taxonomy":"post_tag","embeddable":true,"href":"https:\/\/opinionpublica.com.ar\/index\/wp-json\/wp\/v2\/tags?post=9741"}],"curies":[{"name":"wp","href":"https:\/\/api.w.org\/{rel}","templated":true}]}}