{"id":9743,"date":"2025-05-14T16:43:48","date_gmt":"2025-05-14T19:43:48","guid":{"rendered":"https:\/\/opinionpublica.com.ar\/index\/?p=9743"},"modified":"2025-05-14T16:43:48","modified_gmt":"2025-05-14T19:43:48","slug":"paro-por-tiempo-indeterminado-de-la-uom-tierra-del-fuego","status":"publish","type":"post","link":"https:\/\/opinionpublica.com.ar\/index\/paro-por-tiempo-indeterminado-de-la-uom-tierra-del-fuego\/","title":{"rendered":"Paro por tiempo indeterminado de la UOM Tierra del Fuego"},"content":{"rendered":"<header class=\"entry-header-outer\">\n<div class=\"entry-header\">\n<p class=\"post-title entry-title\"><strong>Paro por tiempo indeterminado de la UOM Tierra del Fuego<\/strong><\/p>\n<p class=\"entry-sub-title\">Las medidas anunciadas por el gobierno entreguista de Milei tiene su respuesta en Rio Grande y Ushuaia<\/p>\n<p><a href=\"https:\/\/opinionpublica.com.ar\/index\/wp-content\/uploads\/2025\/04\/20250421135205_conferencia-uom-rio-grande.jpg\"><img fetchpriority=\"high\" decoding=\"async\" class=\"alignnone size-full wp-image-9441\" src=\"https:\/\/opinionpublica.com.ar\/index\/wp-content\/uploads\/2025\/04\/20250421135205_conferencia-uom-rio-grande.jpg\" alt=\"\" width=\"880\" height=\"512\" srcset=\"https:\/\/opinionpublica.com.ar\/index\/wp-content\/uploads\/2025\/04\/20250421135205_conferencia-uom-rio-grande.jpg 880w, https:\/\/opinionpublica.com.ar\/index\/wp-content\/uploads\/2025\/04\/20250421135205_conferencia-uom-rio-grande-300x175.jpg 300w, https:\/\/opinionpublica.com.ar\/index\/wp-content\/uploads\/2025\/04\/20250421135205_conferencia-uom-rio-grande-768x447.jpg 768w\" sizes=\"(max-width: 880px) 100vw, 880px\" \/><\/a><\/p>\n<\/div>\n<\/header>\n<div class=\"entry-content entry clearfix\">\n<p>Tambi\u00e9n se espera una movilizaci\u00f3n, que promete ser hist\u00f3rica, como repudio a la baja de aranceles a los productos electr\u00f3nicos\u00a0 dispuesta por el gobierno nacional y que aseguran, ser\u00e1 el f\u00edn de la vida econ\u00f3mica de la isla.<\/p>\n<p>Esta respuesta del pueblo fueguino, puede ser solo el comienzo de una escalada de protestas masivas en todo el pa\u00eds, y que seguramente obligar\u00e1 a las distintas conducciones gremiales, a reaccionar ante el atropello del gobierno de Javier Milei y su banda de empresarios, que solo prestan atenci\u00f3n a los movimiento y ganancias que les propina el carry trade<\/p>\n<p>Federico Sturzenegger expres\u00f3 entre otras cosas que, \u00abes cierto que<strong>\u00a0la menor protecci\u00f3n (a la industria por la baja de aranceles) pueda reducir alg\u00fan empleo en la isla<\/strong>, pero el menor costo de la electr\u00f3nica para 47 millones de argentinos implica un dinero \u2018extra\u2019 en el bolsillo que gastar\u00e1n en otras cosas\u00bb.<\/p>\n<p>El ministro ha relatado como, cuando le llevaron a Milei el plan de destrucci\u00f3n del estado al electo presidente, \u00e9ste gem\u00eda como si estuviera en plena sesi\u00f3n de sexo desenfrenado y de la cual no se ha bajado desde que ha sido electo.<\/p>\n<p>La extensa siesta de algunos popes sindicales, promete interrumpirse por la fuerza de los hechos, como ocurriera en el 2001, con el agravante que asistimos esta vez, al m\u00e1s grande atropello a la propia soberan\u00eda nacional<\/p>\n<\/div>\n","protected":false},"excerpt":{"rendered":"<p>Paro por tiempo indeterminado de la UOM Tierra del Fuego Las medidas anunciadas por el gobierno entreguista de<\/p>\n","protected":false},"author":5,"featured_media":9441,"comment_status":"open","ping_status":"open","sticky":false,"template":"","format":"standard","meta":{"footnotes":""},"categories":[2],"tags":[523,350],"class_list":["post-9743","post","type-post","status-publish","format-standard","has-post-thumbnail","hentry","category-tierra-del-fuego","tag-paro-general","tag-uom"],"featured_image_urls":{"full":["https:\/\/opinionpublica.com.ar\/index\/wp-content\/uploads\/2025\/04\/20250421135205_conferencia-uom-rio-grande.jpg",880,512,false],"thumbnail":["https:\/\/opinionpublica.com.ar\/index\/wp-content\/uploads\/2025\/04\/20250421135205_conferencia-uom-rio-grande-150x150.jpg",150,150,true],"medium":["https:\/\/opinionpublica.com.ar\/index\/wp-content\/uploads\/2025\/04\/20250421135205_conferencia-uom-rio-grande-300x175.jpg",300,175,true],"medium_large":["https:\/\/opinionpublica.com.ar\/index\/wp-content\/uploads\/2025\/04\/20250421135205_conferencia-uom-rio-grande-768x447.jpg",640,373,true],"large":["https:\/\/opinionpublica.com.ar\/index\/wp-content\/uploads\/2025\/04\/20250421135205_conferencia-uom-rio-grande.jpg",640,372,false],"1536x1536":["https:\/\/opinionpublica.com.ar\/index\/wp-content\/uploads\/2025\/04\/20250421135205_conferencia-uom-rio-grande.jpg",880,512,false],"2048x2048":["https:\/\/opinionpublica.com.ar\/index\/wp-content\/uploads\/2025\/04\/20250421135205_conferencia-uom-rio-grande.jpg",880,512,false],"morenews-large":["https:\/\/opinionpublica.com.ar\/index\/wp-content\/uploads\/2025\/04\/20250421135205_conferencia-uom-rio-grande-825x512.jpg",825,512,true],"morenews-medium":["https:\/\/opinionpublica.com.ar\/index\/wp-content\/uploads\/2025\/04\/20250421135205_conferencia-uom-rio-grande-590x410.jpg",590,410,true]},"author_info":{"display_name":"Hal","author_link":"https:\/\/opinionpublica.com.ar\/index\/author\/hal\/"},"category_info":"<a href=\"https:\/\/opinionpublica.com.ar\/index\/category\/tierra-del-fuego\/\" rel=\"category tag\">Tierra del Fuego<\/a>","tag_info":"Tierra del Fuego","comment_count":"0","_links":{"self":[{"href":"https:\/\/opinionpublica.com.ar\/index\/wp-json\/wp\/v2\/posts\/9743","targetHints":{"allow":["GET"]}}],"collection":[{"href":"https:\/\/opinionpublica.com.ar\/index\/wp-json\/wp\/v2\/posts"}],"about":[{"href":"https:\/\/opinionpublica.com.ar\/index\/wp-json\/wp\/v2\/types\/post"}],"author":[{"embeddable":true,"href":"https:\/\/opinionpublica.com.ar\/index\/wp-json\/wp\/v2\/users\/5"}],"replies":[{"embeddable":true,"href":"https:\/\/opinionpublica.com.ar\/index\/wp-json\/wp\/v2\/comments?post=9743"}],"version-history":[{"count":1,"href":"https:\/\/opinionpublica.com.ar\/index\/wp-json\/wp\/v2\/posts\/9743\/revisions"}],"predecessor-version":[{"id":9744,"href":"https:\/\/opinionpublica.com.ar\/index\/wp-json\/wp\/v2\/posts\/9743\/revisions\/9744"}],"wp:featuredmedia":[{"embeddable":true,"href":"https:\/\/opinionpublica.com.ar\/index\/wp-json\/wp\/v2\/media\/9441"}],"wp:attachment":[{"href":"https:\/\/opinionpublica.com.ar\/index\/wp-json\/wp\/v2\/media?parent=9743"}],"wp:term":[{"taxonomy":"category","embeddable":true,"href":"https:\/\/opinionpublica.com.ar\/index\/wp-json\/wp\/v2\/categories?post=9743"},{"taxonomy":"post_tag","embeddable":true,"href":"https:\/\/opinionpublica.com.ar\/index\/wp-json\/wp\/v2\/tags?post=9743"}],"curies":[{"name":"wp","href":"https:\/\/api.w.org\/{rel}","templated":true}]}}