{"id":9745,"date":"2025-05-14T16:49:48","date_gmt":"2025-05-14T19:49:48","guid":{"rendered":"https:\/\/opinionpublica.com.ar\/index\/?p=9745"},"modified":"2025-05-14T16:49:48","modified_gmt":"2025-05-14T19:49:48","slug":"caputo-prometio-seguir-bajando-impuestos-y-reclamo-a-las-provincias-reducir-la-carga-tributaria","status":"publish","type":"post","link":"https:\/\/opinionpublica.com.ar\/index\/caputo-prometio-seguir-bajando-impuestos-y-reclamo-a-las-provincias-reducir-la-carga-tributaria\/","title":{"rendered":"Caputo prometi\u00f3 seguir bajando impuestos y reclam\u00f3 a las provincias reducir la carga tributaria"},"content":{"rendered":"<div class=\"lay --apertura\">\n<div class=\"row\">\n<div class=\"col-12\">\n<p class=\"com-title --font-primary --sixxl --font-extra\"><strong>Caputo prometi\u00f3 seguir bajando impuestos y reclam\u00f3 a las provincias reducir la carga tributaria<\/strong><\/p>\n<\/div>\n<\/div>\n<\/div>\n<div class=\"lay-sidebar\">\n<div class=\"sidebar__main\">\n<div class=\"row\">\n<div class=\"col-12 \">\n<p class=\"com-subhead --bajada --m-xs-\">El ministro de Econom\u00eda afirm\u00f3 que el pa\u00eds crecer\u00e1 6% los pr\u00f3ximos siete a\u00f1os, lo que permitir\u00e1 reducir grav\u00e1menes.<\/p>\n<p><a href=\"https:\/\/opinionpublica.com.ar\/index\/wp-content\/uploads\/2024\/12\/674f430d7b633_940_529-toto-caputo.jpg\"><img fetchpriority=\"high\" decoding=\"async\" class=\"alignnone size-full wp-image-7615\" src=\"https:\/\/opinionpublica.com.ar\/index\/wp-content\/uploads\/2024\/12\/674f430d7b633_940_529-toto-caputo.jpg\" alt=\"\" width=\"940\" height=\"529\" srcset=\"https:\/\/opinionpublica.com.ar\/index\/wp-content\/uploads\/2024\/12\/674f430d7b633_940_529-toto-caputo.jpg 940w, https:\/\/opinionpublica.com.ar\/index\/wp-content\/uploads\/2024\/12\/674f430d7b633_940_529-toto-caputo-300x169.jpg 300w, https:\/\/opinionpublica.com.ar\/index\/wp-content\/uploads\/2024\/12\/674f430d7b633_940_529-toto-caputo-768x432.jpg 768w\" sizes=\"(max-width: 940px) 100vw, 940px\" \/><\/a><\/p>\n<\/div>\n<\/div>\n<section class=\"cuerpo__nota\">\n<div class=\"row\">\n<div class=\"col-deskxl-10 offset-deskxl-1 col-desksm-11\">\n<div class=\"row\">\n<div class=\"col-12\">\n<p class=\"com-paragraph  --capital --s\">El ministro de Econom\u00eda, Luis Caputo, prometi\u00f3 que seguir\u00e1 bajando impuestos y filtr\u00f3 un reclamo a los gobernadores. \u201c<strong>De paso, aprovecho para pedir que metan presi\u00f3n a las provincias para que tambi\u00e9n los bajen<\/strong>\u201d.<\/p>\n<p class=\"com-paragraph   --s\">La reducci\u00f3n de la carga tributaria ser\u00e1 posible, seg\u00fan anticip\u00f3 el funcionario, porque la Argentina puede crecer 6% o incluso m\u00e1s, no solo este a\u00f1o, sino los pr\u00f3ximos siete.<\/p>\n<div class=\"ln-banner-container --middle_1_dsk\">\n<div id=\"middle_1_dsk\" class=\"ln-banner\" data-slot-group=\"nota\" data-device=\"desktop\" data-subscription=\"true\" data-ad-unit-path=\"\/133919216\/la_nacion_desktop\/Nota\/middle_1_dsk\" data-targeting=\"{&quot;sitio&quot;:&quot;lanacion&quot;,&quot;seccion&quot;:&quot;nota&quot;}\" data-without-hide=\"true\" data-size=\"[[1,1],[640,360],[640,480],[728,90]]\" data-sizemap=\"[]\" data-prebid-enabled=\"true\" data-google-query-id=\"CNnKjLnco40DFc-DYQYdThEBPg\">\n<div id=\"google_ads_iframe_\/133919216\/la_nacion_desktop\/Nota\/middle_1_dsk_0__container__\"><\/div>\n<\/div>\n<\/div>\n<p class=\"com-paragraph   --s\"><strong>Caputo despleg\u00f3 su confianza en el rumbo del pa\u00eds en el 42\u00b0 Congreso Anual del IAEF, organizado en el Centro de Convenciones.<\/strong>\u00a0Aprovech\u00f3 para elogiar al presidente, Javier Milei, a quien tild\u00f3 como el \u00fanico que tiene la personalidad y el coraje como para llevar el actual programa econ\u00f3mico adelante. Minutos despu\u00e9s, el propio Milei cerr\u00f3 el encuentro.<\/p>\n<p class=\"com-paragraph   --s\">El crecimiento que proyecta, seg\u00fan dijo, se va a traducir en una mayor recaudaci\u00f3n. \u201cComo va a seguir la motosierra, el super\u00e1vit va a ser m\u00e1s alto, lo que nos va a permitir devolverle al sector privado mediante la baja de impuestos.<strong>\u00a0Si el pa\u00eds creciera entre 6% y 8% hasta 2031, estar\u00edamos devolvi\u00e9ndole al sector privado entre US$450.000 y US$500.000 millones al sector privado<\/strong>\u201d, afirm\u00f3. Y, otra vez, envalentonado por los aplausos, agreg\u00f3: \u201cEse tendr\u00eda que ser un incentivo enorme para el sector privado para que apoye nuestro programa y las reformas que son necesarias\u201d.<\/p>\n<p class=\"com-paragraph   --s\">El ministro fue un paso m\u00e1s all\u00e1 y\u00a0<strong>subray\u00f3 que este gobierno va a hacer lo contrario a lo que hac\u00eda el kirchnerismo, \u201cque le sacaba plata al sector privado y agrandaba el estado\u201d<\/strong>.<\/p>\n<div class=\"ln-banner-container --middle_2_dsk\">\n<div id=\"middle_2_dsk\" class=\"ln-banner\" data-slot-group=\"nota\" data-device=\"desktop\" data-subscription=\"true\" data-ad-unit-path=\"\/133919216\/la_nacion_desktop\/Nota\/middle_2_dsk\" data-targeting=\"{&quot;sitio&quot;:&quot;lanacion&quot;,&quot;seccion&quot;:&quot;nota&quot;}\" data-without-hide=\"true\" data-size=\"[[1,1],[728,90]]\" data-sizemap=\"[]\" data-prebid-enabled=\"true\" data-google-query-id=\"CJ3tkbnco40DFc-DYQYdThEBPg\">\n<div id=\"google_ads_iframe_\/133919216\/la_nacion_desktop\/Nota\/middle_2_dsk_0__container__\"><\/div>\n<\/div>\n<\/div>\n<p class=\"com-paragraph   --s\">Luego a\u00f1adi\u00f3: \u201cNosotros hacemos el camino exactamente inverso, con lo que bajamos el impuesto inflacionario y otros impuestos. Imag\u00ednense lo que puede ser el pa\u00eds dentro de tres o cuatro a\u00f1os: se van la mayor\u00eda de los impuestos. De paso, aprovecho para pedir que metan presi\u00f3n a las provincias para que tambi\u00e9n los bajen\u201d.<\/p>\n<p class=\"com-paragraph   --s\">Claro que el d\u00f3lar y la inflaci\u00f3n no pod\u00edan quedar afuera de su an\u00e1lisis y, sobre todo, de las preguntas que les llegaban desde los directivos de finanzas presentes en Congreso del IAEF.\u00a0<strong>En cuanto a la moneda estadounidense, reiter\u00f3 que no se va a intervenir dentro de la banda que se ha fijado \u2013un piso de $1000 y un techo de $1400-.\u00a0<\/strong>\u201cDijimos que la banda es esa, que ah\u00ed vamos a flotar y eso es lo que vamos a hacer, porque eso es lo que le da credibilidad al programa\u201d, dijo.<\/p>\n<p class=\"com-paragraph   --s\"><strong>Respecto de la inflaci\u00f3n, fue terminante: \u201cVa a colapsar\u201d<\/strong>. Y explic\u00f3 que\u00a0<strong>eso va a suceder porque ahora existen condiciones que antes no hab\u00eda, como super\u00e1vit fiscal, emisi\u00f3n cero desde hace un a\u00f1o y un Banco Central (BCRA) muy bien capitalizado por primera vez en el a\u00f1o<\/strong>.<\/p>\n<p class=\"com-paragraph   --s\">\u201cEsto no pasa hace 120 a\u00f1os. Esta es la forma de controlar la inflaci\u00f3n<strong>.\u00a0<\/strong>Soy optimista de que esto va a ser un proceso en el que en los pr\u00f3ximos 12 meses estaremos convergiendo con la inflaci\u00f3n internacional. Creo que nos va a sorprender y va a ser m\u00e1s r\u00e1pido de lo que se cree\u201d, se anim\u00f3.<\/p>\n<p class=\"com-paragraph   --s\"><strong>Caputo enfatiz\u00f3, adem\u00e1s, que el riesgo pa\u00eds tambi\u00e9n deber\u00eda bajar. \u00bfPor qu\u00e9 eso no pasa a\u00fan? \u201cPorque hay cosas que pesan: nuestra historia como pa\u00eds y el riesgo a la vuelta del kirchnerismo, que para algunos es un riesgo que est\u00e1.\u00a0<\/strong>Ahora, si uno viniera hoy de Marte, en uno de los primeros pa\u00edses en los que invertir\u00eda ser\u00eda en la Argentina. El riesgo pa\u00eds actual es el costo del pasado lejano y el pasado cercano, por eso es importante el apoyo de la gente\u201d, dijo.<\/p>\n<p class=\"com-paragraph   --s\">El ministro insisti\u00f3 en que la foto de hoy era inimaginable hace 16 meses. \u201cPero lo importante no es la foto -continu\u00f3-, sino la pel\u00edcula, que por primera vez es buena en la Argentina.\u00a0<strong>Hoy es la primera vez que hay un orden macroecon\u00f3mico por decisi\u00f3n pol\u00edtica, no porque venimos de una crisis<\/strong>. Nuestro Presidente tiene la personalidad y el convencimiento para cambiar las cosas. Aprovech\u00e9moslo\u201d.<\/p>\n<p class=\"com-paragraph   --s\">A la hora de hablar de las turbulencias de los mercados internacionales que podr\u00edan repercutir en la Argentina, Caputo dijo que lo \u00fanico que se puede hacer ante eso es m\u00e1s ortodoxia. \u201cRiesgo de shock externo va a haber siempre y la \u00fanica forma de no contagiarse es tener la macroeconom\u00eda ordenada. Cuando te agarran con la macro desordenada pag\u00e1s un costo, que es lo que est\u00e1bamos acostumbrados que le sucediera a la Argentina.\u00a0<strong>Hoy la actitud nuestra es distinta: dado un shock externo no nos vamos a mover ni un cent\u00edmetro del orden macro<\/strong>\u201d.<\/p>\n<p class=\"com-paragraph   --s\">Ante una pregunta sobre cu\u00e1l considera que fue el mayor logro del Gobierno, el ministro respondi\u00f3: \u201c<strong>El haber evitado una crisis que la historia muestra que parec\u00eda inevitable<\/strong>. Por much\u00edsimo menos, la Argentina cay\u00f3 en crisis terminales. De hecho, todo el mundo me dec\u00eda que no aceptara el cargo, porque el primero que agarra en Econom\u00eda es el que asume el costo\u201d.<\/p>\n<p class=\"com-paragraph   --s\">Esa crisis que se evit\u00f3, continu\u00f3 Caputo, hubiera llevado la pobreza al 90%. \u201c<strong>Tenemos tanta confianza en lo que se est\u00e1 haciendo que ojal\u00e1 se la podamos contagiar a muchos m\u00e1s, porque bajar\u00edamos mucho m\u00e1s r\u00e1pido los impuestos y saldr\u00edan muchos m\u00e1s argentinos de la pobreza<\/strong>\u201d, enfatiz\u00f3.<\/p>\n<p class=\"com-paragraph   --s\">Con vistas a los pr\u00f3ximos dos a\u00f1os y medio, el ministro detall\u00f3 lo que pueden esperar del actual gobierno los argentinos. \u201c<strong>Habr\u00e1 m\u00e1s baja de impuestos, m\u00e1s eliminaci\u00f3n de regulaciones, m\u00e1s apertura econ\u00f3mica y, si tenemos el apoyo de la gente en las elecciones, reformas estructurales,\u00a0<\/strong>que ya tenemos listas, pero sabemos que no podemos mandar al Congreso, porque hay una buena parte del Congreso que no quiere que al pa\u00eds le vaya bien\u201d, concluy\u00f3, nuevamente, bajo el sonido de los aplausos.<\/p>\n<section class=\"container-center-100 mb-32\">\n<div class=\"grid grid-cols-2_m gap-12 py-16 py-12_m\">\n<div class=\"flex flex-column gap-4\">\n<div class=\"flex flex-column brand-color\">\n<div class=\"row\">\n<div class=\"flex flex-column gap-16 w-100 flex-row_m ai-center_m ai-start\">\n<div class=\"flex w-max inline-flex ai-center gap-12\">\n<div class=\"flex j-center text-neutral-light-600 py-4 flex-column-reverse gap-8 py-4\"><\/div>\n<\/div>\n<\/div>\n<\/div>\n<\/div>\n<\/div>\n<\/div>\n<\/section>\n<\/div>\n<\/div>\n<\/div>\n<\/div>\n<\/section>\n<\/div>\n<\/div>\n","protected":false},"excerpt":{"rendered":"<p>Caputo prometi\u00f3 seguir bajando impuestos y reclam\u00f3 a las provincias reducir la carga tributaria El ministro de Econom\u00eda<\/p>\n","protected":false},"author":5,"featured_media":7615,"comment_status":"open","ping_status":"open","sticky":false,"template":"","format":"standard","meta":{"footnotes":""},"categories":[3],"tags":[3494,357,2260],"class_list":["post-9745","post","type-post","status-publish","format-standard","has-post-thumbnail","hentry","category-nacionales","tag-baja","tag-impuestos","tag-luis-toto-caputo"],"featured_image_urls":{"full":["https:\/\/opinionpublica.com.ar\/index\/wp-content\/uploads\/2024\/12\/674f430d7b633_940_529-toto-caputo.jpg",940,529,false],"thumbnail":["https:\/\/opinionpublica.com.ar\/index\/wp-content\/uploads\/2024\/12\/674f430d7b633_940_529-toto-caputo-150x150.jpg",150,150,true],"medium":["https:\/\/opinionpublica.com.ar\/index\/wp-content\/uploads\/2024\/12\/674f430d7b633_940_529-toto-caputo-300x169.jpg",300,169,true],"medium_large":["https:\/\/opinionpublica.com.ar\/index\/wp-content\/uploads\/2024\/12\/674f430d7b633_940_529-toto-caputo-768x432.jpg",640,360,true],"large":["https:\/\/opinionpublica.com.ar\/index\/wp-content\/uploads\/2024\/12\/674f430d7b633_940_529-toto-caputo.jpg",640,360,false],"1536x1536":["https:\/\/opinionpublica.com.ar\/index\/wp-content\/uploads\/2024\/12\/674f430d7b633_940_529-toto-caputo.jpg",940,529,false],"2048x2048":["https:\/\/opinionpublica.com.ar\/index\/wp-content\/uploads\/2024\/12\/674f430d7b633_940_529-toto-caputo.jpg",940,529,false],"morenews-large":["https:\/\/opinionpublica.com.ar\/index\/wp-content\/uploads\/2024\/12\/674f430d7b633_940_529-toto-caputo-825x529.jpg",825,529,true],"morenews-medium":["https:\/\/opinionpublica.com.ar\/index\/wp-content\/uploads\/2024\/12\/674f430d7b633_940_529-toto-caputo-590x410.jpg",590,410,true]},"author_info":{"display_name":"Hal","author_link":"https:\/\/opinionpublica.com.ar\/index\/author\/hal\/"},"category_info":"<a href=\"https:\/\/opinionpublica.com.ar\/index\/category\/nacionales\/\" rel=\"category tag\">Nacionales<\/a>","tag_info":"Nacionales","comment_count":"0","_links":{"self":[{"href":"https:\/\/opinionpublica.com.ar\/index\/wp-json\/wp\/v2\/posts\/9745","targetHints":{"allow":["GET"]}}],"collection":[{"href":"https:\/\/opinionpublica.com.ar\/index\/wp-json\/wp\/v2\/posts"}],"about":[{"href":"https:\/\/opinionpublica.com.ar\/index\/wp-json\/wp\/v2\/types\/post"}],"author":[{"embeddable":true,"href":"https:\/\/opinionpublica.com.ar\/index\/wp-json\/wp\/v2\/users\/5"}],"replies":[{"embeddable":true,"href":"https:\/\/opinionpublica.com.ar\/index\/wp-json\/wp\/v2\/comments?post=9745"}],"version-history":[{"count":1,"href":"https:\/\/opinionpublica.com.ar\/index\/wp-json\/wp\/v2\/posts\/9745\/revisions"}],"predecessor-version":[{"id":9746,"href":"https:\/\/opinionpublica.com.ar\/index\/wp-json\/wp\/v2\/posts\/9745\/revisions\/9746"}],"wp:featuredmedia":[{"embeddable":true,"href":"https:\/\/opinionpublica.com.ar\/index\/wp-json\/wp\/v2\/media\/7615"}],"wp:attachment":[{"href":"https:\/\/opinionpublica.com.ar\/index\/wp-json\/wp\/v2\/media?parent=9745"}],"wp:term":[{"taxonomy":"category","embeddable":true,"href":"https:\/\/opinionpublica.com.ar\/index\/wp-json\/wp\/v2\/categories?post=9745"},{"taxonomy":"post_tag","embeddable":true,"href":"https:\/\/opinionpublica.com.ar\/index\/wp-json\/wp\/v2\/tags?post=9745"}],"curies":[{"name":"wp","href":"https:\/\/api.w.org\/{rel}","templated":true}]}}