{"id":9747,"date":"2025-05-14T16:57:19","date_gmt":"2025-05-14T19:57:19","guid":{"rendered":"https:\/\/opinionpublica.com.ar\/index\/?p=9747"},"modified":"2025-05-14T16:57:19","modified_gmt":"2025-05-14T19:57:19","slug":"tierra-del-fuego-sobre-la-eliminacion-de-aranceles-a-productos-tecnologicos","status":"publish","type":"post","link":"https:\/\/opinionpublica.com.ar\/index\/tierra-del-fuego-sobre-la-eliminacion-de-aranceles-a-productos-tecnologicos\/","title":{"rendered":"Tierra del Fuego, sobre la eliminaci\u00f3n de aranceles a productos tecnol\u00f3gicos"},"content":{"rendered":"<p><strong>Tierra del Fuego, sobre la eliminaci\u00f3n de aranceles a productos tecnol\u00f3gicos<\/strong><\/p>\n<p>Ayer, el gobierno nacional encabezado por Javier Milei anunci\u00f3 la eliminaci\u00f3n de aranceles para la importaci\u00f3n de productos tecnol\u00f3gicos. Esta medida, que busca abrir a\u00fan m\u00e1s la econom\u00eda, impacta de manera directa y profunda en la industria radicada en Tierra del Fuego, poniendo en riesgo miles de puestos de trabajo que dependen de la producci\u00f3n en nuestra provincia.<\/p>\n<p><a href=\"https:\/\/opinionpublica.com.ar\/index\/wp-content\/uploads\/2025\/05\/6a3bcfce-8408-401a-bc5b-80280fe51d17-gustavo-ventura.jpg\"><img fetchpriority=\"high\" decoding=\"async\" class=\"alignnone size-full wp-image-9748\" src=\"https:\/\/opinionpublica.com.ar\/index\/wp-content\/uploads\/2025\/05\/6a3bcfce-8408-401a-bc5b-80280fe51d17-gustavo-ventura.jpg\" alt=\"\" width=\"1170\" height=\"772\" srcset=\"https:\/\/opinionpublica.com.ar\/index\/wp-content\/uploads\/2025\/05\/6a3bcfce-8408-401a-bc5b-80280fe51d17-gustavo-ventura.jpg 1170w, https:\/\/opinionpublica.com.ar\/index\/wp-content\/uploads\/2025\/05\/6a3bcfce-8408-401a-bc5b-80280fe51d17-gustavo-ventura-300x198.jpg 300w, https:\/\/opinionpublica.com.ar\/index\/wp-content\/uploads\/2025\/05\/6a3bcfce-8408-401a-bc5b-80280fe51d17-gustavo-ventura-1024x676.jpg 1024w, https:\/\/opinionpublica.com.ar\/index\/wp-content\/uploads\/2025\/05\/6a3bcfce-8408-401a-bc5b-80280fe51d17-gustavo-ventura-768x507.jpg 768w\" sizes=\"(max-width: 1170px) 100vw, 1170px\" \/><\/a><\/p>\n<p>El gobierno nacional se equivoca al plantear que esta decisi\u00f3n busca fomentar la competencia. La verdadera competencia en el sector privado solo es posible cuando las condiciones son similares para todos los actores y de eso justamente se encarga el Estado. No es el caso de la producci\u00f3n fueguina, que enfrenta costos log\u00edsticos, impositivos y laborales muy superiores a los de fabricantes en otras partes del mundo. Adem\u00e1s, las condiciones laborales en muchos de esos pa\u00edses distan enormemente de las nuestras, donde los derechos de los trabajadores son una prioridad. Hablar de competencia en estas condiciones desiguales es, como m\u00ednimo, ingenuo o deshonesto. Tampoco es cierto, como algunos representantes del gobierno nacional en el \u00e1mbito local han insinuado en las \u00faltimas horas, que las empresas simplemente \u201ctendr\u00e1n que bajar sus m\u00e1rgenes de ganancia\u201d. Las empresas que ven afectada su rentabilidad estructural no reducen m\u00e1rgenes: cierran unidades de negocio, y eso implica despidos, p\u00e9rdida de empleos directos e indirectos, y una ca\u00edda en la recaudaci\u00f3n de impuestos y tasas que sostienen los servicios p\u00fablicos en toda nuestra provincia.<\/p>\n<p>Como lo expres\u00e9 en su momento, incluso cuando forme parte de la (CAAE) Comisi\u00f3n del \u00c1rea Aduanera Especial, no era necesario tocar, modificar ni anular el decreto reglamentario de la Ley 19.640 para llegar a esta situaci\u00f3n. Bastaba con modificar los aranceles para que Tierra del Fuego se vea directamente afectada, como ahora. Hubo muchos avisos. Hubo muchas oportunidades. Muchos de los que hoy se rasgan las vestiduras tuvieron en sus manos la posibilidad y la responsabilidad de trabajar en serio en la ampliaci\u00f3n de la matriz productiva de la provincia. No lo hicieron.<\/p>\n<p>Sin embargo, ser\u00eda simplista e injusto se\u00f1alar solamente al actual gobierno. Esta situaci\u00f3n que hoy nos duele y nos preocupa no se gest\u00f3 de un d\u00eda para el otro. Durante m\u00e1s de una d\u00e9cada todos los sectores pol\u00edticos con responsabilidades de gobierno, legislativas o institucionales han mirado para otro lado frente a una verdad inc\u00f3moda pero evidente: el r\u00e9gimen de promoci\u00f3n industrial, tal como estaba concebido, ten\u00eda fecha de vencimiento si no se acompa\u00f1aba con una verdadera transformaci\u00f3n.<\/p>\n<p>Sab\u00edamos lo que pod\u00eda pasar. Lo dijimos, lo debatimos, lo advertimos. Y aun as\u00ed, no se hizo lo suficiente. Se fallo en generar consensos reales para ampliar la matriz productiva de nuestra provincia, en priorizar el desarrollo intelectual de nuestra gente, en apostar con firmeza por la Econom\u00eda del Conocimiento, en fomentar una industria del software, de los servicios tecnol\u00f3gicos, de la innovaci\u00f3n aplicada al desarrollo local.<\/p>\n<p>Hoy, con tristeza pero tambi\u00e9n con responsabilidad, reconocemos que muchas de las herramientas que hubieran podido amortiguar este golpe no se construyeron a tiempo. Y que esta crisis, que hoy nos afecta con tanta crudeza, podr\u00eda habernos golpeado menos si hubi\u00e9semos tomado decisiones valientes cuando a\u00fan est\u00e1bamos a tiempo.<\/p>\n<p>Por eso, este no debe ser solo un momento de reclamo. Debe ser tambi\u00e9n un punto de inflexi\u00f3n. Como fueguinos, debemos reencontrarnos en un proyecto com\u00fan, lejos de las mezquindades y m\u00e1s cerca del futuro. Necesitamos pol\u00edticas p\u00fablicas pensadas a largo plazo, con objetivos claros y compartidos. Necesitamos unidad, visi\u00f3n y coraje para construir una Tierra del Fuego que no dependa de una sola industria, sino que pueda pararse con fuerza sobre el talento de su gente.<\/p>\n<p>Hoy m\u00e1s que nunca, hacemos un llamado a la reflexi\u00f3n y a la acci\u00f3n. Para que este golpe nos duela, s\u00ed, pero tambi\u00e9n nos despierte. Porque el futuro se construye con decisiones. Y a\u00fan estamos a tiempo de elegir un camino distinto. Unidos. Con visi\u00f3n. Como fueguinos.<\/p>\n<p>Dios nos bendiga. Bendiga esta tierra y nos d\u00e9 la luz y la fuerza para encontrar finalmente el camino que hasta este momento no lo hemos encontrado.<\/p>\n<p><strong>Gustavo Ventura<\/strong><br \/>\nPAR (ex Representante Municipio de Ushuaia en CAAE)<\/p>\n","protected":false},"excerpt":{"rendered":"<p>Tierra del Fuego, sobre la eliminaci\u00f3n de aranceles a productos tecnol\u00f3gicos Ayer, el gobierno nacional encabezado por Javier<\/p>\n","protected":false},"author":5,"featured_media":9748,"comment_status":"open","ping_status":"open","sticky":false,"template":"","format":"standard","meta":{"footnotes":""},"categories":[1096,2],"tags":[839,144,3334],"class_list":["post-9747","post","type-post","status-publish","format-standard","has-post-thumbnail","hentry","category-destacada","category-tierra-del-fuego","tag-aranceles","tag-gustavo-ventura","tag-partido-arraigo-y-renovacion"],"featured_image_urls":{"full":["https:\/\/opinionpublica.com.ar\/index\/wp-content\/uploads\/2025\/05\/6a3bcfce-8408-401a-bc5b-80280fe51d17-gustavo-ventura.jpg",1170,772,false],"thumbnail":["https:\/\/opinionpublica.com.ar\/index\/wp-content\/uploads\/2025\/05\/6a3bcfce-8408-401a-bc5b-80280fe51d17-gustavo-ventura-150x150.jpg",150,150,true],"medium":["https:\/\/opinionpublica.com.ar\/index\/wp-content\/uploads\/2025\/05\/6a3bcfce-8408-401a-bc5b-80280fe51d17-gustavo-ventura-300x198.jpg",300,198,true],"medium_large":["https:\/\/opinionpublica.com.ar\/index\/wp-content\/uploads\/2025\/05\/6a3bcfce-8408-401a-bc5b-80280fe51d17-gustavo-ventura-768x507.jpg",640,423,true],"large":["https:\/\/opinionpublica.com.ar\/index\/wp-content\/uploads\/2025\/05\/6a3bcfce-8408-401a-bc5b-80280fe51d17-gustavo-ventura-1024x676.jpg",640,423,true],"1536x1536":["https:\/\/opinionpublica.com.ar\/index\/wp-content\/uploads\/2025\/05\/6a3bcfce-8408-401a-bc5b-80280fe51d17-gustavo-ventura.jpg",1170,772,false],"2048x2048":["https:\/\/opinionpublica.com.ar\/index\/wp-content\/uploads\/2025\/05\/6a3bcfce-8408-401a-bc5b-80280fe51d17-gustavo-ventura.jpg",1170,772,false],"morenews-large":["https:\/\/opinionpublica.com.ar\/index\/wp-content\/uploads\/2025\/05\/6a3bcfce-8408-401a-bc5b-80280fe51d17-gustavo-ventura-825x575.jpg",825,575,true],"morenews-medium":["https:\/\/opinionpublica.com.ar\/index\/wp-content\/uploads\/2025\/05\/6a3bcfce-8408-401a-bc5b-80280fe51d17-gustavo-ventura-590x410.jpg",590,410,true]},"author_info":{"display_name":"Hal","author_link":"https:\/\/opinionpublica.com.ar\/index\/author\/hal\/"},"category_info":"<a href=\"https:\/\/opinionpublica.com.ar\/index\/category\/destacada\/\" rel=\"category tag\">Destacada<\/a> <a href=\"https:\/\/opinionpublica.com.ar\/index\/category\/tierra-del-fuego\/\" rel=\"category tag\">Tierra del Fuego<\/a>","tag_info":"Tierra del Fuego","comment_count":"0","_links":{"self":[{"href":"https:\/\/opinionpublica.com.ar\/index\/wp-json\/wp\/v2\/posts\/9747","targetHints":{"allow":["GET"]}}],"collection":[{"href":"https:\/\/opinionpublica.com.ar\/index\/wp-json\/wp\/v2\/posts"}],"about":[{"href":"https:\/\/opinionpublica.com.ar\/index\/wp-json\/wp\/v2\/types\/post"}],"author":[{"embeddable":true,"href":"https:\/\/opinionpublica.com.ar\/index\/wp-json\/wp\/v2\/users\/5"}],"replies":[{"embeddable":true,"href":"https:\/\/opinionpublica.com.ar\/index\/wp-json\/wp\/v2\/comments?post=9747"}],"version-history":[{"count":1,"href":"https:\/\/opinionpublica.com.ar\/index\/wp-json\/wp\/v2\/posts\/9747\/revisions"}],"predecessor-version":[{"id":9749,"href":"https:\/\/opinionpublica.com.ar\/index\/wp-json\/wp\/v2\/posts\/9747\/revisions\/9749"}],"wp:featuredmedia":[{"embeddable":true,"href":"https:\/\/opinionpublica.com.ar\/index\/wp-json\/wp\/v2\/media\/9748"}],"wp:attachment":[{"href":"https:\/\/opinionpublica.com.ar\/index\/wp-json\/wp\/v2\/media?parent=9747"}],"wp:term":[{"taxonomy":"category","embeddable":true,"href":"https:\/\/opinionpublica.com.ar\/index\/wp-json\/wp\/v2\/categories?post=9747"},{"taxonomy":"post_tag","embeddable":true,"href":"https:\/\/opinionpublica.com.ar\/index\/wp-json\/wp\/v2\/tags?post=9747"}],"curies":[{"name":"wp","href":"https:\/\/api.w.org\/{rel}","templated":true}]}}