{"id":9750,"date":"2025-05-14T17:28:33","date_gmt":"2025-05-14T20:28:33","guid":{"rendered":"https:\/\/opinionpublica.com.ar\/index\/?p=9750"},"modified":"2025-05-14T17:28:33","modified_gmt":"2025-05-14T20:28:33","slug":"newsan-advierte-sobre-el-impacto-en-tierra-del-fuego-de-la-baja-a-aranceles-de-celulares","status":"publish","type":"post","link":"https:\/\/opinionpublica.com.ar\/index\/newsan-advierte-sobre-el-impacto-en-tierra-del-fuego-de-la-baja-a-aranceles-de-celulares\/","title":{"rendered":"Newsan advierte sobre el impacto en Tierra del Fuego de la baja a aranceles de celulares"},"content":{"rendered":"<div class=\"btw\">\n<div class=\"\">\n<div class=\"\">\n<p class=\"hp-article-title text-4xl font-bold mb-3 text-center md:text-left\"><strong>Newsan advierte sobre el impacto en Tierra del Fuego de la baja a aranceles de celulares<\/strong><\/p>\n<div class=\"flex items-center mb-4 undefined\">\n<div class=\"flex-1\">\n<p class=\"text-base leading-tight text-center md:text-left\">El fabricante de celulares cree que la medida anunciada por el Gobierno tendr\u00e1 un fuerte impacto en el empleo de la provincia argentina<\/p>\n<\/div>\n<\/div>\n<div class=\"flex items-center mb-3 undefined\"><\/div>\n<\/div>\n<\/div>\n<\/div>\n<article class=\"default__ArticleBody-sc-108h6at-1 eTXhRO article-body-wrapper-bl\">\n<div class=\"undefined\">\n<div class=\"btw markets-block-wrap height-4\">\n<div class=\"block md:flex items-stretch justify-start mb-4\">\n<div class=\"flex items-center justify-evenly flex-1 bg-gray-classes rounded-md pt-4 md:pt-0 md:rounded-l-none\">\n<div class=\" min-h-10 md:h-5\/6 border-r-white last:border-r-0 border-r-2\"><a href=\"https:\/\/opinionpublica.com.ar\/index\/wp-content\/uploads\/2024\/04\/newsan-placas.jpg\"><img fetchpriority=\"high\" decoding=\"async\" class=\"alignnone size-full wp-image-1889\" src=\"https:\/\/opinionpublica.com.ar\/index\/wp-content\/uploads\/2024\/04\/newsan-placas.jpg\" alt=\"\" width=\"1024\" height=\"702\" srcset=\"https:\/\/opinionpublica.com.ar\/index\/wp-content\/uploads\/2024\/04\/newsan-placas.jpg 1024w, https:\/\/opinionpublica.com.ar\/index\/wp-content\/uploads\/2024\/04\/newsan-placas-300x206.jpg 300w, https:\/\/opinionpublica.com.ar\/index\/wp-content\/uploads\/2024\/04\/newsan-placas-768x527.jpg 768w\" sizes=\"(max-width: 1024px) 100vw, 1024px\" \/><\/a><\/div>\n<\/div>\n<\/div>\n<\/div>\n<\/div>\n<p class=\"default__StyledText-sc-108h6at-0 iMTDFl body-paragraph\">\u00a0Una de las principales empresas que fabrica celulares en la provincia de Tierra del Fuego alert\u00f3 sobre las consecuencias de <b>la reciente medida del Gobierno Nacional,<\/b><b>\u00a0que reduce a cero los aranceles a las importaciones de los telef\u00f3nos.<\/b><\/p>\n<p class=\"default__StyledText-sc-108h6at-0 iMTDFl body-paragraph\">Luis Galli, CEO de Newsan, apunt\u00f3 a los efectos que puede tener esta medida en la provincia.\u00a0<b>\u201cTierra del Fuego depende mucho de las electr\u00f3nicas y hay que ver qu\u00e9 pasa con esa gente\u201d,<\/b>\u00a0declar\u00f3, en el marco del 42\u00b0 Congreso del IAEF. Seg\u00fan Galli,\u00a0<b>\u201clos empresarios se adaptan a los distintos contextos, fabricamos, importamos, exportamos<\/b>\u00a0y no tenemos problema de adaptar nuestro modelo de negocio y los cambios de reglas\u201d.<\/p>\n<p class=\"default__StyledText-sc-108h6at-0 iMTDFl body-paragraph\">En ese sentido,<b>\u00a0la principal consecuencia que tendr\u00e1 est\u00e1 medida pesa sobre los trabajadores de las\u00a0<\/b><b>f\u00e1bricas asentadas en la provincia m\u00e1s austral del pa\u00eds<\/b><b>.<\/b>\u00a0\u201cEl problema es que en el medio hay gente.\u00a0<b>Vamos a tener que tomar decisiones que seguramente van a impactar en la gente<\/b>\u201d, afirm\u00f3.<\/p>\n<p class=\"default__StyledText-sc-108h6at-0 iMTDFl body-paragraph\"><b>Mirgor (<\/b><b>MIRG<\/b><b>),<\/b>\u00a0controlada por Nicol\u00e1s Caputo, y Newsan, del empresario\u00a0<b>Rub\u00e9n Cher\u00f1ajovsky,<\/b>\u00a0son dos de las principales empresas que fabrican bienes electr\u00f3nicos en Tierra del Fuego, entre las cerca de 30 compa\u00f1\u00edas de este sector que aprovechan el r\u00e9gimen industrial que desde hace m\u00e1s de cincuenta a\u00f1os establece \u201cbeneficios fiscales y aduaneros para el territorio con el objetivo de fomentar el aumento de la poblaci\u00f3n y el empleo en una regi\u00f3n distante y aislada del resto del pa\u00eds\u201d, seg\u00fan un informe de Fundar.\u00a0<b>Ocho de cada diez empleados de las industrias englobadas en el r\u00e9gimen pertenecen a la electr\u00f3nica,\u00a0<\/b>revel\u00f3 el informe que se public\u00f3 en 2023.<\/p>\n<div class=\"btw\"><a href=\"https:\/\/opinionpublica.com.ar\/index\/wp-content\/uploads\/2024\/07\/newsan-820x360-1.jpg\"><img decoding=\"async\" class=\"alignnone size-full wp-image-4282\" src=\"https:\/\/opinionpublica.com.ar\/index\/wp-content\/uploads\/2024\/07\/newsan-820x360-1.jpg\" alt=\"\" width=\"820\" height=\"360\" srcset=\"https:\/\/opinionpublica.com.ar\/index\/wp-content\/uploads\/2024\/07\/newsan-820x360-1.jpg 820w, https:\/\/opinionpublica.com.ar\/index\/wp-content\/uploads\/2024\/07\/newsan-820x360-1-300x132.jpg 300w, https:\/\/opinionpublica.com.ar\/index\/wp-content\/uploads\/2024\/07\/newsan-820x360-1-768x337.jpg 768w\" sizes=\"(max-width: 820px) 100vw, 820px\" \/><\/a><\/div>\n<p class=\"default__StyledText-sc-108h6at-0 iMTDFl body-paragraph\">Para Gustavo Melella, gobernador de la provincia de Tierra del Fuego, l<b>a medida \u201crepresenta un golpe muy duro para la industria\u201d local.<\/b>\u00a0Mirgor, en respuesta a la consulta de Bloomberg L\u00ednea,\u00a0<b>adelant\u00f3 que est\u00e1n evaluando las medidas anunciadas, para evaluar su impacto en el negocio.<\/b><\/p>\n<p class=\"default__StyledText-sc-108h6at-0 iMTDFl body-paragraph\">La empresa expres\u00f3, a su vez, una preocupaci\u00f3n por el impacto social y laboral que pudiera derivarse de las nuevas condiciones operativas.<\/p>\n<h3 class=\"heading__StyledHeading-sc-1m7zxnp-0 dRsKcS\">La declaraci\u00f3n del CEO de Newsan<\/h3>\n<p class=\"default__StyledText-sc-108h6at-0 iMTDFl body-paragraph\">\u201cLa baja de impuestos internos es muy favorable, porque la presi\u00f3n tributaria desde la salida de f\u00e1brica hasta el precio final es alt\u00edsima. El otro aspecto, la baja de aranceles,\u00a0<b>creo que es muy dif\u00edcil que se pueda seguir produciendo celulares en Argentina con esta situaci\u00f3n.\u00a0<\/b>Hay que entender las consecuencias.\u00a0<b>Tierra del Fuego depende mucho de las electr\u00f3nicas y hay que ver qu\u00e9 pasa con esa gente\u201d<\/b>, dijo Galli en un foro de empresarios, tras conocerse el anuncio comunicado por el vocero Manuel Adorni.<\/p>\n<div class=\"hide-container\"><\/div>\n<p class=\"default__StyledText-sc-108h6at-0 iMTDFl body-paragraph\"><b>\u201cHoy la producci\u00f3n est\u00e1 bien, ya de por s\u00ed el mercado celular ya ven\u00eda bastante castigado por el contrabando, que aumento al no haber brecha.\u00a0<\/b>Hoy\u00a0<b>uno de los tres tel\u00e9fonos que se activa en Argentina son de contrabando<\/b>. Y seguramente\u00a0<b>esta medida, si se implementa, va a afectar mucho m\u00e1s la producci\u00f3n<\/b>\u201d, agreg\u00f3.<\/p>\n<p class=\"default__StyledText-sc-108h6at-0 iMTDFl body-paragraph\">Seg\u00fan la declaraci\u00f3n de Galli, el impacto no es tanto para las empresas, que se adaptan a los distintos contextos, sino en los trabajadores de Tierra del Fuego. En los \u00faltimos a\u00f1os,\u00a0<b>Newsan aceler\u00f3 su expansi\u00f3n a distintas unidades de negocio, que abarca la pesca y exportaci\u00f3n de langostinos, merluza negra, calamar y otras especies; cultivo de mejillones y de trucha arco iris; producci\u00f3n de miel, aceite de oliva, man\u00ed y derivados.\u00a0<\/b>Adem\u00e1s, en 2024 sum\u00f3 presencia en el consumo masivo<b>\u00a0al quedarse con las marcas de P&amp;G en Argentina<\/b>. Este a\u00f1o,\u00a0<b>incorpor\u00f3 acciones en el sector energ\u00e9tico en su portfolio .<\/b><\/p>\n<p class=\"default__StyledText-sc-108h6at-0 iMTDFl body-paragraph\">De 11.000 empleados de Newsan,\u00a0<b>1.000 est\u00e1n destinados a la producci\u00f3n de celulares en Tierra del Fuego.<\/b>\u00a0\u201cEsto es un golpe duro. Tengo que entender bien cuando salga la reglamentaci\u00f3n, el decreto y la resoluci\u00f3n, pero si es como est\u00e1 planteado,<b>\u00a0la reducci\u00f3n a cero de derechos en celulares, es muy dif\u00edcil competir\u201d<\/b>, concluy\u00f3 el CEO de Newsan.<\/p>\n<p>&nbsp;<\/p>\n<\/article>\n","protected":false},"excerpt":{"rendered":"<p>Newsan advierte sobre el impacto en Tierra del Fuego de la baja a aranceles de celulares El fabricante<\/p>\n","protected":false},"author":5,"featured_media":1889,"comment_status":"open","ping_status":"open","sticky":false,"template":"","format":"standard","meta":{"footnotes":""},"categories":[3,2],"tags":[976,287,5],"class_list":["post-9750","post","type-post","status-publish","format-standard","has-post-thumbnail","hentry","category-nacionales","category-tierra-del-fuego","tag-celulares","tag-mirgor","tag-tierra-del-fuego"],"featured_image_urls":{"full":["https:\/\/opinionpublica.com.ar\/index\/wp-content\/uploads\/2024\/04\/newsan-placas.jpg",1024,702,false],"thumbnail":["https:\/\/opinionpublica.com.ar\/index\/wp-content\/uploads\/2024\/04\/newsan-placas-150x150.jpg",150,150,true],"medium":["https:\/\/opinionpublica.com.ar\/index\/wp-content\/uploads\/2024\/04\/newsan-placas-300x206.jpg",300,206,true],"medium_large":["https:\/\/opinionpublica.com.ar\/index\/wp-content\/uploads\/2024\/04\/newsan-placas-768x527.jpg",640,439,true],"large":["https:\/\/opinionpublica.com.ar\/index\/wp-content\/uploads\/2024\/04\/newsan-placas.jpg",640,439,false],"1536x1536":["https:\/\/opinionpublica.com.ar\/index\/wp-content\/uploads\/2024\/04\/newsan-placas.jpg",1024,702,false],"2048x2048":["https:\/\/opinionpublica.com.ar\/index\/wp-content\/uploads\/2024\/04\/newsan-placas.jpg",1024,702,false],"morenews-large":["https:\/\/opinionpublica.com.ar\/index\/wp-content\/uploads\/2024\/04\/newsan-placas-825x575.jpg",825,575,true],"morenews-medium":["https:\/\/opinionpublica.com.ar\/index\/wp-content\/uploads\/2024\/04\/newsan-placas-590x410.jpg",590,410,true]},"author_info":{"display_name":"Hal","author_link":"https:\/\/opinionpublica.com.ar\/index\/author\/hal\/"},"category_info":"<a href=\"https:\/\/opinionpublica.com.ar\/index\/category\/nacionales\/\" rel=\"category tag\">Nacionales<\/a> <a href=\"https:\/\/opinionpublica.com.ar\/index\/category\/tierra-del-fuego\/\" rel=\"category tag\">Tierra del Fuego<\/a>","tag_info":"Tierra del Fuego","comment_count":"0","_links":{"self":[{"href":"https:\/\/opinionpublica.com.ar\/index\/wp-json\/wp\/v2\/posts\/9750","targetHints":{"allow":["GET"]}}],"collection":[{"href":"https:\/\/opinionpublica.com.ar\/index\/wp-json\/wp\/v2\/posts"}],"about":[{"href":"https:\/\/opinionpublica.com.ar\/index\/wp-json\/wp\/v2\/types\/post"}],"author":[{"embeddable":true,"href":"https:\/\/opinionpublica.com.ar\/index\/wp-json\/wp\/v2\/users\/5"}],"replies":[{"embeddable":true,"href":"https:\/\/opinionpublica.com.ar\/index\/wp-json\/wp\/v2\/comments?post=9750"}],"version-history":[{"count":1,"href":"https:\/\/opinionpublica.com.ar\/index\/wp-json\/wp\/v2\/posts\/9750\/revisions"}],"predecessor-version":[{"id":9751,"href":"https:\/\/opinionpublica.com.ar\/index\/wp-json\/wp\/v2\/posts\/9750\/revisions\/9751"}],"wp:featuredmedia":[{"embeddable":true,"href":"https:\/\/opinionpublica.com.ar\/index\/wp-json\/wp\/v2\/media\/1889"}],"wp:attachment":[{"href":"https:\/\/opinionpublica.com.ar\/index\/wp-json\/wp\/v2\/media?parent=9750"}],"wp:term":[{"taxonomy":"category","embeddable":true,"href":"https:\/\/opinionpublica.com.ar\/index\/wp-json\/wp\/v2\/categories?post=9750"},{"taxonomy":"post_tag","embeddable":true,"href":"https:\/\/opinionpublica.com.ar\/index\/wp-json\/wp\/v2\/tags?post=9750"}],"curies":[{"name":"wp","href":"https:\/\/api.w.org\/{rel}","templated":true}]}}