{"id":9752,"date":"2025-05-15T08:46:06","date_gmt":"2025-05-15T11:46:06","guid":{"rendered":"https:\/\/opinionpublica.com.ar\/index\/?p=9752"},"modified":"2025-05-15T08:46:06","modified_gmt":"2025-05-15T11:46:06","slug":"cumbre-de-caputos-porque-les-pega-en-mirgor-la-crisis-de-la-industria-de-tierra-del-fuego","status":"publish","type":"post","link":"https:\/\/opinionpublica.com.ar\/index\/cumbre-de-caputos-porque-les-pega-en-mirgor-la-crisis-de-la-industria-de-tierra-del-fuego\/","title":{"rendered":"Cumbre de Caputos porque les pega en Mirgor la crisis de la industria de Tierra del Fuego"},"content":{"rendered":"<div class=\"bloque1 nota noticia-ar\">\n<div class=\"item\">\n<div class=\"nota-header\">\n<div id=\"title-news\" class=\"title\"><strong>Cumbre de Caputos porque les pega en Mirgor la crisis de la industria de Tierra del Fuego<\/strong><\/div>\n<div><\/div>\n<div class=\"as\">\n<div class=\"description\">Nicky Caputo, due\u00f1o de Mirgor, reuni\u00f3 de urgencia a sus primos Toto y Santiago tras el anuncio de la quita de beneficios fiscales. Estudian un nuevo esquema de beneficios para la isla.<\/div>\n<div><a href=\"https:\/\/opinionpublica.com.ar\/index\/wp-content\/uploads\/2025\/05\/5924ce88122d9_940_529-nicky-toto-caputo.jpg\"><img fetchpriority=\"high\" decoding=\"async\" class=\"alignnone size-full wp-image-9753\" src=\"https:\/\/opinionpublica.com.ar\/index\/wp-content\/uploads\/2025\/05\/5924ce88122d9_940_529-nicky-toto-caputo.jpg\" alt=\"\" width=\"940\" height=\"529\" srcset=\"https:\/\/opinionpublica.com.ar\/index\/wp-content\/uploads\/2025\/05\/5924ce88122d9_940_529-nicky-toto-caputo.jpg 940w, https:\/\/opinionpublica.com.ar\/index\/wp-content\/uploads\/2025\/05\/5924ce88122d9_940_529-nicky-toto-caputo-300x169.jpg 300w, https:\/\/opinionpublica.com.ar\/index\/wp-content\/uploads\/2025\/05\/5924ce88122d9_940_529-nicky-toto-caputo-768x432.jpg 768w\" sizes=\"(max-width: 940px) 100vw, 940px\" \/><\/a><\/div>\n<\/div>\n<\/div>\n<div class=\"zleft z75\">\n<div id=\"vsmcontent\" class=\"body vsmcontent\">\n<p>Nicol\u00e1s Caputo reuni\u00f3 de urgencia a sus primos Toto y Santiago por el anuncio del gobierno de la quita de aranceles para la importaci\u00f3n de celulares y la reducci\u00f3n de impuestos a productos electr\u00f3nicos, una medida que golpea duramente a la industria de Tierra del Fuego y a la empresa Mirgor, propiedad de \u00abNicky\u00bb.<\/p>\n<p>La reuni\u00f3n confirma que los Caputo se mueven como un grupo\u00a0y no simplemente son primos lejanos, como intentan instalar. Adem\u00e1s, evidencia que el anuncio de Manuel Adorni probablemente haya sido de apuro para la campa\u00f1a porte\u00f1a y sin acordar con todos los involucrados.<\/p>\n<p>Caputo y los empresarios fueguinos est\u00e1n preocupados porque por primera vez Javier Milei avanza contra el r\u00e9gimen de enormes beneficios fiscales a las armadoras fueguinas, al que hasta ahora no mencionaba. Las escasas veces que sus periodistas amigos le preguntaron por el tema, el presidente dijo que el deb\u00eda respetar \u00abel derecho de propiedad\u00bb. Antes de asumir dec\u00eda que era \u00abuna estafa\u00bb.<\/p>\n<p>Se ve que el Presidente ya no considera necesario respetar ese derecho sagrado para los liberales o su anterior respuesta era simplemente cualquier cosa para salir del paso ante un tema inc\u00f3modo.<\/p>\n<figure id=\"vsmv08702v127\" class=\"vsmwidget widget-wrapper iframehidden widget-type-youtube youtube\" contenteditable=\"false\">\n<div class=\"btnplay\"><\/div>\n<\/figure>\n<p>En efecto, el silencio del gobierno sobre este tema era muy llamativo. Ni en el famoso DNU 70 de desregulaci\u00f3n de la econom\u00eda, ni en la Ley Bases ni en las innumerables medidas anunciadas por Federico Sturzenegger se mencion\u00f3 este elefante en el bazar de las regulaciones.<\/p>\n<p>Una versi\u00f3n indica que el sistema empresario fueguino hac\u00eda una jugosa contribuci\u00f3n mensual en d\u00f3lares a Las Fuerzas del Cielo para que el tema no est\u00e9 en agenda de Milei.<\/p>\n<p><a href=\"https:\/\/opinionpublica.com.ar\/index\/wp-content\/uploads\/2024\/09\/santiago-caputo-1861588.jpg\"><img decoding=\"async\" class=\"alignnone size-full wp-image-5445\" src=\"https:\/\/opinionpublica.com.ar\/index\/wp-content\/uploads\/2024\/09\/santiago-caputo-1861588.jpg\" alt=\"\" width=\"1280\" height=\"720\" srcset=\"https:\/\/opinionpublica.com.ar\/index\/wp-content\/uploads\/2024\/09\/santiago-caputo-1861588.jpg 1280w, https:\/\/opinionpublica.com.ar\/index\/wp-content\/uploads\/2024\/09\/santiago-caputo-1861588-300x169.jpg 300w, https:\/\/opinionpublica.com.ar\/index\/wp-content\/uploads\/2024\/09\/santiago-caputo-1861588-1024x576.jpg 1024w, https:\/\/opinionpublica.com.ar\/index\/wp-content\/uploads\/2024\/09\/santiago-caputo-1861588-768x432.jpg 768w\" sizes=\"(max-width: 1280px) 100vw, 1280px\" \/><\/a><\/p>\n<p>En Tierra del Fuego creen que el gobierno apur\u00f3 la medida para darle impulso a la campa\u00f1a de Adorni y que adem\u00e1s es un primer avance para cumplir con el acuerdo con el Fondo Monetario Internacional, que ven\u00eda pidiendo el fin del r\u00e9gimen de promoci\u00f3n.<\/p>\n<p>Seg\u00fan supo LPO, ante el reclamo de Nicky Caputo el gobierno habr\u00eda accedido a que la baja de los aranceles sea escalonada, de 16 a 8 por ciento ahora y a 0 por ciento en enero. Fuentes de la industria explican que ese escalonamiento posiblemente sea para que puedan vender los stocks, algo que hubiese sido m\u00e1s complejo si se eliminaba directamente el arancel.<\/p>\n<p>En el gobierno tambi\u00e9n analizan un nuevo beneficio para los empresarios de Tierra del Fuego. La idea que circula es crear un sistema para que los argentinos puedan comprar online como consumidor final los productos producidos en la isla sin pagar IVA ni otros impuestos internos.<\/p>\n<p class=\"authorquote\">La reuni\u00f3n confirma que los Caputo se mueven como un grupo y no simplemente son primos lejanos, como intentan instalar<\/p>\n<p>La compra directa sin intermediarios a la isla ser\u00eda por hasta 30 mil d\u00f3lares por a\u00f1o y seg\u00fan el gobierno les permitir\u00eda competir en mejores condiciones con el courier internacional.\u00a0El problema, en este caso, es que el sistema golpear\u00eda muy duramente a las cadenas de electrodom\u00e9sticos que comercializan los productos fueguinos en todo el pa\u00eds y que continuar\u00edan pagando todos los impuestos.<\/p>\n<p>Y tampoco terminar\u00eda de solucionar la crisis de armadoras como Mirgor, por la sencilla raz\u00f3n que su verdadero negocio era cobrar el IVA de sus ventas y retenerlo. Es decir, su negocio era un subsidio directo del Estado.<\/p>\n<p>\u00abEs impracticable porque el mayor beneficio que tienen las empresas es de apropiaci\u00f3n del IVA de la primera venta en el continente. Es decir que los productos que salen de Tierra del Fuego cuando se venden al resto de la Argentina, se venden con IVA, pero ese IVA se lo queda la empresa\u00bb, explic\u00f3 a LPO fuente fueguina.<\/p>\n<p>\u00abEsta propuesta es una mentira, es una amenaza del gobierno de sacarle esa apropiaci\u00f3n del IVA. Les dicen &#8216;vamos a habilitar a un servicio de courier sin impuestos. Ojo que ustedes tambi\u00e9n se pueden quedar no solamente con la baja de aranceles, sino se pueden quedar sin este beneficio&#8217; de apropiarse del IVA\u00bb, complet\u00f3.<\/p>\n<p>&nbsp;<\/p>\n<\/div>\n<\/div>\n<\/div>\n<\/div>\n","protected":false},"excerpt":{"rendered":"<p>Cumbre de Caputos porque les pega en Mirgor la crisis de la industria de Tierra del Fuego Nicky<\/p>\n","protected":false},"author":5,"featured_media":9753,"comment_status":"open","ping_status":"open","sticky":false,"template":"","format":"standard","meta":{"footnotes":""},"categories":[2],"tags":[2260,1967,1926],"class_list":["post-9752","post","type-post","status-publish","format-standard","has-post-thumbnail","hentry","category-tierra-del-fuego","tag-luis-toto-caputo","tag-nicky-caputo","tag-santiago-caputo"],"featured_image_urls":{"full":["https:\/\/opinionpublica.com.ar\/index\/wp-content\/uploads\/2025\/05\/5924ce88122d9_940_529-nicky-toto-caputo.jpg",940,529,false],"thumbnail":["https:\/\/opinionpublica.com.ar\/index\/wp-content\/uploads\/2025\/05\/5924ce88122d9_940_529-nicky-toto-caputo-150x150.jpg",150,150,true],"medium":["https:\/\/opinionpublica.com.ar\/index\/wp-content\/uploads\/2025\/05\/5924ce88122d9_940_529-nicky-toto-caputo-300x169.jpg",300,169,true],"medium_large":["https:\/\/opinionpublica.com.ar\/index\/wp-content\/uploads\/2025\/05\/5924ce88122d9_940_529-nicky-toto-caputo-768x432.jpg",640,360,true],"large":["https:\/\/opinionpublica.com.ar\/index\/wp-content\/uploads\/2025\/05\/5924ce88122d9_940_529-nicky-toto-caputo.jpg",640,360,false],"1536x1536":["https:\/\/opinionpublica.com.ar\/index\/wp-content\/uploads\/2025\/05\/5924ce88122d9_940_529-nicky-toto-caputo.jpg",940,529,false],"2048x2048":["https:\/\/opinionpublica.com.ar\/index\/wp-content\/uploads\/2025\/05\/5924ce88122d9_940_529-nicky-toto-caputo.jpg",940,529,false],"morenews-large":["https:\/\/opinionpublica.com.ar\/index\/wp-content\/uploads\/2025\/05\/5924ce88122d9_940_529-nicky-toto-caputo-825x529.jpg",825,529,true],"morenews-medium":["https:\/\/opinionpublica.com.ar\/index\/wp-content\/uploads\/2025\/05\/5924ce88122d9_940_529-nicky-toto-caputo-590x410.jpg",590,410,true]},"author_info":{"display_name":"Hal","author_link":"https:\/\/opinionpublica.com.ar\/index\/author\/hal\/"},"category_info":"<a href=\"https:\/\/opinionpublica.com.ar\/index\/category\/tierra-del-fuego\/\" rel=\"category tag\">Tierra del Fuego<\/a>","tag_info":"Tierra del Fuego","comment_count":"0","_links":{"self":[{"href":"https:\/\/opinionpublica.com.ar\/index\/wp-json\/wp\/v2\/posts\/9752","targetHints":{"allow":["GET"]}}],"collection":[{"href":"https:\/\/opinionpublica.com.ar\/index\/wp-json\/wp\/v2\/posts"}],"about":[{"href":"https:\/\/opinionpublica.com.ar\/index\/wp-json\/wp\/v2\/types\/post"}],"author":[{"embeddable":true,"href":"https:\/\/opinionpublica.com.ar\/index\/wp-json\/wp\/v2\/users\/5"}],"replies":[{"embeddable":true,"href":"https:\/\/opinionpublica.com.ar\/index\/wp-json\/wp\/v2\/comments?post=9752"}],"version-history":[{"count":1,"href":"https:\/\/opinionpublica.com.ar\/index\/wp-json\/wp\/v2\/posts\/9752\/revisions"}],"predecessor-version":[{"id":9754,"href":"https:\/\/opinionpublica.com.ar\/index\/wp-json\/wp\/v2\/posts\/9752\/revisions\/9754"}],"wp:featuredmedia":[{"embeddable":true,"href":"https:\/\/opinionpublica.com.ar\/index\/wp-json\/wp\/v2\/media\/9753"}],"wp:attachment":[{"href":"https:\/\/opinionpublica.com.ar\/index\/wp-json\/wp\/v2\/media?parent=9752"}],"wp:term":[{"taxonomy":"category","embeddable":true,"href":"https:\/\/opinionpublica.com.ar\/index\/wp-json\/wp\/v2\/categories?post=9752"},{"taxonomy":"post_tag","embeddable":true,"href":"https:\/\/opinionpublica.com.ar\/index\/wp-json\/wp\/v2\/tags?post=9752"}],"curies":[{"name":"wp","href":"https:\/\/api.w.org\/{rel}","templated":true}]}}