{"id":9755,"date":"2025-05-15T08:59:04","date_gmt":"2025-05-15T11:59:04","guid":{"rendered":"https:\/\/opinionpublica.com.ar\/index\/?p=9755"},"modified":"2025-05-15T08:59:04","modified_gmt":"2025-05-15T11:59:04","slug":"tierra-del-fuego-demandara-judicialmente-al-estado-si-avanza-con-la-quita-de-aranceles","status":"publish","type":"post","link":"https:\/\/opinionpublica.com.ar\/index\/tierra-del-fuego-demandara-judicialmente-al-estado-si-avanza-con-la-quita-de-aranceles\/","title":{"rendered":"Tierra del Fuego demandar\u00e1 judicialmente al Estado si avanza con la quita de aranceles"},"content":{"rendered":"<div class=\"lay --apertura\">\n<div class=\"row\">\n<div class=\"col-12\">\n<p class=\"com-title --font-primary --sixxl --font-extra\"><strong>Se agudiza el conflicto: Tierra del Fuego demandar\u00e1 judicialmente al Estado si avanza con la quita de aranceles<\/strong><\/p>\n<\/div>\n<\/div>\n<\/div>\n<div class=\"lay-sidebar\">\n<div class=\"sidebar__main\">\n<div class=\"row\">\n<div class=\"col-12 \">\n<p class=\"com-subhead --bajada --m-xs-\">As\u00ed lo advirti\u00f3 el gobernador Gustavo Melella tras conocerse el anuncio de la administraci\u00f3n de Milei para los productos tecnol\u00f3gicos que se ensamblan en la isla austral; all\u00ed unos 8500 puestos de trabajo dependen de la industria electr\u00f3nica<\/p>\n<div>\n<section class=\"mod-opening\">\n<div class=\"content-media\"><\/div>\n<\/section>\n<\/div>\n<\/div>\n<\/div>\n<section class=\"cuerpo__nota\">\n<div class=\"row\">\n<div class=\"col-12 col-desksm-1\">\n<div class=\"mod-share-container py-12 mb-16 mb-0_l border border-bottom border-thin border-neutral-light-100 border-0_l --no-app sticky float-l_l z-101 transition transition-all transition-duration-250 top-73_min1024\">\n<div class=\"mod-share flex mb-0 p-0_l\">\n<div id=\"v-share\" class=\"share flex relative z-100 flex-column_l bg-light-0 pb-16_l pt-8_l px-8_l\">\n<div class=\"second-buttons-group flex ai-center flex-column_l pl-8_max1023 ai-center_max1023 jc-center_l pt-16_l gap-8 gap-24_m\"><a href=\"https:\/\/opinionpublica.com.ar\/index\/wp-content\/uploads\/2024\/05\/fabrica-electronica.jpg\"><img fetchpriority=\"high\" decoding=\"async\" class=\"alignnone size-full wp-image-3106\" src=\"https:\/\/opinionpublica.com.ar\/index\/wp-content\/uploads\/2024\/05\/fabrica-electronica.jpg\" alt=\"\" width=\"1024\" height=\"576\" srcset=\"https:\/\/opinionpublica.com.ar\/index\/wp-content\/uploads\/2024\/05\/fabrica-electronica.jpg 1024w, https:\/\/opinionpublica.com.ar\/index\/wp-content\/uploads\/2024\/05\/fabrica-electronica-300x169.jpg 300w, https:\/\/opinionpublica.com.ar\/index\/wp-content\/uploads\/2024\/05\/fabrica-electronica-768x432.jpg 768w\" sizes=\"(max-width: 1024px) 100vw, 1024px\" \/><\/a><\/div>\n<\/div>\n<\/div>\n<\/div>\n<\/div>\n<div class=\"col-deskxl-10 offset-deskxl-1 col-desksm-11\">\n<div class=\"row\">\n<div class=\"col-12\">\n<p class=\"com-paragraph  --capital --s\">\u00a0El anuncio de la <strong>baja de aranceles a productos tecnol\u00f3gicos<\/strong>\u00a0que se ensamblan en\u00a0<strong>Tierra del Fuego<\/strong>\u00a0gener\u00f3 una gran preocupaci\u00f3n en la isla, donde 8500 puestos de trabajo dependen de la industria electr\u00f3nica, ante lo cual el gobernador de Tierra del Fuego,\u00a0<strong>Gustavo Melella<\/strong>,<strong>\u00a0<\/strong>confirm\u00f3 que su administraci\u00f3n iniciar\u00e1 acciones judiciales contra el gobierno nacional en caso de que avance con la medida.<\/p>\n<p class=\"com-paragraph   --s\">Mientras se espera la publicaci\u00f3n en el\u00a0<strong>Bolet\u00edn Oficial<\/strong>, lo anunciado por el vocero presidencial,\u00a0<strong>Manuel Adorni<\/strong>, gener\u00f3 una ola de rechazos en la provincia m\u00e1s austral del pa\u00eds.<\/p>\n<div class=\"ln-banner-container --middle_1_dsk\">\n<div id=\"middle_1_dsk\" class=\"ln-banner\" data-slot-group=\"nota\" data-device=\"desktop\" data-subscription=\"true\" data-ad-unit-path=\"\/133919216\/la_nacion_desktop\/Nota\/middle_1_dsk\" data-targeting=\"{&quot;sitio&quot;:&quot;lanacion&quot;,&quot;seccion&quot;:&quot;nota&quot;}\" data-without-hide=\"true\" data-size=\"[[1,1],[640,360],[640,480],[728,90]]\" data-sizemap=\"[]\" data-prebid-enabled=\"true\" data-google-query-id=\"CJT-4LW0pY0DFcQ9uQYd1HAdZw\">\n<div id=\"google_ads_iframe_\/133919216\/la_nacion_desktop\/Nota\/middle_1_dsk_0__container__\"><\/div>\n<\/div>\n<\/div>\n<p class=\"com-paragraph   --s\"><strong>\u201cVamos a judicializar si se confirma en los t\u00e9rminos en que fue anunciado\u201d<\/strong>, afirm\u00f3 Melella, quien acus\u00f3 al oficialismo nacional de actuar \u201ccon violencia y soberbia\u201d, y de \u201cfaltarle el respeto al pueblo fueguino\u201d. El mandatario provincial afirm\u00f3 que desde la Casa Rosada no le avisaron del proyecto, ni tampoco a los referentes de\u00a0<strong>La Libertad Avanza\u00a0<\/strong>en la isla, seg\u00fan afirm\u00f3 en una entrevista con el programa \u201cTurno Tarde\u201d de Radio Provincia, de Ushuaia.<\/p>\n<p class=\"com-paragraph   --s\">Melella cuestion\u00f3 las expresiones del diputado\u00a0<strong>Jos\u00e9 Luis Espert<\/strong>\u00a0y del ministro\u00a0<strong>Federico Sturzenegger<\/strong>, a quienes acus\u00f3 de despreciar a Tierra del Fuego al proponer convertirla \u201cen un parque de diversiones\u201d. \u201cNos tratan como si Ushuaia fuera todo y no existieran las otras localidades ni la cadena productiva que se extiende en toda la isla.\u00a0<strong>Hablan con una l\u00f3gica porte\u00f1a, subestiman<\/strong>\u201d, remarc\u00f3.<\/p>\n<div class=\"content-media\">\n<section class=\"mod-media --zoom  \" role=\"button\">\n<figure class=\"mod-figure \" role=\"button\">\n<div class=\"placeholder \">\n<div class=\"com-image\"><a href=\"https:\/\/opinionpublica.com.ar\/index\/wp-content\/uploads\/2024\/05\/gustavo-melella-2.jpg\"><img decoding=\"async\" class=\"alignnone size-full wp-image-3270\" src=\"https:\/\/opinionpublica.com.ar\/index\/wp-content\/uploads\/2024\/05\/gustavo-melella-2.jpg\" alt=\"\" width=\"880\" height=\"586\" srcset=\"https:\/\/opinionpublica.com.ar\/index\/wp-content\/uploads\/2024\/05\/gustavo-melella-2.jpg 880w, https:\/\/opinionpublica.com.ar\/index\/wp-content\/uploads\/2024\/05\/gustavo-melella-2-300x200.jpg 300w, https:\/\/opinionpublica.com.ar\/index\/wp-content\/uploads\/2024\/05\/gustavo-melella-2-768x511.jpg 768w\" sizes=\"(max-width: 880px) 100vw, 880px\" \/><\/a><\/div>\n<\/div>\n<\/figure>\n<\/section>\n<\/div>\n<p class=\"com-paragraph   --s\">\u201cSin argumentos, con violencia, realmente es complicada la situaci\u00f3n. A nosotros nos enoja y much\u00edsimo porque realmente son puestos de trabajo y en esto tambi\u00e9n los fueguinos tenemos que entender, y no nos comamos el caramelito de que mira qu\u00e9 bueno, ahora vamos a tener no s\u00e9 qu\u00e9 historia, vamos a tener que competir. No, estos<strong>\u00a0son puestos de trabajos que se pierden<\/strong>\u00a0y ya lo vivimos en la \u00e9poca de\u00a0<strong>(Mauricio) Macri<\/strong>, cuando se hizo de la misma manera con el famoso tema de las notebooks\u201d, afirm\u00f3 en otro tramo de la entrevista Melella.<\/p>\n<p class=\"com-paragraph   --s\">\u201cNo me importa si me faltan el respeto a m\u00ed, pero no voy a permitir que se lo falten a nuestro pueblo\u201d, sostuvo el gobernador. \u201cNos tratan como si fu\u00e9ramos culpables de todos los males del pa\u00eds. No entienden que esta es una\u00a0<strong>industria tecnol\u00f3gica calificada, con inversi\u00f3n y desarrollo<\/strong>\u201d.<\/p>\n<p class=\"com-paragraph   --s\">Melella, quien atraviesa su segundo mandato al frente de la provincia, asegur\u00f3 que la decisi\u00f3n del gobierno nacional es muy grave. \u201cDesde la provincia vamos a hacer todo lo que podamos hacer y est\u00e9 a nuestro alcance para dar vuelta (\u2026) las decisiones y acciones del gobierno nacional\u201d, advirti\u00f3.<\/p>\n<h2 class=\"com-title --font-primary --xl --font-extra\">Paro en las f\u00e1bricas<\/h2>\n<p class=\"com-paragraph   --s\"><strong>La reacci\u00f3n desde las f\u00e1bricas\u00a0<\/strong>no tard\u00f3 en llegar: todas las plantas electr\u00f3nicas radicadas en la provincia comenzaron un<strong>\u00a0paro por tiempo indeterminado<\/strong>. Melella respald\u00f3 la medida, al se\u00f1alar que \u201ces la herramienta que tienen los trabajadores\u201d, y subray\u00f3 que el impacto de la eventual quita de beneficios no se limitar\u00e1 a las f\u00e1bricas. \u201cCuando se pierde un empleo industrial, afecta al taxista, al almacenero, al que tiene una caba\u00f1a en Tolhuin\u201d, se\u00f1al\u00f3.<\/p>\n<div class=\"content-media\">\n<section class=\"mod-media --zoom  \" role=\"button\">\n<figure class=\"mod-figure \" role=\"button\"><a href=\"https:\/\/opinionpublica.com.ar\/index\/wp-content\/uploads\/2024\/03\/tierradelfuegoelectro_1.jpg\"><img decoding=\"async\" class=\"alignnone size-full wp-image-869\" src=\"https:\/\/opinionpublica.com.ar\/index\/wp-content\/uploads\/2024\/03\/tierradelfuegoelectro_1.jpg\" alt=\"\" width=\"960\" height=\"540\" srcset=\"https:\/\/opinionpublica.com.ar\/index\/wp-content\/uploads\/2024\/03\/tierradelfuegoelectro_1.jpg 960w, https:\/\/opinionpublica.com.ar\/index\/wp-content\/uploads\/2024\/03\/tierradelfuegoelectro_1-300x169.jpg 300w, https:\/\/opinionpublica.com.ar\/index\/wp-content\/uploads\/2024\/03\/tierradelfuegoelectro_1-768x432.jpg 768w\" sizes=\"(max-width: 960px) 100vw, 960px\" \/><\/a><\/figure>\n<\/section>\n<\/div>\n<p class=\"com-paragraph   --s\">Por su parte, la ministra de Producci\u00f3n y Ambiente,\u00a0<strong>Karina Fern\u00e1ndez<\/strong>, sostuvo que el anuncio \u201cpuede significar la p\u00e9rdida de miles de puestos de trabajo y menor competitividad para la industria\u201d y agreg\u00f3 que \u201cla industria significa soberan\u00eda, significa el empleo de nuestra gente y una vez m\u00e1s el gobierno nacional pone en jaque los puestos de trabajo y la producci\u00f3n\u201d.<\/p>\n<p class=\"com-paragraph   --s\">En tanto que\u00a0<strong>Ana Vainman<\/strong>, presidente de la Asociaci\u00f3n Fueguina de Representantes de la Industria Electr\u00f3nica (AFARTE) expres\u00f3 cautela respecto a las medidas del gobierno nacional. Sobre la\u00a0<strong>simplificaci\u00f3n aduanera<\/strong>\u00a0mencionada por el ministro de Econom\u00eda,\u00a0<strong>Luis Caputo<\/strong>, que permitir\u00eda el ingreso de productos desde Tierra del Fuego al continente de manera m\u00e1s eficiente, se\u00f1al\u00f3: \u201cEsto podr\u00eda ser un beneficio, ya que eliminar\u00eda algunos costos log\u00edsticos que encarecen la venta de nuestros productos. Sin embargo,\u00a0<strong>es fundamental esperar a que se publique la normativa para entender el impacto real de estas medidas<\/strong>\u201d, dijo a FM Aire Libre, de R\u00edo Grande.<\/p>\n<p class=\"com-paragraph   --s\">La presidenta de la una de las c\u00e1maras empresariales asegur\u00f3 que est\u00e1n trabajando en conjunto con los funcionarios del Gobierno nacional para comprender las medidas y asegurar la industria local y los puestos de trabajo, en tanto que cuestion\u00f3 la baja de precios anunciada por el vocero presidencial: \u201cEl ejemplo que se dio sobre la reducci\u00f3n de\u00a0<strong>precios de tel\u00e9fonos celulares<\/strong>\u00a0se refer\u00eda a productos importados, no a los fabricados en Tierra del Fuego. Adem\u00e1s, la baja de impuestos internos no se traducir\u00e1 de inmediato en precios m\u00e1s bajos, ya que el impuesto se paga por adelantado y el stock actual en el mercado ya lo ha absorbido\u201d, aclar\u00f3.<\/p>\n<\/div>\n<\/div>\n<\/div>\n<\/div>\n<\/section>\n<\/div>\n<\/div>\n","protected":false},"excerpt":{"rendered":"<p>Se agudiza el conflicto: Tierra del Fuego demandar\u00e1 judicialmente al Estado si avanza con la quita de aranceles<\/p>\n","protected":false},"author":5,"featured_media":3106,"comment_status":"open","ping_status":"open","sticky":false,"template":"","format":"standard","meta":{"footnotes":""},"categories":[3,2],"tags":[839,134],"class_list":["post-9755","post","type-post","status-publish","format-standard","has-post-thumbnail","hentry","category-nacionales","category-tierra-del-fuego","tag-aranceles","tag-gustavo-melella"],"featured_image_urls":{"full":["https:\/\/opinionpublica.com.ar\/index\/wp-content\/uploads\/2024\/05\/fabrica-electronica.jpg",1024,576,false],"thumbnail":["https:\/\/opinionpublica.com.ar\/index\/wp-content\/uploads\/2024\/05\/fabrica-electronica-150x150.jpg",150,150,true],"medium":["https:\/\/opinionpublica.com.ar\/index\/wp-content\/uploads\/2024\/05\/fabrica-electronica-300x169.jpg",300,169,true],"medium_large":["https:\/\/opinionpublica.com.ar\/index\/wp-content\/uploads\/2024\/05\/fabrica-electronica-768x432.jpg",640,360,true],"large":["https:\/\/opinionpublica.com.ar\/index\/wp-content\/uploads\/2024\/05\/fabrica-electronica.jpg",640,360,false],"1536x1536":["https:\/\/opinionpublica.com.ar\/index\/wp-content\/uploads\/2024\/05\/fabrica-electronica.jpg",1024,576,false],"2048x2048":["https:\/\/opinionpublica.com.ar\/index\/wp-content\/uploads\/2024\/05\/fabrica-electronica.jpg",1024,576,false],"morenews-large":["https:\/\/opinionpublica.com.ar\/index\/wp-content\/uploads\/2024\/05\/fabrica-electronica-825x575.jpg",825,575,true],"morenews-medium":["https:\/\/opinionpublica.com.ar\/index\/wp-content\/uploads\/2024\/05\/fabrica-electronica-590x410.jpg",590,410,true]},"author_info":{"display_name":"Hal","author_link":"https:\/\/opinionpublica.com.ar\/index\/author\/hal\/"},"category_info":"<a href=\"https:\/\/opinionpublica.com.ar\/index\/category\/nacionales\/\" rel=\"category tag\">Nacionales<\/a> <a href=\"https:\/\/opinionpublica.com.ar\/index\/category\/tierra-del-fuego\/\" rel=\"category tag\">Tierra del Fuego<\/a>","tag_info":"Tierra del Fuego","comment_count":"0","_links":{"self":[{"href":"https:\/\/opinionpublica.com.ar\/index\/wp-json\/wp\/v2\/posts\/9755","targetHints":{"allow":["GET"]}}],"collection":[{"href":"https:\/\/opinionpublica.com.ar\/index\/wp-json\/wp\/v2\/posts"}],"about":[{"href":"https:\/\/opinionpublica.com.ar\/index\/wp-json\/wp\/v2\/types\/post"}],"author":[{"embeddable":true,"href":"https:\/\/opinionpublica.com.ar\/index\/wp-json\/wp\/v2\/users\/5"}],"replies":[{"embeddable":true,"href":"https:\/\/opinionpublica.com.ar\/index\/wp-json\/wp\/v2\/comments?post=9755"}],"version-history":[{"count":1,"href":"https:\/\/opinionpublica.com.ar\/index\/wp-json\/wp\/v2\/posts\/9755\/revisions"}],"predecessor-version":[{"id":9756,"href":"https:\/\/opinionpublica.com.ar\/index\/wp-json\/wp\/v2\/posts\/9755\/revisions\/9756"}],"wp:featuredmedia":[{"embeddable":true,"href":"https:\/\/opinionpublica.com.ar\/index\/wp-json\/wp\/v2\/media\/3106"}],"wp:attachment":[{"href":"https:\/\/opinionpublica.com.ar\/index\/wp-json\/wp\/v2\/media?parent=9755"}],"wp:term":[{"taxonomy":"category","embeddable":true,"href":"https:\/\/opinionpublica.com.ar\/index\/wp-json\/wp\/v2\/categories?post=9755"},{"taxonomy":"post_tag","embeddable":true,"href":"https:\/\/opinionpublica.com.ar\/index\/wp-json\/wp\/v2\/tags?post=9755"}],"curies":[{"name":"wp","href":"https:\/\/api.w.org\/{rel}","templated":true}]}}