{"id":9757,"date":"2025-05-15T09:05:34","date_gmt":"2025-05-15T12:05:34","guid":{"rendered":"https:\/\/opinionpublica.com.ar\/index\/?p=9757"},"modified":"2025-05-15T09:05:34","modified_gmt":"2025-05-15T12:05:34","slug":"el-diputado-santiago-pauli-no-sabia-que-el-gobierno-nacional-iba-a-hacer-esto","status":"publish","type":"post","link":"https:\/\/opinionpublica.com.ar\/index\/el-diputado-santiago-pauli-no-sabia-que-el-gobierno-nacional-iba-a-hacer-esto\/","title":{"rendered":"El diputado Santiago Pauli: \u00abNo sab\u00eda que el Gobierno nacional iba a hacer esto\u00bb"},"content":{"rendered":"<section class=\"elementor-section elementor-top-section elementor-element elementor-element-0861e4f elementor-section-boxed elementor-section-height-default elementor-section-height-default\" data-id=\"0861e4f\" data-element_type=\"section\">\n<div class=\"elementor-container elementor-column-gap-default\">\n<div class=\"elementor-row\">\n<div class=\"elementor-column elementor-col-100 elementor-top-column elementor-element elementor-element-43b1334\" data-id=\"43b1334\" data-element_type=\"column\">\n<div class=\"elementor-column-wrap elementor-element-populated\">\n<div class=\"elementor-widget-wrap\">\n<div class=\"elementor-element elementor-element-4e7a5ac elementor-widget elementor-widget-theme-post-title elementor-page-title elementor-widget-heading\" data-id=\"4e7a5ac\" data-element_type=\"widget\" data-widget_type=\"theme-post-title.default\">\n<div class=\"elementor-widget-container\">\n<p class=\"elementor-heading-title elementor-size-default\"><strong>El diputado Santiago Pauli: \u201cNo sab\u00eda que el Gobierno nacional iba a hacer esto\u201d<\/strong><\/p>\n<\/div>\n<\/div>\n<\/div>\n<\/div>\n<\/div>\n<\/div>\n<\/div>\n<\/section>\n<section class=\"elementor-section elementor-top-section elementor-element elementor-element-640466e elementor-section-boxed elementor-section-height-default elementor-section-height-default\" data-id=\"640466e\" data-element_type=\"section\">\n<div class=\"elementor-container elementor-column-gap-default\">\n<div class=\"elementor-row\">\n<div class=\"elementor-column elementor-col-100 elementor-top-column elementor-element elementor-element-2d4a842\" data-id=\"2d4a842\" data-element_type=\"column\">\n<div class=\"elementor-column-wrap elementor-element-populated\">\n<div class=\"elementor-widget-wrap\">\n<div class=\"elementor-element elementor-element-ff1c4ba elementor-widget elementor-widget-theme-post-content\" data-id=\"ff1c4ba\" data-element_type=\"widget\" data-widget_type=\"theme-post-content.default\">\n<div class=\"elementor-widget-container\">\n<p><em>El diputado libertario se mostr\u00f3 sorprendido pero en sinton\u00eda con la Casa Rosada y apunt\u00f3 a los empresarios con una expresi\u00f3n que caus\u00f3 escalofr\u00edo porque son\u00f3 como un vaticinio: \u201cSe llenaron de plata y ahora se van\u201d.<\/em><span id=\"more-111497\"><\/span><\/p>\n<p><a href=\"https:\/\/opinionpublica.com.ar\/index\/wp-content\/uploads\/2024\/10\/e_1687813672-santiago-pauli.jpg\"><img fetchpriority=\"high\" decoding=\"async\" class=\"alignnone size-full wp-image-6251\" src=\"https:\/\/opinionpublica.com.ar\/index\/wp-content\/uploads\/2024\/10\/e_1687813672-santiago-pauli.jpg\" alt=\"\" width=\"900\" height=\"499\" srcset=\"https:\/\/opinionpublica.com.ar\/index\/wp-content\/uploads\/2024\/10\/e_1687813672-santiago-pauli.jpg 900w, https:\/\/opinionpublica.com.ar\/index\/wp-content\/uploads\/2024\/10\/e_1687813672-santiago-pauli-300x166.jpg 300w, https:\/\/opinionpublica.com.ar\/index\/wp-content\/uploads\/2024\/10\/e_1687813672-santiago-pauli-768x426.jpg 768w\" sizes=\"(max-width: 900px) 100vw, 900px\" \/><\/a><\/p>\n<p>El diputado nacional por Tierra del Fuego, Santiago Pauli, de La Libertad Avanza, reconoci\u00f3 no haber sido informado sobre el anuncio realizado por el Gobierno nacional el martes 13 de mayo, cuando se oficializ\u00f3 la baja de aranceles a la importaci\u00f3n de productos electr\u00f3nicos. La medida impacta directamente sobre el r\u00e9gimen de promoci\u00f3n industrial de la provincia, pero el legislador fueguino dijo desconocer que el Ejecutivo de su propio espacio pol\u00edtico tuviera previsto ahora avanzar con esa decisi\u00f3n.<\/p>\n<p>\u201cNo sab\u00eda que se iba a hacer el anuncio el martes, esa es la realidad\u201d, afirm\u00f3 Pauli ante medios provinciales, lo que dej\u00f3 entrever una posible falta de articulaci\u00f3n entre el legislador y las autoridades nacionales. Sin embargo, el diputado defendi\u00f3 la baja de impuestos y traslad\u00f3 el eje del debate a las empresas radicadas en la isla: \u201cLos fueguinos les sostuvimos la vela durante muchos a\u00f1os, se llenaron de plata y ahora ante un cambio se levantan y se van\u201d, lanz\u00f3.<\/p>\n<p>Para Pauli, el foco debe ponerse en la capacidad del sector privado para adaptarse al nuevo escenario. \u201cLa pregunta que debemos hacernos es si estamos en condiciones de competir frente a estas medidas. Esa es la discusi\u00f3n que tiene que darse\u201d, se\u00f1al\u00f3, al tiempo que sostuvo que \u201ctiene que haber un compromiso de las empresas para que sean competitivas\u201d.<\/p>\n<p>Aunque admiti\u00f3 que la discusi\u00f3n sobre los aranceles \u201csiempre estuvo\u201d, insisti\u00f3 en que no sab\u00eda que el anuncio se har\u00eda esta semana. Tambi\u00e9n expres\u00f3 su preocupaci\u00f3n por el futuro laboral de los trabajadores: \u201cHoy hay incertidumbre sobre qu\u00e9 pasa con el que tiene un puesto fabril\u201d, reconoci\u00f3.<\/p>\n<\/div>\n<\/div>\n<\/div>\n<\/div>\n<\/div>\n<\/div>\n<\/div>\n<\/section>\n","protected":false},"excerpt":{"rendered":"<p>El diputado Santiago Pauli: \u201cNo sab\u00eda que el Gobierno nacional iba a hacer esto\u201d El diputado libertario se<\/p>\n","protected":false},"author":5,"featured_media":6251,"comment_status":"open","ping_status":"open","sticky":false,"template":"","format":"standard","meta":{"footnotes":""},"categories":[2],"tags":[3495,503,971],"class_list":["post-9757","post","type-post","status-publish","format-standard","has-post-thumbnail","hentry","category-tierra-del-fuego","tag-baja-aranceles","tag-diputada-nacional","tag-santiago-pauli"],"featured_image_urls":{"full":["https:\/\/opinionpublica.com.ar\/index\/wp-content\/uploads\/2024\/10\/e_1687813672-santiago-pauli.jpg",900,499,false],"thumbnail":["https:\/\/opinionpublica.com.ar\/index\/wp-content\/uploads\/2024\/10\/e_1687813672-santiago-pauli-150x150.jpg",150,150,true],"medium":["https:\/\/opinionpublica.com.ar\/index\/wp-content\/uploads\/2024\/10\/e_1687813672-santiago-pauli-300x166.jpg",300,166,true],"medium_large":["https:\/\/opinionpublica.com.ar\/index\/wp-content\/uploads\/2024\/10\/e_1687813672-santiago-pauli-768x426.jpg",640,355,true],"large":["https:\/\/opinionpublica.com.ar\/index\/wp-content\/uploads\/2024\/10\/e_1687813672-santiago-pauli.jpg",640,355,false],"1536x1536":["https:\/\/opinionpublica.com.ar\/index\/wp-content\/uploads\/2024\/10\/e_1687813672-santiago-pauli.jpg",900,499,false],"2048x2048":["https:\/\/opinionpublica.com.ar\/index\/wp-content\/uploads\/2024\/10\/e_1687813672-santiago-pauli.jpg",900,499,false],"morenews-large":["https:\/\/opinionpublica.com.ar\/index\/wp-content\/uploads\/2024\/10\/e_1687813672-santiago-pauli-825x499.jpg",825,499,true],"morenews-medium":["https:\/\/opinionpublica.com.ar\/index\/wp-content\/uploads\/2024\/10\/e_1687813672-santiago-pauli-590x410.jpg",590,410,true]},"author_info":{"display_name":"Hal","author_link":"https:\/\/opinionpublica.com.ar\/index\/author\/hal\/"},"category_info":"<a href=\"https:\/\/opinionpublica.com.ar\/index\/category\/tierra-del-fuego\/\" rel=\"category tag\">Tierra del Fuego<\/a>","tag_info":"Tierra del Fuego","comment_count":"0","_links":{"self":[{"href":"https:\/\/opinionpublica.com.ar\/index\/wp-json\/wp\/v2\/posts\/9757","targetHints":{"allow":["GET"]}}],"collection":[{"href":"https:\/\/opinionpublica.com.ar\/index\/wp-json\/wp\/v2\/posts"}],"about":[{"href":"https:\/\/opinionpublica.com.ar\/index\/wp-json\/wp\/v2\/types\/post"}],"author":[{"embeddable":true,"href":"https:\/\/opinionpublica.com.ar\/index\/wp-json\/wp\/v2\/users\/5"}],"replies":[{"embeddable":true,"href":"https:\/\/opinionpublica.com.ar\/index\/wp-json\/wp\/v2\/comments?post=9757"}],"version-history":[{"count":1,"href":"https:\/\/opinionpublica.com.ar\/index\/wp-json\/wp\/v2\/posts\/9757\/revisions"}],"predecessor-version":[{"id":9758,"href":"https:\/\/opinionpublica.com.ar\/index\/wp-json\/wp\/v2\/posts\/9757\/revisions\/9758"}],"wp:featuredmedia":[{"embeddable":true,"href":"https:\/\/opinionpublica.com.ar\/index\/wp-json\/wp\/v2\/media\/6251"}],"wp:attachment":[{"href":"https:\/\/opinionpublica.com.ar\/index\/wp-json\/wp\/v2\/media?parent=9757"}],"wp:term":[{"taxonomy":"category","embeddable":true,"href":"https:\/\/opinionpublica.com.ar\/index\/wp-json\/wp\/v2\/categories?post=9757"},{"taxonomy":"post_tag","embeddable":true,"href":"https:\/\/opinionpublica.com.ar\/index\/wp-json\/wp\/v2\/tags?post=9757"}],"curies":[{"name":"wp","href":"https:\/\/api.w.org\/{rel}","templated":true}]}}