{"id":9759,"date":"2025-05-15T09:26:32","date_gmt":"2025-05-15T12:26:32","guid":{"rendered":"https:\/\/opinionpublica.com.ar\/index\/?p=9759"},"modified":"2025-05-15T09:26:32","modified_gmt":"2025-05-15T12:26:32","slug":"la-inflacion-de-abril-marco-una-desaceleracion-al-28","status":"publish","type":"post","link":"https:\/\/opinionpublica.com.ar\/index\/la-inflacion-de-abril-marco-una-desaceleracion-al-28\/","title":{"rendered":"La inflaci\u00f3n de abril marc\u00f3 una desaceleraci\u00f3n al 2,8 %"},"content":{"rendered":"<div class=\"td-post-header\">\n<header class=\"td-post-title\">\n<p class=\"entry-title\"><strong>La inflaci\u00f3n de abril marc\u00f3 una desaceleraci\u00f3n al 2,8 %<\/strong><\/p>\n<\/header>\n<\/div>\n<div class=\"td-post-content tagdiv-type\">\n<p>El INDEC report\u00f3 una baja de 0,9 puntos porcentuales respecto a marzo, en un contexto de liberalizaci\u00f3n del d\u00f3lar. El acumulado anual llega al 11,6%, mientras que en los \u00faltimos doce meses la suba fue del 47,3%.<\/p>\n<p><a href=\"https:\/\/opinionpublica.com.ar\/index\/wp-content\/uploads\/2024\/08\/inflacion-1.jpg\"><img fetchpriority=\"high\" decoding=\"async\" class=\"alignnone size-full wp-image-4991\" src=\"https:\/\/opinionpublica.com.ar\/index\/wp-content\/uploads\/2024\/08\/inflacion-1.jpg\" alt=\"\" width=\"870\" height=\"580\" srcset=\"https:\/\/opinionpublica.com.ar\/index\/wp-content\/uploads\/2024\/08\/inflacion-1.jpg 870w, https:\/\/opinionpublica.com.ar\/index\/wp-content\/uploads\/2024\/08\/inflacion-1-300x200.jpg 300w, https:\/\/opinionpublica.com.ar\/index\/wp-content\/uploads\/2024\/08\/inflacion-1-768x512.jpg 768w\" sizes=\"(max-width: 870px) 100vw, 870px\" \/><\/a><\/p>\n<p>El primer dato inflacionario tras el levantamiento del cepo cambiario y la implementaci\u00f3n de un sistema de bandas para el d\u00f3lar mostr\u00f3 una desaceleraci\u00f3n en abril: el \u00cdndice de Precios al Consumidor (IPC) registr\u00f3 un 2,8%, lo que representa una baja de 0,9 puntos porcentuales frente al 3,7% de marzo.<\/p>\n<p>La cifra, difundida este mi\u00e9rcoles por el INDEC, confirma una tendencia a la moderaci\u00f3n despu\u00e9s de los repuntes observados en el primer trimestre del a\u00f1o, cuando la inflaci\u00f3n escal\u00f3 desde el 2,2% en enero hasta el 3,7% en marzo, su nivel m\u00e1s alto desde octubre de 2024.<br \/>\nEl resultado de abril era clave para evaluar el impacto de las nuevas medidas econ\u00f3micas, en particular la eliminaci\u00f3n de las restricciones cambiarias y el paso a un esquema de flotaci\u00f3n regulada para la divisa estadounidense.<\/p>\n<p>Si bien algunos analistas anticipaban presiones alcistas en los precios, el dato reflej\u00f3 un enfriamiento, aline\u00e1ndose con la desaceleraci\u00f3n que comenz\u00f3 en la segunda mitad del a\u00f1o pasado. No obstante, el acumulado en los \u00faltimos doce meses sigue siendo elevado: 47,3%. El rubro que lider\u00f3 los aumentos en abril fue restaurantes y hoteles<br \/>\n(4,1%), impulsado por el encarecimiento de alimentos y bebidas fuera del hogar. Le sigui\u00f3 recreaci\u00f3n y cultura (4%), debido a ajustes en servicios vinculados al esparcimiento. Por otro lado, alimentos y bebidas no alcoh\u00f3licas (2,9%) tuvo la mayor incidencia a nivel regional, con subas en carnes, l\u00e1cteos, huevos y pan. En contraste, transporte (1,7%) y equipamiento y mantenimiento del hogar (0,9%) presentaron las<br \/>\nvariaciones m\u00e1s bajas.<\/p>\n<p>Con este resultado, el Gobierno obtiene un respaldo inicial a su estrategia de liberalizaci\u00f3n cambiaria, aunque persisten desaf\u00edos para consolidar la tendencia a la baja en un contexto de alta inercia inflacionaria. Los pr\u00f3ximos meses ser\u00e1n determinantes para evaluar si la desaceleraci\u00f3n se consolida o si, por el contrario, resurgen presiones de precios en un escenario de mayor flexibilidad monetaria.<\/p>\n<\/div>\n<footer>\n<div class=\"td-post-source-tags\"><\/div>\n<div class=\"td-post-sharing-bottom\">\n<div id=\"td_social_sharing_article_bottom\" class=\"td-post-sharing td-ps-border td-ps-border-grey td-ps-rounded td-ps-padding td-ps-icon-color td-post-sharing-style18 \">\n<div class=\"td-post-sharing-visible\">\n<div class=\"td-social-but-icon\"><\/div>\n<\/div>\n<\/div>\n<\/div>\n<\/footer>\n","protected":false},"excerpt":{"rendered":"<p>La inflaci\u00f3n de abril marc\u00f3 una desaceleraci\u00f3n al 2,8 % El INDEC report\u00f3 una baja de 0,9 puntos<\/p>\n","protected":false},"author":5,"featured_media":4991,"comment_status":"open","ping_status":"open","sticky":false,"template":"","format":"standard","meta":{"footnotes":""},"categories":[3],"tags":[3496,123,362],"class_list":["post-9759","post","type-post","status-publish","format-standard","has-post-thumbnail","hentry","category-nacionales","tag-abril","tag-indec","tag-inflacion"],"featured_image_urls":{"full":["https:\/\/opinionpublica.com.ar\/index\/wp-content\/uploads\/2024\/08\/inflacion-1.jpg",870,580,false],"thumbnail":["https:\/\/opinionpublica.com.ar\/index\/wp-content\/uploads\/2024\/08\/inflacion-1-150x150.jpg",150,150,true],"medium":["https:\/\/opinionpublica.com.ar\/index\/wp-content\/uploads\/2024\/08\/inflacion-1-300x200.jpg",300,200,true],"medium_large":["https:\/\/opinionpublica.com.ar\/index\/wp-content\/uploads\/2024\/08\/inflacion-1-768x512.jpg",640,427,true],"large":["https:\/\/opinionpublica.com.ar\/index\/wp-content\/uploads\/2024\/08\/inflacion-1.jpg",640,427,false],"1536x1536":["https:\/\/opinionpublica.com.ar\/index\/wp-content\/uploads\/2024\/08\/inflacion-1.jpg",870,580,false],"2048x2048":["https:\/\/opinionpublica.com.ar\/index\/wp-content\/uploads\/2024\/08\/inflacion-1.jpg",870,580,false],"morenews-large":["https:\/\/opinionpublica.com.ar\/index\/wp-content\/uploads\/2024\/08\/inflacion-1-825x575.jpg",825,575,true],"morenews-medium":["https:\/\/opinionpublica.com.ar\/index\/wp-content\/uploads\/2024\/08\/inflacion-1-590x410.jpg",590,410,true]},"author_info":{"display_name":"Hal","author_link":"https:\/\/opinionpublica.com.ar\/index\/author\/hal\/"},"category_info":"<a href=\"https:\/\/opinionpublica.com.ar\/index\/category\/nacionales\/\" rel=\"category tag\">Nacionales<\/a>","tag_info":"Nacionales","comment_count":"0","_links":{"self":[{"href":"https:\/\/opinionpublica.com.ar\/index\/wp-json\/wp\/v2\/posts\/9759","targetHints":{"allow":["GET"]}}],"collection":[{"href":"https:\/\/opinionpublica.com.ar\/index\/wp-json\/wp\/v2\/posts"}],"about":[{"href":"https:\/\/opinionpublica.com.ar\/index\/wp-json\/wp\/v2\/types\/post"}],"author":[{"embeddable":true,"href":"https:\/\/opinionpublica.com.ar\/index\/wp-json\/wp\/v2\/users\/5"}],"replies":[{"embeddable":true,"href":"https:\/\/opinionpublica.com.ar\/index\/wp-json\/wp\/v2\/comments?post=9759"}],"version-history":[{"count":1,"href":"https:\/\/opinionpublica.com.ar\/index\/wp-json\/wp\/v2\/posts\/9759\/revisions"}],"predecessor-version":[{"id":9760,"href":"https:\/\/opinionpublica.com.ar\/index\/wp-json\/wp\/v2\/posts\/9759\/revisions\/9760"}],"wp:featuredmedia":[{"embeddable":true,"href":"https:\/\/opinionpublica.com.ar\/index\/wp-json\/wp\/v2\/media\/4991"}],"wp:attachment":[{"href":"https:\/\/opinionpublica.com.ar\/index\/wp-json\/wp\/v2\/media?parent=9759"}],"wp:term":[{"taxonomy":"category","embeddable":true,"href":"https:\/\/opinionpublica.com.ar\/index\/wp-json\/wp\/v2\/categories?post=9759"},{"taxonomy":"post_tag","embeddable":true,"href":"https:\/\/opinionpublica.com.ar\/index\/wp-json\/wp\/v2\/tags?post=9759"}],"curies":[{"name":"wp","href":"https:\/\/api.w.org\/{rel}","templated":true}]}}