{"id":9761,"date":"2025-05-15T09:43:09","date_gmt":"2025-05-15T12:43:09","guid":{"rendered":"https:\/\/opinionpublica.com.ar\/index\/?p=9761"},"modified":"2025-05-15T09:43:09","modified_gmt":"2025-05-15T12:43:09","slug":"afarte-toma-con-cautela-las-medidas-del-gobierno-nacional","status":"publish","type":"post","link":"https:\/\/opinionpublica.com.ar\/index\/afarte-toma-con-cautela-las-medidas-del-gobierno-nacional\/","title":{"rendered":"AFARTE TOMA CON CAUTELA LAS MEDIDAS DEL GOBIERNO NACIONAL"},"content":{"rendered":"<header class=\"entry-header\">\n<p class=\"entry-title\"><strong>AFARTE TOMA CON CAUTELA LAS MEDIDAS DEL GOBIERNO NACIONAL<\/strong><\/p>\n<\/header>\n<div class=\"entry-content clearfix\">\n<p>Ana Vainman, presidente de AFARTE, habl\u00f3 sobre las medidas del Gobierno nacional de quita de aranceles a importaciones, la eliminaci\u00f3n de Impuestos Internos y la posibilidad de venta de productos fueguinos al continente v\u00eda courier (puerta a puerta).\u00a0 \u201cCualquier acci\u00f3n que colabore con la eliminaci\u00f3n del costo argentino es bienvenida.<\/p>\n<p><a href=\"https:\/\/opinionpublica.com.ar\/index\/wp-content\/uploads\/2025\/05\/20240801135003_whatsapp_image_2024_08_01_at_13_49_51-Ana-Vainman.jpeg\"><img fetchpriority=\"high\" decoding=\"async\" class=\"alignnone size-full wp-image-9762\" src=\"https:\/\/opinionpublica.com.ar\/index\/wp-content\/uploads\/2025\/05\/20240801135003_whatsapp_image_2024_08_01_at_13_49_51-Ana-Vainman.jpeg\" alt=\"\" width=\"880\" height=\"493\" srcset=\"https:\/\/opinionpublica.com.ar\/index\/wp-content\/uploads\/2025\/05\/20240801135003_whatsapp_image_2024_08_01_at_13_49_51-Ana-Vainman.jpeg 880w, https:\/\/opinionpublica.com.ar\/index\/wp-content\/uploads\/2025\/05\/20240801135003_whatsapp_image_2024_08_01_at_13_49_51-Ana-Vainman-300x168.jpeg 300w, https:\/\/opinionpublica.com.ar\/index\/wp-content\/uploads\/2025\/05\/20240801135003_whatsapp_image_2024_08_01_at_13_49_51-Ana-Vainman-768x430.jpeg 768w\" sizes=\"(max-width: 880px) 100vw, 880px\" \/><\/a><\/p>\n<p>Sin embargo, la eliminaci\u00f3n de aranceles a cero, aunque no sea inmediata, genera cautela. A partir del pr\u00f3ximo a\u00f1o, comenzar\u00e1 a ser cero, y eso es algo que debemos analizar con detenimiento\u201d, explic\u00f3. Sin embargo, elogi\u00f3 la quita de Impuestos Internos y brind\u00f3 un mensaje de tranquilidad a los trabajadores.<\/p>\n<p>En una entrevista en Aire Libre FM, Ana Vainman, presidente de la Asociaci\u00f3n de F\u00e1bricas Argentinas Terminales de Electr\u00f3nica (AFARTE), comparti\u00f3 su perspectiva sobre las recientes medidas anunciadas por el Gobierno nacional, que incluyen la eliminaci\u00f3n de aranceles a las importaciones, la baja de impuestos internos y la posibilidad de facilitar la venta de productos fueguinos al continente a trav\u00e9s de servicios de courier.<\/p>\n<p>Vainman comenz\u00f3 su intervenci\u00f3n reconociendo que las noticias del d\u00eda anterior sorprendieron a muchos en la industria. \u201cSab\u00edamos que se ven\u00eda trabajando en algo en esta direcci\u00f3n, pero no ten\u00edamos claridad sobre lo que se anunciar\u00eda. En principio, hay dos partes en este anuncio: una buena y otra que genera preocupaci\u00f3n\u201d, coment\u00f3.<\/p>\n<p>La presidenta de AFARTE destac\u00f3 que la eliminaci\u00f3n del impuesto interno es una medida positiva, ya que contribuir\u00e1 a reducir el costo argentino, un factor que ha dificultado la competitividad de los productos locales en comparaci\u00f3n con los precios internacionales. \u201cCualquier acci\u00f3n que colabore con la eliminaci\u00f3n del costo argentino es bienvenida. Sin embargo, la eliminaci\u00f3n de aranceles a cero, aunque no sea inmediata, genera cautela. A partir del pr\u00f3ximo a\u00f1o, comenzar\u00e1 a ser cero, y eso es algo que debemos analizar con detenimiento\u201d, explic\u00f3.<\/p>\n<p>Vainman\u00a0 tambi\u00e9n se refiri\u00f3 a la simplificaci\u00f3n aduanera mencionada por el ministro de Econom\u00eda, Lu\u00eds Caputo, que permitir\u00eda exportar productos desde Tierra del Fuego al continente de manera m\u00e1s eficiente. \u201cEsto podr\u00eda ser un beneficio, ya que eliminar\u00eda algunos costos log\u00edsticos que encarecen la venta de nuestros productos. Sin embargo, es fundamental esperar a que se publique la normativa para entender el impacto real de estas medidas\u201d, se\u00f1al\u00f3.<\/p>\n<p>La presidenta de AFARTE hizo hincapi\u00e9 en la necesidad de tranquilidad para los trabajadores de la industria, quienes podr\u00edan sentirse preocupados por los cambios. \u201cEstamos trabajando en conjunto con los funcionarios del Gobierno nacional para comprender cabalmente estas medidas y asegurar que defendemos la industria y los puestos de trabajo\u201d, afirm\u00f3.<\/p>\n<p>En relaci\u00f3n a la baja de precios anunciada por el vocero presidencial, Vainman se mostr\u00f3 cautelosa. \u201cEl ejemplo que se dio sobre la reducci\u00f3n de precios de tel\u00e9fonos celulares se refer\u00eda a productos importados, no a los fabricados en Tierra del Fuego. Adem\u00e1s, la baja de impuestos internos no se traducir\u00e1 de inmediato en precios m\u00e1s bajos, ya que el impuesto se paga por adelantado y el stock actual en el mercado ya lo ha absorbido\u201d, aclar\u00f3.<\/p>\n<p>Vainman tambi\u00e9n confirm\u00f3 que AFARTE tiene programada una reuni\u00f3n con el Gobierno nacional antes de que finalice la semana para discutir estas medidas en tanto con el gobierno fueguino dijo que \u201ces constante, y aunque no tenemos una reuni\u00f3n formal prevista, estamos siempre disponibles para responder a cualquier consulta\u201d, a\u00f1adi\u00f3.<\/p>\n<p>Finalmente, Vainman enfatiz\u00f3 la importancia de seguir trabajando en la competitividad del sector. \u201cDesde la f\u00e1brica hasta el \u00faltimo comercio del pa\u00eds, debemos mejorar la cadena de valor para ofrecer los mejores precios posibles al consumidor. La baja de aranceles es una preocupaci\u00f3n que debemos abordar con seriedad, pero tambi\u00e9n es una oportunidad para fortalecer nuestra industria\u201d, concluy\u00f3.<\/p>\n<\/div>\n","protected":false},"excerpt":{"rendered":"<p>AFARTE TOMA CON CAUTELA LAS MEDIDAS DEL GOBIERNO NACIONAL Ana Vainman, presidente de AFARTE, habl\u00f3 sobre las medidas<\/p>\n","protected":false},"author":5,"featured_media":9763,"comment_status":"open","ping_status":"open","sticky":false,"template":"","format":"standard","meta":{"footnotes":""},"categories":[2],"tags":[326,3497,3495],"class_list":["post-9761","post","type-post","status-publish","format-standard","has-post-thumbnail","hentry","category-tierra-del-fuego","tag-afarte","tag-ana-vainman","tag-baja-aranceles"],"featured_image_urls":{"full":["https:\/\/opinionpublica.com.ar\/index\/wp-content\/uploads\/2025\/05\/634ae8c40fc4a-Ana-Vainman.jpg",1920,1281,false],"thumbnail":["https:\/\/opinionpublica.com.ar\/index\/wp-content\/uploads\/2025\/05\/634ae8c40fc4a-Ana-Vainman-150x150.jpg",150,150,true],"medium":["https:\/\/opinionpublica.com.ar\/index\/wp-content\/uploads\/2025\/05\/634ae8c40fc4a-Ana-Vainman-300x200.jpg",300,200,true],"medium_large":["https:\/\/opinionpublica.com.ar\/index\/wp-content\/uploads\/2025\/05\/634ae8c40fc4a-Ana-Vainman-768x512.jpg",640,427,true],"large":["https:\/\/opinionpublica.com.ar\/index\/wp-content\/uploads\/2025\/05\/634ae8c40fc4a-Ana-Vainman-1024x683.jpg",640,427,true],"1536x1536":["https:\/\/opinionpublica.com.ar\/index\/wp-content\/uploads\/2025\/05\/634ae8c40fc4a-Ana-Vainman-1536x1025.jpg",1536,1025,true],"2048x2048":["https:\/\/opinionpublica.com.ar\/index\/wp-content\/uploads\/2025\/05\/634ae8c40fc4a-Ana-Vainman.jpg",1920,1281,false],"morenews-large":["https:\/\/opinionpublica.com.ar\/index\/wp-content\/uploads\/2025\/05\/634ae8c40fc4a-Ana-Vainman-825x575.jpg",825,575,true],"morenews-medium":["https:\/\/opinionpublica.com.ar\/index\/wp-content\/uploads\/2025\/05\/634ae8c40fc4a-Ana-Vainman-590x410.jpg",590,410,true]},"author_info":{"display_name":"Hal","author_link":"https:\/\/opinionpublica.com.ar\/index\/author\/hal\/"},"category_info":"<a href=\"https:\/\/opinionpublica.com.ar\/index\/category\/tierra-del-fuego\/\" rel=\"category tag\">Tierra del Fuego<\/a>","tag_info":"Tierra del Fuego","comment_count":"0","_links":{"self":[{"href":"https:\/\/opinionpublica.com.ar\/index\/wp-json\/wp\/v2\/posts\/9761","targetHints":{"allow":["GET"]}}],"collection":[{"href":"https:\/\/opinionpublica.com.ar\/index\/wp-json\/wp\/v2\/posts"}],"about":[{"href":"https:\/\/opinionpublica.com.ar\/index\/wp-json\/wp\/v2\/types\/post"}],"author":[{"embeddable":true,"href":"https:\/\/opinionpublica.com.ar\/index\/wp-json\/wp\/v2\/users\/5"}],"replies":[{"embeddable":true,"href":"https:\/\/opinionpublica.com.ar\/index\/wp-json\/wp\/v2\/comments?post=9761"}],"version-history":[{"count":1,"href":"https:\/\/opinionpublica.com.ar\/index\/wp-json\/wp\/v2\/posts\/9761\/revisions"}],"predecessor-version":[{"id":9764,"href":"https:\/\/opinionpublica.com.ar\/index\/wp-json\/wp\/v2\/posts\/9761\/revisions\/9764"}],"wp:featuredmedia":[{"embeddable":true,"href":"https:\/\/opinionpublica.com.ar\/index\/wp-json\/wp\/v2\/media\/9763"}],"wp:attachment":[{"href":"https:\/\/opinionpublica.com.ar\/index\/wp-json\/wp\/v2\/media?parent=9761"}],"wp:term":[{"taxonomy":"category","embeddable":true,"href":"https:\/\/opinionpublica.com.ar\/index\/wp-json\/wp\/v2\/categories?post=9761"},{"taxonomy":"post_tag","embeddable":true,"href":"https:\/\/opinionpublica.com.ar\/index\/wp-json\/wp\/v2\/tags?post=9761"}],"curies":[{"name":"wp","href":"https:\/\/api.w.org\/{rel}","templated":true}]}}