{"id":9766,"date":"2025-05-16T19:09:58","date_gmt":"2025-05-16T22:09:58","guid":{"rendered":"https:\/\/opinionpublica.com.ar\/index\/?p=9766"},"modified":"2025-05-26T12:06:19","modified_gmt":"2025-05-26T15:06:19","slug":"alioto-buscamos-soluciones-concretas-para-poder-construir-un-nuevo-horizonte-en-tierra-del-fuego","status":"publish","type":"post","link":"https:\/\/opinionpublica.com.ar\/index\/alioto-buscamos-soluciones-concretas-para-poder-construir-un-nuevo-horizonte-en-tierra-del-fuego\/","title":{"rendered":"Alioto: \u201cBuscamos soluciones concretas para poder construir un nuevo horizonte en Tierra del Fuego\u201d"},"content":{"rendered":"<div class=\"titulo-ppal mb-4\">\n<p class=\"fs-25 fw-bold text-primary fpp \"><strong>Alioto: \u201cBuscamos soluciones concretas para poder construir un nuevo horizonte en Tierra del Fuego\u201d<\/strong><\/p>\n<\/div>\n<div class=\"content mb-5\">\n<p>El coordinador de la Mesa T\u00e9cnica de Deportes del Partido Arraigo y Renovaci\u00f3n (PAR), Ramiro Alioto, se refiri\u00f3 al trabajo que lleva adelante la fuerza pol\u00edtica, su proyecci\u00f3n en la provincia y la reciente eliminaci\u00f3n de aranceles a la importaci\u00f3n de productos electr\u00f3nicos, dispuesta por el gobierno nacional encabezado por el presidente Javier Milei.<\/p>\n<p><a href=\"https:\/\/opinionpublica.com.ar\/index\/wp-content\/uploads\/2025\/05\/IMG-20250516-WA0020-4-ramiro-alioto.jpg\"><img fetchpriority=\"high\" decoding=\"async\" class=\"alignnone size-full wp-image-9767\" src=\"https:\/\/opinionpublica.com.ar\/index\/wp-content\/uploads\/2025\/05\/IMG-20250516-WA0020-4-ramiro-alioto.jpg\" alt=\"\" width=\"1040\" height=\"694\" srcset=\"https:\/\/opinionpublica.com.ar\/index\/wp-content\/uploads\/2025\/05\/IMG-20250516-WA0020-4-ramiro-alioto.jpg 1040w, https:\/\/opinionpublica.com.ar\/index\/wp-content\/uploads\/2025\/05\/IMG-20250516-WA0020-4-ramiro-alioto-300x200.jpg 300w, https:\/\/opinionpublica.com.ar\/index\/wp-content\/uploads\/2025\/05\/IMG-20250516-WA0020-4-ramiro-alioto-1024x683.jpg 1024w, https:\/\/opinionpublica.com.ar\/index\/wp-content\/uploads\/2025\/05\/IMG-20250516-WA0020-4-ramiro-alioto-768x512.jpg 768w\" sizes=\"(max-width: 1040px) 100vw, 1040px\" \/><\/a><\/p>\n<p><strong>Contextos Fueguinos (CF) \u2013 \u00bfCu\u00e1l es el trabajo que vienen llevando a cabo en el partido?<\/strong><br \/>\n<strong>Ramiro Alioto (RA)<\/strong> \u2013 \u00daltimamente venimos trabajando desde el Partido Arraigo y Renovaci\u00f3n a trav\u00e9s de mesas t\u00e9cnicas, que son espacios de debate sobre distintos ejes tem\u00e1ticos. Contamos con varias mesas donde abordamos cuestiones relacionadas con educaci\u00f3n, cultura, ambiente, juventud, deporte, obras p\u00fablicas, desarrollo social, entre otras. Estoy muy feliz y orgulloso, no solo como dirigente deportivo, sino tambi\u00e9n como organizador de eventos deportivos rel\u00e1mpago, de haber sido designado coordinador de la Mesa T\u00e9cnica de Deportes. Adem\u00e1s, tengo una agencia llamada <strong>Agencia<\/strong> Deportiva Crossover, que es el medio a trav\u00e9s del cual promuevo el deporte, el desarrollo y el fomento de disciplinas que muchas veces carecen de recursos. Sabemos que las necesidades son infinitas y los recursos escasos, pero mediante la organizaci\u00f3n de eventos deportivos rel\u00e1mpago y su aplicaci\u00f3n en la pr\u00e1ctica, buscamos tambi\u00e9n ofrecer charlas que permitan comprender c\u00f3mo se puede impulsar el desarrollo desde una mirada pol\u00edtica, econ\u00f3mica y social. Queremos que la ciudadan\u00eda entienda c\u00f3mo se construye un proyecto, tanto a nivel local, como provincial y nacional.<\/p>\n<p><strong>CF \u2013 El Partido Arraigo y Renovaci\u00f3n fue recientemente relanzado de la mano de Gustavo Ventura. \u00bfQu\u00e9 balance hacen del relanzamiento y la expansi\u00f3n hacia R\u00edo Grande, donde ya designaron un coordinador?<\/strong><br \/>\n<strong>RA<\/strong> \u2013 La relaci\u00f3n que estamos construyendo con Gustavo Ventura es muy fruct\u00edfera. Realmente estamos impulsando un cambio en la sociedad, promoviendo un despertar ciudadano en la provincia. Nuestro objetivo no solo es defender los derechos humanos, fomentar la participaci\u00f3n ciudadana y proteger la Rep\u00fablica Argentina, sino tambi\u00e9n poner \u00e9nfasis en lo local y provincial. Ya hemos iniciado proyectos en Ushuaia, y la repercusi\u00f3n ha sido tan positiva que ahora nos estamos expandiendo a nivel provincial. En ese marco, oficializamos como nuevo referente en R\u00edo Grande a Cristian del R\u00edo y estamos muy contentos con el equipo que se est\u00e1 formando all\u00ed.<\/p>\n<p><strong>CF \u2013 Recientemente realizaron un congreso provincial en Tolhuin, donde tomaron esa decisi\u00f3n. \u00bfQu\u00e9 se debati\u00f3 en ese encuentro?<\/strong><br \/>\n<strong>RA<\/strong> \u2013 En ese encuentro, realizado en Tolhuin, participaron integrantes de las tres ciudades: Tolhuin, Ushuaia y R\u00edo Grande. Fue una oportunidad para escuchar propuestas e ideas del partido. Estuvieron presentes la coordinadora general de mesas t\u00e9cnicas, Cristina Mirabelli, y el presidente del PAR, Jos\u00e9 Lorenzo. A m\u00ed se me dio la palabra como referente de la juventud a nivel provincial para comunicar que estamos trabajando en nuevas propuestas y actividades, siempre buscando soluciones concretas para construir un nuevo horizonte en la provincia. Nuestra principal preocupaci\u00f3n es mejorar la educaci\u00f3n. Queremos que los chicos puedan asistir a clases sin paros y que los institutos p\u00fablicos tengan mejor infraestructura. Adem\u00e1s, observamos una falta de comunicaci\u00f3n clara con muchas familias, lo que genera confusi\u00f3n. Por eso, creemos que es nuestro deber no solo informar, sino tambi\u00e9n generar propuestas, actividades y charlas concretas. Mi principal aporte en Tolhuin fue remarcar que los j\u00f3venes seguimos despiertos, que tenemos un rol activo en la pol\u00edtica. A pesar de la desconexi\u00f3n general con el futuro de las juventudes y de la sociedad fueguina, es fundamental seguir generando impacto y participando. Invito a todos a sumarse para lograr un verdadero cambio en nuestra comunidad.<\/p>\n<p><strong>CF \u2013 \u00bfC\u00f3mo te sumaste al Partido Arraigo y Renovaci\u00f3n?<\/strong><br \/>\n<strong>RA<\/strong> \u2013 Despu\u00e9s de cerrar mi etapa en la Uni\u00f3n C\u00edvica Radical, donde fui presidente de la Juventud Radical en Ushuaia, decid\u00ed dar un paso al costado. Sent\u00ed que era momento de hacer un borr\u00f3n y cuenta nueva. Siempre voy a defender las instituciones democr\u00e1ticas, pero considero que hoy el problema no son las instituciones en s\u00ed, sino algunos dirigentes. Cuando uno no se siente c\u00f3modo dentro de un espacio, ya sea pol\u00edtico o deportivo, creo que debe reconocer los problemas y buscar soluciones. As\u00ed conoc\u00ed a Gustavo Ventura, a trav\u00e9s de la Fundaci\u00f3n Argentina de Desarrolla, donde se me abrieron las puertas para generar actividades para la comunidad. Cuando le present\u00e9 a Gustavo mi proyecto sobre deporte y las mesas t\u00e9cnicas, le gust\u00f3 mucho la propuesta. A partir de ah\u00ed se dio la din\u00e1mica de conformar un nuevo equipo de trabajo y se me confi\u00f3 la responsabilidad de impulsar un cambio desde el \u00e1mbito deportivo, que es mi especialidad.<\/p>\n<p><strong>CF \u2013 El gobierno de Javier Milei decidi\u00f3 eliminar los aranceles a la importaci\u00f3n de productos electr\u00f3nicos, generando pol\u00e9mica por el posible impacto en la econom\u00eda fueguina y la p\u00e9rdida de puestos de trabajo. Tambi\u00e9n emitieron un comunicado pidiendo di\u00e1logo, al tratarse de una medida inconsulta. \u00bfCu\u00e1l es tu an\u00e1lisis?<\/strong><br \/>\n<strong>RA<\/strong> \u2013 Quiero hacer un an\u00e1lisis breve, ya que estas decisiones me exceden al no formar parte del Estado ni de ning\u00fan gabinete. Intento tener una mirada objetiva, porque es f\u00e1cil criticar desde afuera. Pero creo que el gobernador (Gustavo Melella) debe tomar una decisi\u00f3n dr\u00e1stica y seria y evaluar con claridad el contexto en el que estamos, tal como lo hicimos en su momento. Respecto al subr\u00e9gimen de promoci\u00f3n industrial y la Ley 19.640, es crucial entender nuestra posici\u00f3n geopol\u00edtica. No se trata solo de defender a Newsan, sino tambi\u00e9n a BGH, Mirgor y otras empresas que fabrican tel\u00e9fonos y aires acondicionados. M\u00e1s all\u00e1 de las medidas del gobierno nacional, lo que m\u00e1s nos preocupa a los fueguinos es defender nuestra soberan\u00eda, nuestros derechos humanos y el derecho al trabajo. Esta medida comenzar\u00eda a regir reci\u00e9n en enero del a\u00f1o pr\u00f3ximo, por lo que no hay una amenaza inmediata sobre los puestos laborales, pero s\u00ed un riesgo latente que debemos atender. Tambi\u00e9n es importante destacar que no podemos depender exclusivamente de la producci\u00f3n industrial para generar empleo. Debemos diversificar, desarrollando sectores como el turismo y el deporte.<\/p>\n<\/div>\n","protected":false},"excerpt":{"rendered":"<p>Alioto: \u201cBuscamos soluciones concretas para poder construir un nuevo horizonte en Tierra del Fuego\u201d El coordinador de la<\/p>\n","protected":false},"author":5,"featured_media":9767,"comment_status":"open","ping_status":"open","sticky":false,"template":"","format":"standard","meta":{"footnotes":""},"categories":[21],"tags":[3499,3334,3498],"class_list":["post-9766","post","type-post","status-publish","format-standard","has-post-thumbnail","hentry","category-ushuaia","tag-mesa-tecnica-de-deportes","tag-partido-arraigo-y-renovacion","tag-ramiro-alioto"],"featured_image_urls":{"full":["https:\/\/opinionpublica.com.ar\/index\/wp-content\/uploads\/2025\/05\/IMG-20250516-WA0020-4-ramiro-alioto.jpg",1040,694,false],"thumbnail":["https:\/\/opinionpublica.com.ar\/index\/wp-content\/uploads\/2025\/05\/IMG-20250516-WA0020-4-ramiro-alioto-150x150.jpg",150,150,true],"medium":["https:\/\/opinionpublica.com.ar\/index\/wp-content\/uploads\/2025\/05\/IMG-20250516-WA0020-4-ramiro-alioto-300x200.jpg",300,200,true],"medium_large":["https:\/\/opinionpublica.com.ar\/index\/wp-content\/uploads\/2025\/05\/IMG-20250516-WA0020-4-ramiro-alioto-768x512.jpg",640,427,true],"large":["https:\/\/opinionpublica.com.ar\/index\/wp-content\/uploads\/2025\/05\/IMG-20250516-WA0020-4-ramiro-alioto-1024x683.jpg",640,427,true],"1536x1536":["https:\/\/opinionpublica.com.ar\/index\/wp-content\/uploads\/2025\/05\/IMG-20250516-WA0020-4-ramiro-alioto.jpg",1040,694,false],"2048x2048":["https:\/\/opinionpublica.com.ar\/index\/wp-content\/uploads\/2025\/05\/IMG-20250516-WA0020-4-ramiro-alioto.jpg",1040,694,false],"morenews-large":["https:\/\/opinionpublica.com.ar\/index\/wp-content\/uploads\/2025\/05\/IMG-20250516-WA0020-4-ramiro-alioto-825x575.jpg",825,575,true],"morenews-medium":["https:\/\/opinionpublica.com.ar\/index\/wp-content\/uploads\/2025\/05\/IMG-20250516-WA0020-4-ramiro-alioto-590x410.jpg",590,410,true]},"author_info":{"display_name":"Hal","author_link":"https:\/\/opinionpublica.com.ar\/index\/author\/hal\/"},"category_info":"<a href=\"https:\/\/opinionpublica.com.ar\/index\/category\/ushuaia\/\" rel=\"category tag\">Ushuaia<\/a>","tag_info":"Ushuaia","comment_count":"0","_links":{"self":[{"href":"https:\/\/opinionpublica.com.ar\/index\/wp-json\/wp\/v2\/posts\/9766","targetHints":{"allow":["GET"]}}],"collection":[{"href":"https:\/\/opinionpublica.com.ar\/index\/wp-json\/wp\/v2\/posts"}],"about":[{"href":"https:\/\/opinionpublica.com.ar\/index\/wp-json\/wp\/v2\/types\/post"}],"author":[{"embeddable":true,"href":"https:\/\/opinionpublica.com.ar\/index\/wp-json\/wp\/v2\/users\/5"}],"replies":[{"embeddable":true,"href":"https:\/\/opinionpublica.com.ar\/index\/wp-json\/wp\/v2\/comments?post=9766"}],"version-history":[{"count":1,"href":"https:\/\/opinionpublica.com.ar\/index\/wp-json\/wp\/v2\/posts\/9766\/revisions"}],"predecessor-version":[{"id":9768,"href":"https:\/\/opinionpublica.com.ar\/index\/wp-json\/wp\/v2\/posts\/9766\/revisions\/9768"}],"wp:featuredmedia":[{"embeddable":true,"href":"https:\/\/opinionpublica.com.ar\/index\/wp-json\/wp\/v2\/media\/9767"}],"wp:attachment":[{"href":"https:\/\/opinionpublica.com.ar\/index\/wp-json\/wp\/v2\/media?parent=9766"}],"wp:term":[{"taxonomy":"category","embeddable":true,"href":"https:\/\/opinionpublica.com.ar\/index\/wp-json\/wp\/v2\/categories?post=9766"},{"taxonomy":"post_tag","embeddable":true,"href":"https:\/\/opinionpublica.com.ar\/index\/wp-json\/wp\/v2\/tags?post=9766"}],"curies":[{"name":"wp","href":"https:\/\/api.w.org\/{rel}","templated":true}]}}