{"id":9769,"date":"2025-05-16T19:28:34","date_gmt":"2025-05-16T22:28:34","guid":{"rendered":"https:\/\/opinionpublica.com.ar\/index\/?p=9769"},"modified":"2025-05-16T19:28:34","modified_gmt":"2025-05-16T22:28:34","slug":"adorni-tildo-de-mamarracho-el-regimen-fueguino-y-dijo-que-iran-contra-el","status":"publish","type":"post","link":"https:\/\/opinionpublica.com.ar\/index\/adorni-tildo-de-mamarracho-el-regimen-fueguino-y-dijo-que-iran-contra-el\/","title":{"rendered":"Adorni tild\u00f3 de \u201cmamarracho\u201d el r\u00e9gimen fueguino y dijo que ir\u00e1n contra \u00e9l"},"content":{"rendered":"<section class=\"elementor-section elementor-top-section elementor-element elementor-element-0861e4f elementor-section-boxed elementor-section-height-default elementor-section-height-default\" data-id=\"0861e4f\" data-element_type=\"section\">\n<div class=\"elementor-container elementor-column-gap-default\">\n<div class=\"elementor-row\">\n<div class=\"elementor-column elementor-col-100 elementor-top-column elementor-element elementor-element-43b1334\" data-id=\"43b1334\" data-element_type=\"column\">\n<div class=\"elementor-column-wrap elementor-element-populated\">\n<div class=\"elementor-widget-wrap\">\n<div class=\"elementor-element elementor-element-4e7a5ac elementor-widget elementor-widget-theme-post-title elementor-page-title elementor-widget-heading\" data-id=\"4e7a5ac\" data-element_type=\"widget\" data-widget_type=\"theme-post-title.default\">\n<div class=\"elementor-widget-container\">\n<p class=\"elementor-heading-title elementor-size-default\"><strong>Adorni tild\u00f3 de \u201cmamarracho\u201d el r\u00e9gimen fueguino y dijo que ir\u00e1n contra \u00e9l<\/strong><\/p>\n<\/div>\n<\/div>\n<\/div>\n<\/div>\n<\/div>\n<\/div>\n<\/div>\n<\/section>\n<section class=\"elementor-section elementor-top-section elementor-element elementor-element-640466e elementor-section-boxed elementor-section-height-default elementor-section-height-default\" data-id=\"640466e\" data-element_type=\"section\">\n<div class=\"elementor-container elementor-column-gap-default\">\n<div class=\"elementor-row\">\n<div class=\"elementor-column elementor-col-100 elementor-top-column elementor-element elementor-element-2d4a842\" data-id=\"2d4a842\" data-element_type=\"column\">\n<div class=\"elementor-column-wrap elementor-element-populated\">\n<div class=\"elementor-widget-wrap\">\n<div class=\"elementor-element elementor-element-ff1c4ba elementor-widget elementor-widget-theme-post-content\" data-id=\"ff1c4ba\" data-element_type=\"widget\" data-widget_type=\"theme-post-content.default\">\n<div class=\"elementor-widget-container\">\n<p><em>El Gobierno nacional intensifica una ofensiva que va m\u00e1s all\u00e1 de la cuesti\u00f3n de los celulares y avanza en el cumplimiento de las exigencias del Fondo Monetario Internacional.<\/em><\/p>\n<p><a href=\"https:\/\/opinionpublica.com.ar\/index\/wp-content\/uploads\/2024\/09\/conferencia-de-prensa-del-vocero-presidencial-manuel-adorni-1866549.jpg\"><img fetchpriority=\"high\" decoding=\"async\" class=\"alignnone size-full wp-image-5779\" src=\"https:\/\/opinionpublica.com.ar\/index\/wp-content\/uploads\/2024\/09\/conferencia-de-prensa-del-vocero-presidencial-manuel-adorni-1866549.jpg\" alt=\"\" width=\"987\" height=\"555\" srcset=\"https:\/\/opinionpublica.com.ar\/index\/wp-content\/uploads\/2024\/09\/conferencia-de-prensa-del-vocero-presidencial-manuel-adorni-1866549.jpg 987w, https:\/\/opinionpublica.com.ar\/index\/wp-content\/uploads\/2024\/09\/conferencia-de-prensa-del-vocero-presidencial-manuel-adorni-1866549-300x169.jpg 300w, https:\/\/opinionpublica.com.ar\/index\/wp-content\/uploads\/2024\/09\/conferencia-de-prensa-del-vocero-presidencial-manuel-adorni-1866549-768x432.jpg 768w\" sizes=\"(max-width: 987px) 100vw, 987px\" \/><\/a><\/p>\n<p><em>El vocero presidencial volvi\u00f3 a cargar contra Tierra del Fuego tras las cr\u00edticas por la baja de aranceles a la importaci\u00f3n de tecnolog\u00eda. El ataque dej\u00f3 al descubierto que la eliminaci\u00f3n de impuestos a los celulares fue apenas un primer paso en una avanzada m\u00e1s amplia que busca desmontar el r\u00e9gimen de promoci\u00f3n vigente desde 1972.<\/em><span id=\"more-111562\"><\/span><\/p>\n<p>&nbsp;<\/p>\n<p>El Gobierno nacional dej\u00f3 entrever que la baja de aranceles a la importaci\u00f3n de celulares no fue una medida aislada, sino el inicio de una ofensiva mayor contra el r\u00e9gimen de promoci\u00f3n industrial y aduanera de Tierra del Fuego. As\u00ed lo confirm\u00f3 el vocero presidencial Manuel Adorni, quien calific\u00f3 de \u201cmamarracho\u201d al sistema vigente en la provincia desde el a\u00f1o 1972 y sostuvo que \u201cno tiene ninguna raz\u00f3n de ser que los argentinos subsidiemos una zona del pa\u00eds con cuestiones que se discutieron hace 50 a\u00f1os\u201d.<\/p>\n<p>Adorni, que adem\u00e1s es precandidato a legislador porte\u00f1o por La Libertad Avanza, volvi\u00f3 a referirse a la decisi\u00f3n del Ejecutivo de reducir los aranceles del 16% al 8% en una primera etapa \u2013con entrada en vigencia este viernes\u2013 y eliminarlos por completo a partir de enero de 2026. La medida impacta de lleno en la industria tecnol\u00f3gica fueguina, que produce celulares, televisores y aires acondicionados bajo el paraguas del r\u00e9gimen de la Ley 19.640 y sus modificaciones.<\/p>\n<p><a href=\"https:\/\/opinionpublica.com.ar\/index\/wp-content\/uploads\/2025\/05\/image4-660x365-ley-19640.jpg\"><img decoding=\"async\" class=\"alignnone size-full wp-image-9770\" src=\"https:\/\/opinionpublica.com.ar\/index\/wp-content\/uploads\/2025\/05\/image4-660x365-ley-19640.jpg\" alt=\"\" width=\"660\" height=\"365\" srcset=\"https:\/\/opinionpublica.com.ar\/index\/wp-content\/uploads\/2025\/05\/image4-660x365-ley-19640.jpg 660w, https:\/\/opinionpublica.com.ar\/index\/wp-content\/uploads\/2025\/05\/image4-660x365-ley-19640-300x166.jpg 300w\" sizes=\"(max-width: 660px) 100vw, 660px\" \/><\/a><\/p>\n<p>Lejos de moderar el tono tras las cr\u00edticas que recibi\u00f3 desde distintos sectores pol\u00edticos, gremiales y empresariales de Tierra del Fuego, Adorni redobl\u00f3 la apuesta. \u201cQueremos simplificar este \u2018mamarracho\u2019 tributario argentino, porque es eso, un mamarracho. Y lo de Tierra del Fuego no es m\u00e1s ni menos que eso\u201d, afirm\u00f3 en declaraciones p\u00fablicas.<\/p>\n<p>Sus dichos confirman lo que en la provincia ya se percib\u00eda: que el decreto con rebajas impositivas fue apenas el primer movimiento de una avanzada ideol\u00f3gica contra el r\u00e9gimen diferencial que rige desde cuando el territorio a\u00fan no era provincia, y que fue ratificado por todas las gestiones desde entonces, independientemente del color pol\u00edtico. La pr\u00f3rroga de este esquema hasta el a\u00f1o 2053 fue firmada en 2021.<\/p>\n<p>Como se recordar\u00e1, el martes \u00faltimo, apenas conocidos los anuncios, el gobernador Gustavo Melella hab\u00eda advertido que no descartaba una judicializaci\u00f3n de la medida por su impacto en el empleo y la producci\u00f3n. Adorni respondi\u00f3 con burla: \u201cEstimado gobernador: lo entendemos perfectamente. Al kirchnerismo se le terminan los privilegios y por eso est\u00e1n nerviosos. No hay nada que temer. Se\u00f1ores, la libertad avanza\u201d.<\/p>\n<p>Para el Ejecutivo nacional, Tierra del Fuego significa un gasto y cuantifica en \u201c1.000 millones anuales el costo fiscal de sostener el r\u00e9gimen fueguino\u201d. Esa cifra se menciona reiteradamente en los discursos oficiales como s\u00edmbolo del \u201cgasto improductivo\u201d que se busca eliminar. Al igual que durante el gobierno de Mauricio Macri, que ya hab\u00eda intentado sin \u00e9xito modificar los beneficios de Tierra del Fuego, el actual ide\u00f3logo detr\u00e1s de la embestida es Federico Sturzenegger, entonces presidente del Banco Central y hoy ministro de Desregulaci\u00f3n y Transformaci\u00f3n del Estado, de Javier Milei.<\/p>\n<p>A este cuadro se suma otro elemento de peso: el compromiso del Gobierno argentino con el Fondo Monetario Internacional de avanzar en una reforma estructural del sistema tributario y reducir exenciones fiscales. El organismo multilateral ha sido insistente en la necesidad de revisar reg\u00edmenes impositivos considerados regresivos o distorsivos, y el fueguino ha estado reiteradamente bajo observaci\u00f3n. De hecho, en informes t\u00e9cnicos recientes, el FMI recomend\u00f3 la eliminaci\u00f3n lisa y llana de beneficios impositivos \u201cineficientes\u201d, sin hacer ninguna distinci\u00f3n regional, social o geopol\u00edtica.<\/p>\n<p>El contexto pol\u00edtico agrega tensi\u00f3n a la disputa: la intenci\u00f3n manifiesta del Gobierno nacional de desmontar reg\u00edmenes de promoci\u00f3n como el fueguino no encuentra hasta ahora respaldo en el Congreso, donde las provincias patag\u00f3nicas y del norte argentino resisten cualquier intento de eliminar herramientas diferenciales que apuntan al desarrollo territorial.<\/p>\n<p>El mensaje del vocero presidencial dej\u00f3 en claro que la pol\u00e9mica no termin\u00f3 con el decreto del martes. Por el contrario, fue apenas el punto de partida.<\/p>\n<p><strong>Qu\u00e9 est\u00e1 en juego: claves del r\u00e9gimen fueguino<\/strong><\/p>\n<p><em><strong>A\u00f1o de creaci\u00f3n:<\/strong><\/em><\/p>\n<p>1972 (Decreto Ley 19.640) \u2014 durante el gobierno de facto del militar Alejandro Agust\u00edn Lanusse y ratificado por ley al momento de la provincializaci\u00f3n en 1991.<\/p>\n<p><strong><em>\u00c1mbito de aplicaci\u00f3n:<\/em><\/strong><\/p>\n<p>Toda la provincia de Tierra del Fuego, Ant\u00e1rtida e Islas del Atl\u00e1ntico Sur.<\/p>\n<p><em><strong>Beneficios fiscales:<\/strong><\/em><\/p>\n<p>\u2022 Exenci\u00f3n del IVA y de impuestos internos para actividades industriales.<br \/>\n\u2022 Exenci\u00f3n de derechos de importaci\u00f3n para insumos.<br \/>\n\u2022 Reducci\u00f3n de cargas patronales.<br \/>\n\u2022 Facilidades log\u00edsticas aduaneras.<br \/>\n\u2022 Impuesto a las Ganancias con tratamiento preferencial.<\/p>\n<p><em><strong>Sectores beneficiados:<\/strong><\/em><\/p>\n<p>\u2022 Ensamblado y fabricaci\u00f3n de electr\u00f3nica (celulares, televisores, aires acondicionados, microondas, etc.).<br \/>\n\u2022 Producci\u00f3n pl\u00e1stica, metalmec\u00e1nica, textil y autopartista.<\/p>\n<p><em><strong>Empleo directo:<\/strong><\/em><\/p>\n<p>Unos 7.000 trabajadores industriales en forma directa.<br \/>\nMiles m\u00e1s en empleos indirectos (log\u00edstica, servicios, comercio).<\/p>\n<p><em><strong>Participaci\u00f3n en la econom\u00eda provincial:<\/strong><\/em><\/p>\n<p>El r\u00e9gimen industrial representa entre el 20% y el 35% del PBG (Producto Bruto Geogr\u00e1fico) de la provincia.<\/p>\n<p><em><strong>Pr\u00f3rroga vigente:<\/strong><\/em><\/p>\n<p>Extensi\u00f3n firmada en 2021 hasta el a\u00f1o 2053 por decreto presidencial, durante la gesti\u00f3n deAlberto Fern\u00e1ndez.<\/p>\n<p>&nbsp;<\/p>\n<\/div>\n<\/div>\n<\/div>\n<\/div>\n<\/div>\n<\/div>\n<\/div>\n<\/section>\n","protected":false},"excerpt":{"rendered":"<p>Adorni tild\u00f3 de \u201cmamarracho\u201d el r\u00e9gimen fueguino y dijo que ir\u00e1n contra \u00e9l El Gobierno nacional intensifica una<\/p>\n","protected":false},"author":5,"featured_media":6492,"comment_status":"open","ping_status":"open","sticky":false,"template":"","format":"standard","meta":{"footnotes":""},"categories":[3,2],"tags":[604,2513],"class_list":["post-9769","post","type-post","status-publish","format-standard","has-post-thumbnail","hentry","category-nacionales","category-tierra-del-fuego","tag-ley-19-640","tag-manuel-adorni"],"featured_image_urls":{"full":["https:\/\/opinionpublica.com.ar\/index\/wp-content\/uploads\/2024\/10\/rddZd5WDC_1256x620__1-adorni.jpg",1256,620,false],"thumbnail":["https:\/\/opinionpublica.com.ar\/index\/wp-content\/uploads\/2024\/10\/rddZd5WDC_1256x620__1-adorni-150x150.jpg",150,150,true],"medium":["https:\/\/opinionpublica.com.ar\/index\/wp-content\/uploads\/2024\/10\/rddZd5WDC_1256x620__1-adorni-300x148.jpg",300,148,true],"medium_large":["https:\/\/opinionpublica.com.ar\/index\/wp-content\/uploads\/2024\/10\/rddZd5WDC_1256x620__1-adorni-768x379.jpg",640,316,true],"large":["https:\/\/opinionpublica.com.ar\/index\/wp-content\/uploads\/2024\/10\/rddZd5WDC_1256x620__1-adorni-1024x505.jpg",640,316,true],"1536x1536":["https:\/\/opinionpublica.com.ar\/index\/wp-content\/uploads\/2024\/10\/rddZd5WDC_1256x620__1-adorni.jpg",1256,620,false],"2048x2048":["https:\/\/opinionpublica.com.ar\/index\/wp-content\/uploads\/2024\/10\/rddZd5WDC_1256x620__1-adorni.jpg",1256,620,false],"morenews-large":["https:\/\/opinionpublica.com.ar\/index\/wp-content\/uploads\/2024\/10\/rddZd5WDC_1256x620__1-adorni-825x575.jpg",825,575,true],"morenews-medium":["https:\/\/opinionpublica.com.ar\/index\/wp-content\/uploads\/2024\/10\/rddZd5WDC_1256x620__1-adorni-590x410.jpg",590,410,true]},"author_info":{"display_name":"Hal","author_link":"https:\/\/opinionpublica.com.ar\/index\/author\/hal\/"},"category_info":"<a href=\"https:\/\/opinionpublica.com.ar\/index\/category\/nacionales\/\" rel=\"category tag\">Nacionales<\/a> <a href=\"https:\/\/opinionpublica.com.ar\/index\/category\/tierra-del-fuego\/\" rel=\"category tag\">Tierra del Fuego<\/a>","tag_info":"Tierra del Fuego","comment_count":"0","_links":{"self":[{"href":"https:\/\/opinionpublica.com.ar\/index\/wp-json\/wp\/v2\/posts\/9769","targetHints":{"allow":["GET"]}}],"collection":[{"href":"https:\/\/opinionpublica.com.ar\/index\/wp-json\/wp\/v2\/posts"}],"about":[{"href":"https:\/\/opinionpublica.com.ar\/index\/wp-json\/wp\/v2\/types\/post"}],"author":[{"embeddable":true,"href":"https:\/\/opinionpublica.com.ar\/index\/wp-json\/wp\/v2\/users\/5"}],"replies":[{"embeddable":true,"href":"https:\/\/opinionpublica.com.ar\/index\/wp-json\/wp\/v2\/comments?post=9769"}],"version-history":[{"count":1,"href":"https:\/\/opinionpublica.com.ar\/index\/wp-json\/wp\/v2\/posts\/9769\/revisions"}],"predecessor-version":[{"id":9771,"href":"https:\/\/opinionpublica.com.ar\/index\/wp-json\/wp\/v2\/posts\/9769\/revisions\/9771"}],"wp:featuredmedia":[{"embeddable":true,"href":"https:\/\/opinionpublica.com.ar\/index\/wp-json\/wp\/v2\/media\/6492"}],"wp:attachment":[{"href":"https:\/\/opinionpublica.com.ar\/index\/wp-json\/wp\/v2\/media?parent=9769"}],"wp:term":[{"taxonomy":"category","embeddable":true,"href":"https:\/\/opinionpublica.com.ar\/index\/wp-json\/wp\/v2\/categories?post=9769"},{"taxonomy":"post_tag","embeddable":true,"href":"https:\/\/opinionpublica.com.ar\/index\/wp-json\/wp\/v2\/tags?post=9769"}],"curies":[{"name":"wp","href":"https:\/\/api.w.org\/{rel}","templated":true}]}}