{"id":9774,"date":"2025-05-16T19:37:33","date_gmt":"2025-05-16T22:37:33","guid":{"rendered":"https:\/\/opinionpublica.com.ar\/index\/?p=9774"},"modified":"2025-05-16T19:37:33","modified_gmt":"2025-05-16T22:37:33","slug":"daiana-freiberger-el-concejo-deliberante-va-en-declive","status":"publish","type":"post","link":"https:\/\/opinionpublica.com.ar\/index\/daiana-freiberger-el-concejo-deliberante-va-en-declive\/","title":{"rendered":"Daiana Freiberger: el concejo deliberante va en declive"},"content":{"rendered":"<div class=\"elementor-element elementor-element-5c8f590 elementor-widget elementor-widget-theme-post-title elementor-page-title elementor-widget-heading\" data-id=\"5c8f590\" data-element_type=\"widget\" data-widget_type=\"theme-post-title.default\">\n<div class=\"elementor-widget-container\">\n<p class=\"elementor-heading-title elementor-size-default\"><strong>Daiana Freiberger: el concejo deliberante va en declive<\/strong>.<\/p>\n<\/div>\n<\/div>\n<div class=\"elementor-element elementor-element-4556f44 elementor-widget elementor-widget-theme-post-content\" data-id=\"4556f44\" data-element_type=\"widget\" data-widget_type=\"theme-post-content.default\">\n<div class=\"elementor-widget-container\">\n<p>En declaraciones radiales en el programa \u201cEntre Nosotros\u201d la concejal puntualiz\u00f3 sobre el tratamiento del proyecto \u201cpreocupa c\u00f3mo la mayor\u00eda del Intendente Walter Vuoto y FORJA van manejando distintos temas, nuevamente respecto al turismo\u201d y remarc\u00f3 la falta de transparencia tanto en las reuniones de comisiones como en el desarrollo de la propia sesi\u00f3n ordinaria.<\/p>\n<p><a href=\"https:\/\/opinionpublica.com.ar\/index\/wp-content\/uploads\/2025\/04\/f1280x720-126773_258448_5050-DAIANA-FREIBERGER.jpg\"><img fetchpriority=\"high\" decoding=\"async\" class=\"alignnone size-full wp-image-9482\" src=\"https:\/\/opinionpublica.com.ar\/index\/wp-content\/uploads\/2025\/04\/f1280x720-126773_258448_5050-DAIANA-FREIBERGER.jpg\" alt=\"\" width=\"1280\" height=\"720\" srcset=\"https:\/\/opinionpublica.com.ar\/index\/wp-content\/uploads\/2025\/04\/f1280x720-126773_258448_5050-DAIANA-FREIBERGER.jpg 1280w, https:\/\/opinionpublica.com.ar\/index\/wp-content\/uploads\/2025\/04\/f1280x720-126773_258448_5050-DAIANA-FREIBERGER-300x169.jpg 300w, https:\/\/opinionpublica.com.ar\/index\/wp-content\/uploads\/2025\/04\/f1280x720-126773_258448_5050-DAIANA-FREIBERGER-1024x576.jpg 1024w, https:\/\/opinionpublica.com.ar\/index\/wp-content\/uploads\/2025\/04\/f1280x720-126773_258448_5050-DAIANA-FREIBERGER-768x432.jpg 768w\" sizes=\"(max-width: 1280px) 100vw, 1280px\" \/><\/a><\/p>\n<p>Dicho convenio crea el Programa \u201cTiempo libre y recreaci\u00f3n\u201d, el cual fue ingresado al orden del d\u00eda cuando la sesi\u00f3n se encontraba en cuarto intermedio, sin estado parlamentario y no cont\u00f3 con la mayor\u00eda agravada para su tratamiento. Pese a ello la Viceintendenta Gabriela Mu\u00f1iz Siccardi aprob\u00f3 el ingreso a la Comisi\u00f3n de Legislaci\u00f3n e Interpretaci\u00f3n.<\/p>\n<p>Daiana Freiberger marc\u00f3 la \u201cinseguridad jur\u00eddica\u201d que plantea el vuotismo junto con Forja y remarc\u00f3 \u201cuna vez m\u00e1s contraviniendo el Reglamento Interno en cuestiones relacionadas con el turismo\u201d, haciendo eco de aquella sesi\u00f3n en el Centro Cultural Actuar cuando \u201cviolentamente tratamos la creaci\u00f3n del Ente Municipal de Turismo\u201d, record\u00f3.<\/p>\n<p>En esa l\u00ednea la edil de Provincia Grande responsabiliz\u00f3 a Gabriela Mu\u00f1iz Siccardi por no garantizar el debido tratamiento de los asuntos reglamentariamente, \u201cla calidad institucional y procedimental de este Concejo Deliberante va en declive\u201d, sentenci\u00f3. Fotos: Prensa Concejo Deliberante de Ushuaia.<\/p>\n<p>&nbsp;<\/p>\n<\/div>\n<\/div>\n","protected":false},"excerpt":{"rendered":"<p>Daiana Freiberger: el concejo deliberante va en declive. En declaraciones radiales en el programa \u201cEntre Nosotros\u201d la concejal<\/p>\n","protected":false},"author":5,"featured_media":9482,"comment_status":"open","ping_status":"open","sticky":false,"template":"","format":"standard","meta":{"footnotes":""},"categories":[21],"tags":[1342,726,3501],"class_list":["post-9774","post","type-post","status-publish","format-standard","has-post-thumbnail","hentry","category-ushuaia","tag-consejo-deliberante","tag-daiana-freiberger","tag-declive"],"featured_image_urls":{"full":["https:\/\/opinionpublica.com.ar\/index\/wp-content\/uploads\/2025\/04\/f1280x720-126773_258448_5050-DAIANA-FREIBERGER.jpg",1280,720,false],"thumbnail":["https:\/\/opinionpublica.com.ar\/index\/wp-content\/uploads\/2025\/04\/f1280x720-126773_258448_5050-DAIANA-FREIBERGER-150x150.jpg",150,150,true],"medium":["https:\/\/opinionpublica.com.ar\/index\/wp-content\/uploads\/2025\/04\/f1280x720-126773_258448_5050-DAIANA-FREIBERGER-300x169.jpg",300,169,true],"medium_large":["https:\/\/opinionpublica.com.ar\/index\/wp-content\/uploads\/2025\/04\/f1280x720-126773_258448_5050-DAIANA-FREIBERGER-768x432.jpg",640,360,true],"large":["https:\/\/opinionpublica.com.ar\/index\/wp-content\/uploads\/2025\/04\/f1280x720-126773_258448_5050-DAIANA-FREIBERGER-1024x576.jpg",640,360,true],"1536x1536":["https:\/\/opinionpublica.com.ar\/index\/wp-content\/uploads\/2025\/04\/f1280x720-126773_258448_5050-DAIANA-FREIBERGER.jpg",1280,720,false],"2048x2048":["https:\/\/opinionpublica.com.ar\/index\/wp-content\/uploads\/2025\/04\/f1280x720-126773_258448_5050-DAIANA-FREIBERGER.jpg",1280,720,false],"morenews-large":["https:\/\/opinionpublica.com.ar\/index\/wp-content\/uploads\/2025\/04\/f1280x720-126773_258448_5050-DAIANA-FREIBERGER-825x575.jpg",825,575,true],"morenews-medium":["https:\/\/opinionpublica.com.ar\/index\/wp-content\/uploads\/2025\/04\/f1280x720-126773_258448_5050-DAIANA-FREIBERGER-590x410.jpg",590,410,true]},"author_info":{"display_name":"Hal","author_link":"https:\/\/opinionpublica.com.ar\/index\/author\/hal\/"},"category_info":"<a href=\"https:\/\/opinionpublica.com.ar\/index\/category\/ushuaia\/\" rel=\"category tag\">Ushuaia<\/a>","tag_info":"Ushuaia","comment_count":"0","_links":{"self":[{"href":"https:\/\/opinionpublica.com.ar\/index\/wp-json\/wp\/v2\/posts\/9774","targetHints":{"allow":["GET"]}}],"collection":[{"href":"https:\/\/opinionpublica.com.ar\/index\/wp-json\/wp\/v2\/posts"}],"about":[{"href":"https:\/\/opinionpublica.com.ar\/index\/wp-json\/wp\/v2\/types\/post"}],"author":[{"embeddable":true,"href":"https:\/\/opinionpublica.com.ar\/index\/wp-json\/wp\/v2\/users\/5"}],"replies":[{"embeddable":true,"href":"https:\/\/opinionpublica.com.ar\/index\/wp-json\/wp\/v2\/comments?post=9774"}],"version-history":[{"count":1,"href":"https:\/\/opinionpublica.com.ar\/index\/wp-json\/wp\/v2\/posts\/9774\/revisions"}],"predecessor-version":[{"id":9775,"href":"https:\/\/opinionpublica.com.ar\/index\/wp-json\/wp\/v2\/posts\/9774\/revisions\/9775"}],"wp:featuredmedia":[{"embeddable":true,"href":"https:\/\/opinionpublica.com.ar\/index\/wp-json\/wp\/v2\/media\/9482"}],"wp:attachment":[{"href":"https:\/\/opinionpublica.com.ar\/index\/wp-json\/wp\/v2\/media?parent=9774"}],"wp:term":[{"taxonomy":"category","embeddable":true,"href":"https:\/\/opinionpublica.com.ar\/index\/wp-json\/wp\/v2\/categories?post=9774"},{"taxonomy":"post_tag","embeddable":true,"href":"https:\/\/opinionpublica.com.ar\/index\/wp-json\/wp\/v2\/tags?post=9774"}],"curies":[{"name":"wp","href":"https:\/\/api.w.org\/{rel}","templated":true}]}}