{"id":9777,"date":"2025-05-17T21:56:19","date_gmt":"2025-05-18T00:56:19","guid":{"rendered":"https:\/\/opinionpublica.com.ar\/index\/?p=9777"},"modified":"2025-05-17T21:56:19","modified_gmt":"2025-05-18T00:56:19","slug":"no-es-una-reforma-es-una-demolicion","status":"publish","type":"post","link":"https:\/\/opinionpublica.com.ar\/index\/no-es-una-reforma-es-una-demolicion\/","title":{"rendered":"No es una reforma: Es una demolici\u00f3n"},"content":{"rendered":"<p><strong>No es una reforma: Es una demolici\u00f3n<\/strong><\/p>\n<p>Defender Tierra del Fuego, es defender la Argentina.<\/p>\n<p>La reciente decisi\u00f3n del gobierno de Javier Milei de reducir dr\u00e1sticamente los aranceles a la importaci\u00f3n de productos electr\u00f3nicos no es una simple medida econ\u00f3mica. Es un golpe frontal contra la industria nacional y un atentado directo a la provincia de Tierra del Fuego.<\/p>\n<p><a href=\"https:\/\/opinionpublica.com.ar\/index\/wp-content\/uploads\/2025\/05\/20a4330e-2b01-4621-af64-75aec3e2b7da-argentina.jpg\"><img fetchpriority=\"high\" decoding=\"async\" class=\"alignnone size-full wp-image-9778\" src=\"https:\/\/opinionpublica.com.ar\/index\/wp-content\/uploads\/2025\/05\/20a4330e-2b01-4621-af64-75aec3e2b7da-argentina.jpg\" alt=\"\" width=\"1238\" height=\"1600\" srcset=\"https:\/\/opinionpublica.com.ar\/index\/wp-content\/uploads\/2025\/05\/20a4330e-2b01-4621-af64-75aec3e2b7da-argentina.jpg 1238w, https:\/\/opinionpublica.com.ar\/index\/wp-content\/uploads\/2025\/05\/20a4330e-2b01-4621-af64-75aec3e2b7da-argentina-232x300.jpg 232w, https:\/\/opinionpublica.com.ar\/index\/wp-content\/uploads\/2025\/05\/20a4330e-2b01-4621-af64-75aec3e2b7da-argentina-792x1024.jpg 792w, https:\/\/opinionpublica.com.ar\/index\/wp-content\/uploads\/2025\/05\/20a4330e-2b01-4621-af64-75aec3e2b7da-argentina-768x993.jpg 768w, https:\/\/opinionpublica.com.ar\/index\/wp-content\/uploads\/2025\/05\/20a4330e-2b01-4621-af64-75aec3e2b7da-argentina-1188x1536.jpg 1188w, https:\/\/opinionpublica.com.ar\/index\/wp-content\/uploads\/2025\/05\/20a4330e-2b01-4621-af64-75aec3e2b7da-argentina-1024x1323.jpg 1024w\" sizes=\"(max-width: 1238px) 100vw, 1238px\" \/><\/a><\/p>\n<p>En nombre de una ideolog\u00eda de mercado ciega y desarraigada, se pretende destruir d\u00e9cadas de esfuerzo colectivo, inversi\u00f3n p\u00fablica y privada, y pol\u00edticas de Estado que convirtieron a la provincia m\u00e1s austral del pa\u00eds en un polo productivo estrat\u00e9gico para la soberan\u00eda argentina.<\/p>\n<p>Las cifras oficiales hablan de 7.000 puestos de trabajo en riesgo. Pero esa estimaci\u00f3n resulta ingenuamente optimista cuando se analiza el impacto real sobre la econom\u00eda regional. El efecto multiplicador sugiere que por cada empleo industrial que desaparece, se pierden al menos otros cuatro en actividades vinculadas: comerciantes, transportistas, proveedores de servicios, trabajadores del mantenimiento, del comercio, de la log\u00edstica, entre otros. Estamos ante una posible cat\u00e1strofe socioecon\u00f3mica para una provincia que proyecta su desarrollo sobre pilares como la producci\u00f3n, el trabajo y el turismo entre otros.<\/p>\n<p>Si tomamos en cuenta que Tierra del Fuego tiene alrededor de 90.000 trabajadores activos sobre una poblaci\u00f3n de 185.732 habitantes, el golpe ser\u00eda brutal: un tercio de la fuerza laboral se ver\u00eda afectada de manera directa o indirecta. \u00bfQu\u00e9 pa\u00eds puede permitirse el lujo de desmantelar su tejido productivo con esta liviandad?<\/p>\n<p>La Ley 19.640, sancionada en 1972 fue una decisi\u00f3n estrat\u00e9gica para poblar, proteger, desarrollar e integrar el extremo sur del pa\u00eds, una regi\u00f3n marcada por condiciones geogr\u00e1ficas extremas y amenazas geopol\u00edticas. Esa ley permiti\u00f3 generar empleo, crear arraigo, consolidar una identidad fueguina y reforzar la presencia nacional en una provincia bicontinental, con proyecci\u00f3n ant\u00e1rtica y una ubicaci\u00f3n geopol\u00edtica que el mundo observa con atenci\u00f3n.<\/p>\n<p>Reducir todo a una planilla de costos es ignorar la l\u00f3gica del desarrollo. Ning\u00fan pa\u00eds (ni siquiera los m\u00e1s desarrollados) produce tecnolog\u00eda sin importar alg\u00fan insumo. Y si el \u00fanico criterio fuera el precio, todo el planeta comprar\u00eda a China y cerrar\u00eda sus f\u00e1bricas. Pero la realidad demuestra lo contrario: las grandes potencias, incluida la administraci\u00f3n Trump en Estados Unidos, han aplicado pol\u00edticas proteccionistas para defender e incentivar su industria local. Porque saben que sin industria, no hay naci\u00f3n fuerte.<\/p>\n<p>No es casual que, mientras las Islas Malvinas contin\u00faan ocupadas, Tierra del Fuego haya crecido en poblaci\u00f3n, educaci\u00f3n, ciencia, turismo e industria. La producci\u00f3n fueguina es una forma concreta de soberan\u00eda. Por eso es tan grave que, desde el propio Gobierno Nacional, se pretenda arrasar con ese entramado productivo y social. Esta medida no solo destruye empleos: destruye el sentido mismo de un proyecto de pa\u00eds.<\/p>\n<p>El argumento del d\u00e9ficit fiscal, utilizado como excusa para justificar la apertura indiscriminada, se desmorona ante cualquier an\u00e1lisis serio. Menor producci\u00f3n local significa menos recaudaci\u00f3n, m\u00e1s importaciones, p\u00e9rdida de divisas y mayor d\u00e9ficit comercial. Lejos de ordenar la econom\u00eda, esta pol\u00edtica profundiza el deterioro. La experiencia reciente ya lo demostr\u00f3: estas recetas no traen progreso ni desarrollo, sino desempleo, pobreza y exclusi\u00f3n. Lo que se genera es un d\u00e9ficit gemelo que contradice los propios objetivos que dice perseguir el gobierno. Incluso en los casos recientes de reducci\u00f3n de impuestos para los veh\u00edculos, se comprob\u00f3 que la baja de costos no se traslad\u00f3 al consumidor final.<\/p>\n<p>No podemos permitir que, en nombre de un dogma de mercado, se desguace el esfuerzo colectivo de generaciones. Tierra del Fuego no est\u00e1 sola. Su defensa convoca a todo el pa\u00eds. Porque lo que est\u00e1 en juego no es solo el destino de una provincia: es el modelo de Argentina que queremos.<\/p>\n<p>Convocamos a todas las fuerzas pol\u00edticas, sindicatos, c\u00e1maras empresarias, gobernadores, intendentes, legisladores y a toda la ciudadan\u00eda a levantar la voz. A resistir. A organizarnos. A defender lo que es nuestro.<\/p>\n<p>Porque no se trata solo de proteger una ley o una industria.<br \/>\nSe trata de proteger el derecho de nuestro pueblo a tener futuro.<\/p>\n<p><strong>Mario Daniele.<\/strong><\/p>\n","protected":false},"excerpt":{"rendered":"<p>No es una reforma: Es una demolici\u00f3n Defender Tierra del Fuego, es defender la Argentina. La reciente decisi\u00f3n<\/p>\n","protected":false},"author":5,"featured_media":9778,"comment_status":"open","ping_status":"open","sticky":false,"template":"","format":"standard","meta":{"footnotes":""},"categories":[1096,2],"tags":[3495,1900],"class_list":["post-9777","post","type-post","status-publish","format-standard","has-post-thumbnail","hentry","category-destacada","category-tierra-del-fuego","tag-baja-aranceles","tag-mario-daniele"],"featured_image_urls":{"full":["https:\/\/opinionpublica.com.ar\/index\/wp-content\/uploads\/2025\/05\/20a4330e-2b01-4621-af64-75aec3e2b7da-argentina.jpg",1238,1600,false],"thumbnail":["https:\/\/opinionpublica.com.ar\/index\/wp-content\/uploads\/2025\/05\/20a4330e-2b01-4621-af64-75aec3e2b7da-argentina-150x150.jpg",150,150,true],"medium":["https:\/\/opinionpublica.com.ar\/index\/wp-content\/uploads\/2025\/05\/20a4330e-2b01-4621-af64-75aec3e2b7da-argentina-232x300.jpg",232,300,true],"medium_large":["https:\/\/opinionpublica.com.ar\/index\/wp-content\/uploads\/2025\/05\/20a4330e-2b01-4621-af64-75aec3e2b7da-argentina-768x993.jpg",640,828,true],"large":["https:\/\/opinionpublica.com.ar\/index\/wp-content\/uploads\/2025\/05\/20a4330e-2b01-4621-af64-75aec3e2b7da-argentina-792x1024.jpg",640,827,true],"1536x1536":["https:\/\/opinionpublica.com.ar\/index\/wp-content\/uploads\/2025\/05\/20a4330e-2b01-4621-af64-75aec3e2b7da-argentina-1188x1536.jpg",1188,1536,true],"2048x2048":["https:\/\/opinionpublica.com.ar\/index\/wp-content\/uploads\/2025\/05\/20a4330e-2b01-4621-af64-75aec3e2b7da-argentina.jpg",1238,1600,false],"morenews-large":["https:\/\/opinionpublica.com.ar\/index\/wp-content\/uploads\/2025\/05\/20a4330e-2b01-4621-af64-75aec3e2b7da-argentina-825x575.jpg",825,575,true],"morenews-medium":["https:\/\/opinionpublica.com.ar\/index\/wp-content\/uploads\/2025\/05\/20a4330e-2b01-4621-af64-75aec3e2b7da-argentina-590x410.jpg",590,410,true]},"author_info":{"display_name":"Hal","author_link":"https:\/\/opinionpublica.com.ar\/index\/author\/hal\/"},"category_info":"<a href=\"https:\/\/opinionpublica.com.ar\/index\/category\/destacada\/\" rel=\"category tag\">Destacada<\/a> <a href=\"https:\/\/opinionpublica.com.ar\/index\/category\/tierra-del-fuego\/\" rel=\"category tag\">Tierra del Fuego<\/a>","tag_info":"Tierra del Fuego","comment_count":"0","_links":{"self":[{"href":"https:\/\/opinionpublica.com.ar\/index\/wp-json\/wp\/v2\/posts\/9777","targetHints":{"allow":["GET"]}}],"collection":[{"href":"https:\/\/opinionpublica.com.ar\/index\/wp-json\/wp\/v2\/posts"}],"about":[{"href":"https:\/\/opinionpublica.com.ar\/index\/wp-json\/wp\/v2\/types\/post"}],"author":[{"embeddable":true,"href":"https:\/\/opinionpublica.com.ar\/index\/wp-json\/wp\/v2\/users\/5"}],"replies":[{"embeddable":true,"href":"https:\/\/opinionpublica.com.ar\/index\/wp-json\/wp\/v2\/comments?post=9777"}],"version-history":[{"count":2,"href":"https:\/\/opinionpublica.com.ar\/index\/wp-json\/wp\/v2\/posts\/9777\/revisions"}],"predecessor-version":[{"id":9780,"href":"https:\/\/opinionpublica.com.ar\/index\/wp-json\/wp\/v2\/posts\/9777\/revisions\/9780"}],"wp:featuredmedia":[{"embeddable":true,"href":"https:\/\/opinionpublica.com.ar\/index\/wp-json\/wp\/v2\/media\/9778"}],"wp:attachment":[{"href":"https:\/\/opinionpublica.com.ar\/index\/wp-json\/wp\/v2\/media?parent=9777"}],"wp:term":[{"taxonomy":"category","embeddable":true,"href":"https:\/\/opinionpublica.com.ar\/index\/wp-json\/wp\/v2\/categories?post=9777"},{"taxonomy":"post_tag","embeddable":true,"href":"https:\/\/opinionpublica.com.ar\/index\/wp-json\/wp\/v2\/tags?post=9777"}],"curies":[{"name":"wp","href":"https:\/\/api.w.org\/{rel}","templated":true}]}}