{"id":9781,"date":"2025-05-19T10:24:55","date_gmt":"2025-05-19T13:24:55","guid":{"rendered":"https:\/\/opinionpublica.com.ar\/index\/?p=9781"},"modified":"2025-05-19T10:24:55","modified_gmt":"2025-05-19T13:24:55","slug":"caputo-confirmo-la-finalizacion-del-regimen-de-promocion-industrial","status":"publish","type":"post","link":"https:\/\/opinionpublica.com.ar\/index\/caputo-confirmo-la-finalizacion-del-regimen-de-promocion-industrial\/","title":{"rendered":"Caputo confirm\u00f3 la finalizaci\u00f3n del r\u00e9gimen de promoci\u00f3n industrial"},"content":{"rendered":"<div id=\"td-outer-wrap\" class=\"td-theme-wrap\">\n<article id=\"post-133451\" class=\"td-post-template-3 post-133451 post type-post status-publish format-standard has-post-thumbnail category-nacionales td-container-wrap\">\n<div class=\"td-post-header td-container\">\n<div class=\"td-post-header-holder td-image-gradient\">\n<header class=\"td-post-title\">\n<p class=\"entry-title\"><strong>Caputo confirm\u00f3 la finalizaci\u00f3n del r\u00e9gimen de promoci\u00f3n industrial<\/strong><\/p>\n<\/header>\n<\/div>\n<\/div>\n<div class=\"td-container\">\n<div class=\"td-pb-row\">\n<div class=\"td-pb-span12 td-main-content\" role=\"main\">\n<div class=\"td-ss-main-content\">\n<div class=\"td-post-content tagdiv-type\">\n<p>En el medio de las elecciones porte\u00f1as, el ministro de econom\u00eda del gobierno nacional dio una entrevista donde fue consultado sobre la situaci\u00f3n de Tierra del Fuego. En el medio de un contexto particular, el funcionario nacional djio, \u00abTierra del Fuego, somos el \u00fanico gobierno que termin\u00f3 con un r\u00e9gimen que todo el mundo estaba en contra\u201d.<\/p>\n<p><a href=\"https:\/\/opinionpublica.com.ar\/index\/wp-content\/uploads\/2024\/07\/luis-caputo-corrupto-02.jpg\"><img fetchpriority=\"high\" decoding=\"async\" class=\"alignnone size-full wp-image-4263\" src=\"https:\/\/opinionpublica.com.ar\/index\/wp-content\/uploads\/2024\/07\/luis-caputo-corrupto-02.jpg\" alt=\"\" width=\"1200\" height=\"648\" srcset=\"https:\/\/opinionpublica.com.ar\/index\/wp-content\/uploads\/2024\/07\/luis-caputo-corrupto-02.jpg 1200w, https:\/\/opinionpublica.com.ar\/index\/wp-content\/uploads\/2024\/07\/luis-caputo-corrupto-02-300x162.jpg 300w, https:\/\/opinionpublica.com.ar\/index\/wp-content\/uploads\/2024\/07\/luis-caputo-corrupto-02-1024x553.jpg 1024w, https:\/\/opinionpublica.com.ar\/index\/wp-content\/uploads\/2024\/07\/luis-caputo-corrupto-02-768x415.jpg 768w\" sizes=\"(max-width: 1200px) 100vw, 1200px\" \/><\/a><\/p>\n<p>\u201cMe sorprende que nadie lo haya dicho, somos el gobierno q termin\u00f3 con esto\u201d, dijo sorprendido por la baja repercusi\u00f3n obtenida, ante lo que considera una buena decisi\u00f3n y que implica perdidas de puestos de trabajo directos e indirectos.<\/p>\n<p>\u201cFue decisi\u00f3n m\u00eda\u201d, afirm\u00f3 \u00a0y resalt\u00f3 que, \u201ccomo ustedes saben, una de las dos empresas es de un primo m\u00edo, entonces cuando vean alg\u00fan funcionario terminar con algo que no le beneficia a su familia, av\u00edsenme que me hago un coctel de sapos y me lo como\u201d.<\/p>\n<p>Luego de los dichos del funcionario, no hubo repreguntas sobre el tema particular, por lo que se desconocen los alcances de su respuesta.<\/p>\n<\/div>\n<\/div>\n<\/div>\n<\/div>\n<\/div>\n<\/article>\n<div class=\"tdc-footer-wrap \">\n<div class=\"td-sub-footer-container td-container-wrap \">\n<div class=\"td-container\">\n<div class=\"td-pb-row\">\n<div class=\"td-pb-span td-sub-footer-copy\"><\/div>\n<\/div>\n<\/div>\n<\/div>\n<\/div>\n<\/div>\n","protected":false},"excerpt":{"rendered":"<p>Caputo confirm\u00f3 la finalizaci\u00f3n del r\u00e9gimen de promoci\u00f3n industrial En el medio de las elecciones porte\u00f1as, el ministro<\/p>\n","protected":false},"author":5,"featured_media":4263,"comment_status":"open","ping_status":"open","sticky":false,"template":"","format":"standard","meta":{"footnotes":""},"categories":[3,2],"tags":[3502,604,2260],"class_list":["post-9781","post","type-post","status-publish","format-standard","has-post-thumbnail","hentry","category-nacionales","category-tierra-del-fuego","tag-finalizacion","tag-ley-19-640","tag-luis-toto-caputo"],"featured_image_urls":{"full":["https:\/\/opinionpublica.com.ar\/index\/wp-content\/uploads\/2024\/07\/luis-caputo-corrupto-02.jpg",1200,648,false],"thumbnail":["https:\/\/opinionpublica.com.ar\/index\/wp-content\/uploads\/2024\/07\/luis-caputo-corrupto-02-150x150.jpg",150,150,true],"medium":["https:\/\/opinionpublica.com.ar\/index\/wp-content\/uploads\/2024\/07\/luis-caputo-corrupto-02-300x162.jpg",300,162,true],"medium_large":["https:\/\/opinionpublica.com.ar\/index\/wp-content\/uploads\/2024\/07\/luis-caputo-corrupto-02-768x415.jpg",640,346,true],"large":["https:\/\/opinionpublica.com.ar\/index\/wp-content\/uploads\/2024\/07\/luis-caputo-corrupto-02-1024x553.jpg",640,346,true],"1536x1536":["https:\/\/opinionpublica.com.ar\/index\/wp-content\/uploads\/2024\/07\/luis-caputo-corrupto-02.jpg",1200,648,false],"2048x2048":["https:\/\/opinionpublica.com.ar\/index\/wp-content\/uploads\/2024\/07\/luis-caputo-corrupto-02.jpg",1200,648,false],"morenews-large":["https:\/\/opinionpublica.com.ar\/index\/wp-content\/uploads\/2024\/07\/luis-caputo-corrupto-02-825x575.jpg",825,575,true],"morenews-medium":["https:\/\/opinionpublica.com.ar\/index\/wp-content\/uploads\/2024\/07\/luis-caputo-corrupto-02-590x410.jpg",590,410,true]},"author_info":{"display_name":"Hal","author_link":"https:\/\/opinionpublica.com.ar\/index\/author\/hal\/"},"category_info":"<a href=\"https:\/\/opinionpublica.com.ar\/index\/category\/nacionales\/\" rel=\"category tag\">Nacionales<\/a> <a href=\"https:\/\/opinionpublica.com.ar\/index\/category\/tierra-del-fuego\/\" rel=\"category tag\">Tierra del Fuego<\/a>","tag_info":"Tierra del Fuego","comment_count":"0","_links":{"self":[{"href":"https:\/\/opinionpublica.com.ar\/index\/wp-json\/wp\/v2\/posts\/9781","targetHints":{"allow":["GET"]}}],"collection":[{"href":"https:\/\/opinionpublica.com.ar\/index\/wp-json\/wp\/v2\/posts"}],"about":[{"href":"https:\/\/opinionpublica.com.ar\/index\/wp-json\/wp\/v2\/types\/post"}],"author":[{"embeddable":true,"href":"https:\/\/opinionpublica.com.ar\/index\/wp-json\/wp\/v2\/users\/5"}],"replies":[{"embeddable":true,"href":"https:\/\/opinionpublica.com.ar\/index\/wp-json\/wp\/v2\/comments?post=9781"}],"version-history":[{"count":1,"href":"https:\/\/opinionpublica.com.ar\/index\/wp-json\/wp\/v2\/posts\/9781\/revisions"}],"predecessor-version":[{"id":9782,"href":"https:\/\/opinionpublica.com.ar\/index\/wp-json\/wp\/v2\/posts\/9781\/revisions\/9782"}],"wp:featuredmedia":[{"embeddable":true,"href":"https:\/\/opinionpublica.com.ar\/index\/wp-json\/wp\/v2\/media\/4263"}],"wp:attachment":[{"href":"https:\/\/opinionpublica.com.ar\/index\/wp-json\/wp\/v2\/media?parent=9781"}],"wp:term":[{"taxonomy":"category","embeddable":true,"href":"https:\/\/opinionpublica.com.ar\/index\/wp-json\/wp\/v2\/categories?post=9781"},{"taxonomy":"post_tag","embeddable":true,"href":"https:\/\/opinionpublica.com.ar\/index\/wp-json\/wp\/v2\/tags?post=9781"}],"curies":[{"name":"wp","href":"https:\/\/api.w.org\/{rel}","templated":true}]}}