{"id":9783,"date":"2025-05-19T10:53:44","date_gmt":"2025-05-19T13:53:44","guid":{"rendered":"https:\/\/opinionpublica.com.ar\/index\/?p=9783"},"modified":"2025-05-19T10:53:44","modified_gmt":"2025-05-19T13:53:44","slug":"durisima-replica-de-agustin-tita-a-un-posteo-insultante-de-garramuno","status":"publish","type":"post","link":"https:\/\/opinionpublica.com.ar\/index\/durisima-replica-de-agustin-tita-a-un-posteo-insultante-de-garramuno\/","title":{"rendered":"Dur\u00edsima r\u00e9plica de Agust\u00edn Tita a un posteo insultante de Garramu\u00f1o"},"content":{"rendered":"<header class=\"entry-header\">\n<div class=\"entry-title-excerpt-wrapper\">\n<p class=\"entry-title\"><strong>Dur\u00edsima r\u00e9plica de Agust\u00edn Tita a un posteo insultante de Garramu\u00f1o<\/strong><\/p>\n<div class=\"entry-excerpt\">\n<p>El ministro Jefe de Gabinete respondi\u00f3 a los insultos del diputado hacia el gobernador fueguino y lo acus\u00f3 de ostentar una banca \u00abde dudosa procedencia\u00bb.<\/p>\n<p><a href=\"https:\/\/opinionpublica.com.ar\/index\/wp-content\/uploads\/2024\/08\/agustin-tita-1.jpg\"><img fetchpriority=\"high\" decoding=\"async\" class=\"alignnone size-full wp-image-5237\" src=\"https:\/\/opinionpublica.com.ar\/index\/wp-content\/uploads\/2024\/08\/agustin-tita-1.jpg\" alt=\"\" width=\"880\" height=\"586\" srcset=\"https:\/\/opinionpublica.com.ar\/index\/wp-content\/uploads\/2024\/08\/agustin-tita-1.jpg 880w, https:\/\/opinionpublica.com.ar\/index\/wp-content\/uploads\/2024\/08\/agustin-tita-1-300x200.jpg 300w, https:\/\/opinionpublica.com.ar\/index\/wp-content\/uploads\/2024\/08\/agustin-tita-1-768x511.jpg 768w\" sizes=\"(max-width: 880px) 100vw, 880px\" \/><\/a><\/p>\n<\/div>\n<\/div>\n<\/header>\n<div class=\"entry-content\">\n<p>La tensi\u00f3n pol\u00edtica entre el gobierno nacional y Tierra del Fuego escal\u00f3 a un nuevo nivel tras los agresivos comentarios del diputado fueguino Ricardo Garramu\u00f1o contra el gobernador Gustavo Melella, desatando una contundente r\u00e9plica del ministro Jefe de Gabinete, Agust\u00edn Tita, quien no s\u00f3lo rechaz\u00f3 el ins\u00f3litamente agresivo tono del legislador, sino que puso en duda la legitimidad de su banca.<\/p>\n<p>Garramu\u00f1o, en un explosivo hilo de redes sociales, acus\u00f3 a Melella de inacci\u00f3n, despilfarro y oportunismo, mezclando cr\u00edticas a su gesti\u00f3n con ataques personales. Encabezando su posteo calific\u00e1ndolo de\u00a0<strong><em>\u201cmuerto\u201d<\/em><\/strong>, entre otras frases lo tild\u00f3 de buscar\u00a0<strong><em>\u00abla reelecci\u00f3n para seguir de joda por Buenos Aires\u00bb<\/em><\/strong> y lo responsabiliz\u00f3 por no diversificar la econom\u00eda provincial. Sin embargo, la virulencia de sus expresiones opac\u00f3 el contenido pol\u00edtico, generando rechazo incluso en sectores alejados del oficialismo.<\/p>\n<p>Frente a esto, Tita respondi\u00f3, en una entrevista con\u00a0<strong>((La 97)) Radio Fueguina<\/strong>, distinguiendo entre los\u00a0<strong><em>\u00abestilos\u00bb<\/em><\/strong>\u00a0de la pol\u00edtica nacional y el comportamiento esperable en una provincia peque\u00f1a y cohesionada como Tierra del Fuego.<\/p>\n<p><strong><em>\u00abSomos muy cotidianos, muy cercanos\u00bb<\/em><\/strong>, record\u00f3, subrayando que el trato agresivo resulta especialmente chocante en un contexto donde los funcionarios conviven diariamente con la ciudadan\u00eda.<\/p>\n<div class=\"code-block code-block-2\"><a href=\"https:\/\/opinionpublica.com.ar\/index\/wp-content\/uploads\/2024\/10\/Ricardo-Garramuno-2.webp\"><img decoding=\"async\" class=\"alignnone size-full wp-image-6354\" src=\"https:\/\/opinionpublica.com.ar\/index\/wp-content\/uploads\/2024\/10\/Ricardo-Garramuno-2.webp\" alt=\"\" width=\"750\" height=\"500\" srcset=\"https:\/\/opinionpublica.com.ar\/index\/wp-content\/uploads\/2024\/10\/Ricardo-Garramuno-2.webp 750w, https:\/\/opinionpublica.com.ar\/index\/wp-content\/uploads\/2024\/10\/Ricardo-Garramuno-2-300x200.webp 300w\" sizes=\"(max-width: 750px) 100vw, 750px\" \/><\/a><\/div>\n<p>Pero el n\u00facleo de su cr\u00edtica apunt\u00f3 a la legitimidad del propio Garramu\u00f1o: Seg\u00fan dijo, ostenta\u00a0<strong><em>\u201cuna banca de dudosa procedencia\u00bb<\/em><\/strong>, en referencia a la pol\u00e9mica maniobra que llev\u00f3 al ex edil de Ushuaia a la C\u00e1mara Baja. El diputado accedi\u00f3 a su esca\u00f1o gracias a una decisi\u00f3n de la presidencia de la C\u00e1mara, que ignor\u00f3 un dictamen judicial en el marco de una disputa que involucr\u00f3 el respeto, ignorado, por la proporcionalidad de g\u00e9nero. Para Tita, esto explica un comportamiento m\u00e1s enfocado en\u00a0<strong><em>\u00abjuegos individuales\u00bb<\/em><\/strong>\u00a0que en las necesidades colectivas.<\/p>\n<figure class=\"wp-block-image aligncenter size-large is-resized\"><figcaption class=\"wp-element-caption\">\u00a0<\/figcaption><\/figure>\n<p>Al mismo tiempo, el ministro contrast\u00f3 la actitud de Garramu\u00f1o con la trayectoria de su padre, el ex intendente capitalino y diputado nacional Jorge Garramu\u00f1o, a quien describi\u00f3 como un referente respetable, marcando una distancia no solo generacional sino \u00e9tica.<\/p>\n<div class=\"code-block code-block-3\"><\/div>\n<p>El episodio refleja el malestar en Tierra del Fuego ante las medidas econ\u00f3micas del gobierno nacional que impactan en su industria, pero tambi\u00e9n expone una grieta en el modo de hacer pol\u00edtica, con Garramu\u00f1o optando por la confrontaci\u00f3n irracional y hasta maleducada, incluso a riesgo de quedar aislado, en una provincia que requiere como nunca gestos de unidad.<\/p>\n<\/div>\n<footer class=\"entry-footer\">\n<div class=\"entry-tags\"><\/div>\n<\/footer>\n","protected":false},"excerpt":{"rendered":"<p>Dur\u00edsima r\u00e9plica de Agust\u00edn Tita a un posteo insultante de Garramu\u00f1o El ministro Jefe de Gabinete respondi\u00f3 a<\/p>\n","protected":false},"author":5,"featured_media":5237,"comment_status":"open","ping_status":"open","sticky":false,"template":"","format":"standard","meta":{"footnotes":""},"categories":[2],"tags":[839,309,2838,70,5,3385],"class_list":["post-9783","post","type-post","status-publish","format-standard","has-post-thumbnail","hentry","category-tierra-del-fuego","tag-aranceles","tag-diputados","tag-garramuno","tag-melella","tag-tierra-del-fuego","tag-tita"],"featured_image_urls":{"full":["https:\/\/opinionpublica.com.ar\/index\/wp-content\/uploads\/2024\/08\/agustin-tita-1.jpg",880,586,false],"thumbnail":["https:\/\/opinionpublica.com.ar\/index\/wp-content\/uploads\/2024\/08\/agustin-tita-1-150x150.jpg",150,150,true],"medium":["https:\/\/opinionpublica.com.ar\/index\/wp-content\/uploads\/2024\/08\/agustin-tita-1-300x200.jpg",300,200,true],"medium_large":["https:\/\/opinionpublica.com.ar\/index\/wp-content\/uploads\/2024\/08\/agustin-tita-1-768x511.jpg",640,426,true],"large":["https:\/\/opinionpublica.com.ar\/index\/wp-content\/uploads\/2024\/08\/agustin-tita-1.jpg",640,426,false],"1536x1536":["https:\/\/opinionpublica.com.ar\/index\/wp-content\/uploads\/2024\/08\/agustin-tita-1.jpg",880,586,false],"2048x2048":["https:\/\/opinionpublica.com.ar\/index\/wp-content\/uploads\/2024\/08\/agustin-tita-1.jpg",880,586,false],"morenews-large":["https:\/\/opinionpublica.com.ar\/index\/wp-content\/uploads\/2024\/08\/agustin-tita-1-825x575.jpg",825,575,true],"morenews-medium":["https:\/\/opinionpublica.com.ar\/index\/wp-content\/uploads\/2024\/08\/agustin-tita-1-590x410.jpg",590,410,true]},"author_info":{"display_name":"Hal","author_link":"https:\/\/opinionpublica.com.ar\/index\/author\/hal\/"},"category_info":"<a href=\"https:\/\/opinionpublica.com.ar\/index\/category\/tierra-del-fuego\/\" rel=\"category tag\">Tierra del Fuego<\/a>","tag_info":"Tierra del Fuego","comment_count":"0","_links":{"self":[{"href":"https:\/\/opinionpublica.com.ar\/index\/wp-json\/wp\/v2\/posts\/9783","targetHints":{"allow":["GET"]}}],"collection":[{"href":"https:\/\/opinionpublica.com.ar\/index\/wp-json\/wp\/v2\/posts"}],"about":[{"href":"https:\/\/opinionpublica.com.ar\/index\/wp-json\/wp\/v2\/types\/post"}],"author":[{"embeddable":true,"href":"https:\/\/opinionpublica.com.ar\/index\/wp-json\/wp\/v2\/users\/5"}],"replies":[{"embeddable":true,"href":"https:\/\/opinionpublica.com.ar\/index\/wp-json\/wp\/v2\/comments?post=9783"}],"version-history":[{"count":1,"href":"https:\/\/opinionpublica.com.ar\/index\/wp-json\/wp\/v2\/posts\/9783\/revisions"}],"predecessor-version":[{"id":9784,"href":"https:\/\/opinionpublica.com.ar\/index\/wp-json\/wp\/v2\/posts\/9783\/revisions\/9784"}],"wp:featuredmedia":[{"embeddable":true,"href":"https:\/\/opinionpublica.com.ar\/index\/wp-json\/wp\/v2\/media\/5237"}],"wp:attachment":[{"href":"https:\/\/opinionpublica.com.ar\/index\/wp-json\/wp\/v2\/media?parent=9783"}],"wp:term":[{"taxonomy":"category","embeddable":true,"href":"https:\/\/opinionpublica.com.ar\/index\/wp-json\/wp\/v2\/categories?post=9783"},{"taxonomy":"post_tag","embeddable":true,"href":"https:\/\/opinionpublica.com.ar\/index\/wp-json\/wp\/v2\/tags?post=9783"}],"curies":[{"name":"wp","href":"https:\/\/api.w.org\/{rel}","templated":true}]}}