{"id":9785,"date":"2025-05-19T11:00:19","date_gmt":"2025-05-19T14:00:19","guid":{"rendered":"https:\/\/opinionpublica.com.ar\/index\/?p=9785"},"modified":"2025-05-19T11:00:19","modified_gmt":"2025-05-19T14:00:19","slug":"coto-y-pauli-deben-explicar-ataques-al-regimen-de-promocion","status":"publish","type":"post","link":"https:\/\/opinionpublica.com.ar\/index\/coto-y-pauli-deben-explicar-ataques-al-regimen-de-promocion\/","title":{"rendered":"Coto y Pauli deben explicar ataques al r\u00e9gimen de promoci\u00f3n"},"content":{"rendered":"<p class=\"titulo_individual_noticia\"><strong>Coto y Pauli deben explicar ataques al r\u00e9gimen de promoci\u00f3n<\/strong><\/p>\n<div class=\"copete_individual_noticia\">El legislador Agust\u00edn Coto y el diputado nacional Santiago Pauli deben explicar su postura frente a los dichos de funcionarios nacionales que descalifican al r\u00e9gimen de promoci\u00f3n y apoyan la salmonicultura.<\/div>\n<div><\/div>\n<div><a href=\"https:\/\/opinionpublica.com.ar\/index\/wp-content\/uploads\/2025\/02\/Lanzamiento-LLA-900x600_c-karina-milei-coto-pauli.jpg\"><img fetchpriority=\"high\" decoding=\"async\" class=\"alignnone size-full wp-image-8813\" src=\"https:\/\/opinionpublica.com.ar\/index\/wp-content\/uploads\/2025\/02\/Lanzamiento-LLA-900x600_c-karina-milei-coto-pauli.jpg\" alt=\"\" width=\"900\" height=\"600\" srcset=\"https:\/\/opinionpublica.com.ar\/index\/wp-content\/uploads\/2025\/02\/Lanzamiento-LLA-900x600_c-karina-milei-coto-pauli.jpg 900w, https:\/\/opinionpublica.com.ar\/index\/wp-content\/uploads\/2025\/02\/Lanzamiento-LLA-900x600_c-karina-milei-coto-pauli-300x200.jpg 300w, https:\/\/opinionpublica.com.ar\/index\/wp-content\/uploads\/2025\/02\/Lanzamiento-LLA-900x600_c-karina-milei-coto-pauli-768x512.jpg 768w\" sizes=\"(max-width: 900px) 100vw, 900px\" \/><\/a><\/div>\n<div class=\"copete_individual_noticia\">Entre otros ataques, el presidente apoy\u00f3 expresiones contra los trabajadores estatales fueguinos y su ministro sostuvo que por el r\u00e9gimen de promoci\u00f3n se pierden 60.000 empleos en el continente y que la provincia debe ser un parque de diversiones. Milei tambi\u00e9n acompa\u00f1\u00f3 la expresi\u00f3n \u00a8la falsa industria nacional \u00a8 de Tierra del Fuego, en otro embate sobre la producci\u00f3n en la provincia.<\/div>\n<div class=\"clear_both\"><\/div>\n<div class=\"contenido_individual_noticia\">\n<div class=\"contenedor_primera_letra_individual_noticia\">El legislador Agust\u00edn Coto y el diputado nacional Santiago Pauli, ambos representantes del oficialismo libertario en Tierra del Fuego, est\u00e1n en el centro de la pol\u00e9mica y bajo la presi\u00f3n creciente para que expliquen p\u00fablicamente su postura ante una serie de declaraciones y acciones que atentan contra los intereses de la provincia. En particular, debieran pronunciarse sobre los dichos del jefe de Gabinete Guillermo Francos, del Ministro Federico Sturzenegger, del diputado Jos\u00e9 Luis Espert y los apoyos del Presidente Javier Milei a referentes que atacan directamente el r\u00e9gimen de promoci\u00f3n de Tierra del Fuego.<\/div>\n<p>El foco de la controversia se centra en la postura del gobierno nacional respecto al r\u00e9gimen de promoci\u00f3n econ\u00f3mica fueguino, que ha sido objeto de cr\u00edticas por parte de varios funcionarios. El jefe de Gabinete Guillermo Francos cuestion\u00f3 abiertamente en INFOBAE el sistema de protecci\u00f3n comercial que rige en la provincia, argumentando que \u00ablo que hacen es armar productos que vienen desarmados del exterior\u00bb. Seg\u00fan Francos, este r\u00e9gimen atenta contra la competitividad y dificulta la baja en los precios que impulsa el gobierno nacional. \u201cTendr\u00e1 que ir hacia la baja y competir m\u00e1s\u201d, sentenci\u00f3.<\/p>\n<p>Los dichos de Francos se suman a las declaraciones del ministro de Desregulaci\u00f3n y Transformaci\u00f3n del Estado, Federico Sturzenegger, quien ha respaldado la decisi\u00f3n del gobierno de reducir los aranceles a los productos tecnol\u00f3gicos importados. Sturzenegger argumenta que el r\u00e9gimen fiscal especial vigente genera efectos negativos en t\u00e9rminos de empleo, productividad y desarrollo regional, y que su eliminaci\u00f3n provocar\u00eda una p\u00e9rdida neta de 60 mil empleos en el conjunto del pa\u00eds.<\/p>\n<p>El responsable de la desregulaci\u00f3n estatal a nivel nacional tambi\u00e9n se expres\u00f3 en torno a que \u201ces cierto que la menor protecci\u00f3n pueda reducir alg\u00fan empleo en la isla, pero el menor costo de la electr\u00f3nica para 47 millones de argentinos implica un dinero &#8216;extra&#8217; en el bolsillo que gastar\u00e1n en otras cosas\u201d, sostuvo el funcionario libertario en la red social X.<\/p>\n<p><a href=\"https:\/\/opinionpublica.com.ar\/index\/wp-content\/uploads\/2025\/04\/Pauli-santiago.jpeg\"><img decoding=\"async\" class=\"alignnone size-full wp-image-9401\" src=\"https:\/\/opinionpublica.com.ar\/index\/wp-content\/uploads\/2025\/04\/Pauli-santiago.jpeg\" alt=\"\" width=\"900\" height=\"600\" srcset=\"https:\/\/opinionpublica.com.ar\/index\/wp-content\/uploads\/2025\/04\/Pauli-santiago.jpeg 900w, https:\/\/opinionpublica.com.ar\/index\/wp-content\/uploads\/2025\/04\/Pauli-santiago-300x200.jpeg 300w, https:\/\/opinionpublica.com.ar\/index\/wp-content\/uploads\/2025\/04\/Pauli-santiago-768x512.jpeg 768w\" sizes=\"(max-width: 900px) 100vw, 900px\" \/><\/a><\/p>\n<p>Al mismo tiempo, subray\u00f3 el potencial tur\u00edstico de Tierra del Fuego como puerta a la Ant\u00e1rtida y defendi\u00f3 que la provincia \u201cdeber\u00eda ser un parque de diversiones mundial que reciba millones de turistas al a\u00f1o\u201d<\/p>\n<p>Ante este panorama, Coto y Pauli deben explicar los impactos que tendr\u00e1n las medidas nacionales sobre el r\u00e9gimen de promoci\u00f3n fueguino, y ante la posible p\u00e9rdida entre 3.000 y 6.000 puestos de trabajo. Siendo los referentes fueguinos de la Libertad Avanza en la provincia, ambos referentes deben explicitar si creen que el sistema actual debe ser reformado o eliminado, y qu\u00e9 medidas concretas est\u00e1n dispuestos a tomar para defender los intereses de la provincia frente a los embates del gobierno nacional.<\/p>\n<p>La controversia se agudiza a\u00fan m\u00e1s con la postura del gobierno nacional respecto a la salmonicultura en Tierra del Fuego, dado que el ministro de Desregulaci\u00f3n y Transformaci\u00f3n del Estado y el propio presidente Milei han expresado su apoyo a la instalaci\u00f3n de granjas salmoneras en la provincia.<\/p>\n<p><a href=\"https:\/\/opinionpublica.com.ar\/index\/wp-content\/uploads\/2024\/04\/agustin-coto-1-1.jpg\"><img decoding=\"async\" class=\"alignnone size-full wp-image-2469\" src=\"https:\/\/opinionpublica.com.ar\/index\/wp-content\/uploads\/2024\/04\/agustin-coto-1-1.jpg\" alt=\"\" width=\"850\" height=\"638\" srcset=\"https:\/\/opinionpublica.com.ar\/index\/wp-content\/uploads\/2024\/04\/agustin-coto-1-1.jpg 850w, https:\/\/opinionpublica.com.ar\/index\/wp-content\/uploads\/2024\/04\/agustin-coto-1-1-300x225.jpg 300w, https:\/\/opinionpublica.com.ar\/index\/wp-content\/uploads\/2024\/04\/agustin-coto-1-1-768x576.jpg 768w\" sizes=\"(max-width: 850px) 100vw, 850px\" \/><\/a><\/p>\n<p>Por otra parte, los libertarios fueguinos debieran explicar los apoyos del presidente Milei en redes sociales a cuentas que atacan con dureza al sistema de producci\u00f3n provincial. Por ejemplo, el primer mandatario retuite\u00f3 a\u00a0 la cuenta an\u00f3nima\u00a0 \u00a8@Pregomero\u00a8, que public\u00f3 \u00a8Tierra del Fuego tiene prohibida la generaci\u00f3n de energ\u00eda nuclear en su constituci\u00f3n provincial.\u00a0 Son un pueblo dise\u00f1ado para vivir del empleo p\u00fablico y estafar al continente con ensambles chinos\u00a8 (sic).<\/p>\n<p>En su compulsiva actividad en redes sociales, Milei tambi\u00e9n retuite\u00f3 a la cuenta @javierlanari que escribi\u00f3 despectivamente contra la industria fueguina \u00a8la falsa industria nacional de Tierra del Fuego le cuesta a los argentinos unos 1.000 millones de d\u00f3lares por a\u00f1o. Este robo (sic) est\u00e1 vigente desde 1974\u00a8, escribi\u00f3 el militante libertario en la red X.<\/p>\n<p>Cabe recordar que la actividad salmonera ha generado un fuerte rechazo por parte de organizaciones ambientalistas y de la comunidad local, debido a los graves impactos ambientales que puede ocasionar en los ecosistemas marinos. En este sentido, se espera que Coto y Pauli aclaren si est\u00e1n dispuestos a defender el medio ambiente de Tierra del Fuego por encima de los intereses econ\u00f3micos de las empresas que realizan la salmonicultura.<\/p>\n<\/div>\n<div class=\"contenedor_share_buttons_individual_noticia\">\n<div class=\"contenido_share_buttons_individual_noticia\">\n<div class=\"individual_share_buttons_individual_noticia transition_03 imprimir\"><\/div>\n<div class=\"individual_share_buttons_individual_noticia transition_03 imprimir\"><\/div>\n<div class=\"individual_share_buttons_individual_noticia transition_03 googleplus\"><\/div>\n<div class=\"individual_share_buttons_individual_noticia transition_03 twitter\"><\/div>\n<div class=\"individual_share_buttons_individual_noticia transition_03 facebook\"><\/div>\n<\/div>\n<\/div>\n<div class=\"tags_individual_noticia\">\n<div class=\"titulo_tags_individual_noticias\">\u00a0Etiquetas<\/div>\n<\/div>\n","protected":false},"excerpt":{"rendered":"<p>Coto y Pauli deben explicar ataques al r\u00e9gimen de promoci\u00f3n El legislador Agust\u00edn Coto y el diputado nacional<\/p>\n","protected":false},"author":5,"featured_media":8813,"comment_status":"open","ping_status":"open","sticky":false,"template":"","format":"standard","meta":{"footnotes":""},"categories":[2],"tags":[839,2967,95,3503],"class_list":["post-9785","post","type-post","status-publish","format-standard","has-post-thumbnail","hentry","category-tierra-del-fuego","tag-aranceles","tag-coto","tag-importacion","tag-pauli"],"featured_image_urls":{"full":["https:\/\/opinionpublica.com.ar\/index\/wp-content\/uploads\/2025\/02\/Lanzamiento-LLA-900x600_c-karina-milei-coto-pauli.jpg",900,600,false],"thumbnail":["https:\/\/opinionpublica.com.ar\/index\/wp-content\/uploads\/2025\/02\/Lanzamiento-LLA-900x600_c-karina-milei-coto-pauli-150x150.jpg",150,150,true],"medium":["https:\/\/opinionpublica.com.ar\/index\/wp-content\/uploads\/2025\/02\/Lanzamiento-LLA-900x600_c-karina-milei-coto-pauli-300x200.jpg",300,200,true],"medium_large":["https:\/\/opinionpublica.com.ar\/index\/wp-content\/uploads\/2025\/02\/Lanzamiento-LLA-900x600_c-karina-milei-coto-pauli-768x512.jpg",640,427,true],"large":["https:\/\/opinionpublica.com.ar\/index\/wp-content\/uploads\/2025\/02\/Lanzamiento-LLA-900x600_c-karina-milei-coto-pauli.jpg",640,427,false],"1536x1536":["https:\/\/opinionpublica.com.ar\/index\/wp-content\/uploads\/2025\/02\/Lanzamiento-LLA-900x600_c-karina-milei-coto-pauli.jpg",900,600,false],"2048x2048":["https:\/\/opinionpublica.com.ar\/index\/wp-content\/uploads\/2025\/02\/Lanzamiento-LLA-900x600_c-karina-milei-coto-pauli.jpg",900,600,false],"morenews-large":["https:\/\/opinionpublica.com.ar\/index\/wp-content\/uploads\/2025\/02\/Lanzamiento-LLA-900x600_c-karina-milei-coto-pauli-825x575.jpg",825,575,true],"morenews-medium":["https:\/\/opinionpublica.com.ar\/index\/wp-content\/uploads\/2025\/02\/Lanzamiento-LLA-900x600_c-karina-milei-coto-pauli-590x410.jpg",590,410,true]},"author_info":{"display_name":"Hal","author_link":"https:\/\/opinionpublica.com.ar\/index\/author\/hal\/"},"category_info":"<a href=\"https:\/\/opinionpublica.com.ar\/index\/category\/tierra-del-fuego\/\" rel=\"category tag\">Tierra del Fuego<\/a>","tag_info":"Tierra del Fuego","comment_count":"0","_links":{"self":[{"href":"https:\/\/opinionpublica.com.ar\/index\/wp-json\/wp\/v2\/posts\/9785","targetHints":{"allow":["GET"]}}],"collection":[{"href":"https:\/\/opinionpublica.com.ar\/index\/wp-json\/wp\/v2\/posts"}],"about":[{"href":"https:\/\/opinionpublica.com.ar\/index\/wp-json\/wp\/v2\/types\/post"}],"author":[{"embeddable":true,"href":"https:\/\/opinionpublica.com.ar\/index\/wp-json\/wp\/v2\/users\/5"}],"replies":[{"embeddable":true,"href":"https:\/\/opinionpublica.com.ar\/index\/wp-json\/wp\/v2\/comments?post=9785"}],"version-history":[{"count":2,"href":"https:\/\/opinionpublica.com.ar\/index\/wp-json\/wp\/v2\/posts\/9785\/revisions"}],"predecessor-version":[{"id":9787,"href":"https:\/\/opinionpublica.com.ar\/index\/wp-json\/wp\/v2\/posts\/9785\/revisions\/9787"}],"wp:featuredmedia":[{"embeddable":true,"href":"https:\/\/opinionpublica.com.ar\/index\/wp-json\/wp\/v2\/media\/8813"}],"wp:attachment":[{"href":"https:\/\/opinionpublica.com.ar\/index\/wp-json\/wp\/v2\/media?parent=9785"}],"wp:term":[{"taxonomy":"category","embeddable":true,"href":"https:\/\/opinionpublica.com.ar\/index\/wp-json\/wp\/v2\/categories?post=9785"},{"taxonomy":"post_tag","embeddable":true,"href":"https:\/\/opinionpublica.com.ar\/index\/wp-json\/wp\/v2\/tags?post=9785"}],"curies":[{"name":"wp","href":"https:\/\/api.w.org\/{rel}","templated":true}]}}