{"id":9799,"date":"2025-05-20T10:16:09","date_gmt":"2025-05-20T13:16:09","guid":{"rendered":"https:\/\/opinionpublica.com.ar\/index\/?p=9799"},"modified":"2025-05-20T10:16:09","modified_gmt":"2025-05-20T13:16:09","slug":"el-gobierno-anuncio-un-regimen-simplificado-para-la-compra-de-productos-fabricados-en-tierra-del-fuego","status":"publish","type":"post","link":"https:\/\/opinionpublica.com.ar\/index\/el-gobierno-anuncio-un-regimen-simplificado-para-la-compra-de-productos-fabricados-en-tierra-del-fuego\/","title":{"rendered":"El Gobierno anunci\u00f3 un r\u00e9gimen simplificado para la compra de productos fabricados en Tierra del Fuego"},"content":{"rendered":"<div class=\"article__header max-width-md\">\n<p class=\"article__title\"><strong>El Gobierno anunci\u00f3 un r\u00e9gimen simplificado para la compra de productos fabricados en Tierra del Fuego<\/strong><\/p>\n<p class=\"article__headline\">El objetivo de la nueva medida, destinada a consumidores finales y a productos de uso personal, es facilitar la adquisici\u00f3n de productos que provengan del \u00c1rea Aduanera Especial.<time class=\"article__date\" datetime=\"2025-05-20T10:08:17.000000Z\"><\/time><\/p>\n<p><a href=\"https:\/\/opinionpublica.com.ar\/index\/wp-content\/uploads\/2024\/09\/tierra-del-fuego-hecho.webp\"><img fetchpriority=\"high\" decoding=\"async\" class=\"alignnone size-full wp-image-5901\" src=\"https:\/\/opinionpublica.com.ar\/index\/wp-content\/uploads\/2024\/09\/tierra-del-fuego-hecho.webp\" alt=\"\" width=\"790\" height=\"442\" srcset=\"https:\/\/opinionpublica.com.ar\/index\/wp-content\/uploads\/2024\/09\/tierra-del-fuego-hecho.webp 790w, https:\/\/opinionpublica.com.ar\/index\/wp-content\/uploads\/2024\/09\/tierra-del-fuego-hecho-300x168.webp 300w, https:\/\/opinionpublica.com.ar\/index\/wp-content\/uploads\/2024\/09\/tierra-del-fuego-hecho-768x430.webp 768w\" sizes=\"(max-width: 790px) 100vw, 790px\" \/><\/a><\/p>\n<\/div>\n<div class=\"col-fluid col-fluid-max col-fluid--clip\">\n<div class=\"article__main max-width-md\">\n<div class=\"article__wrapper\">\n<div id=\"article-content\" class=\"article__content standard\">\n<p>Este martes, el\u00a0Gobierno\u00a0oficializ\u00f3 la creaci\u00f3n de un\u00a0<strong>r\u00e9gimen simplificado<\/strong>\u00a0<strong>de importaciones<\/strong>\u00a0de peque\u00f1os env\u00edos, exclusivamente para consumidores finales y productos de uso personal, desde el\u00a0<strong>\u00c1rea Aduanera Especial de Tierra del Fuego<\/strong>\u00a0hacia todo el pa\u00eds.<\/p>\n<p>La medida fue lanzada pocos d\u00edas despu\u00e9s del anuncio sobre la\u00a0eliminaci\u00f3n de aranceles para la importaci\u00f3n de celulares\u00a0y otros productos electr\u00f3nicos, que gener\u00f3 un fuerte conflicto sindical y pol\u00edtico en la provincia. Fue establecida a trav\u00e9s del\u00a0<strong>Decreto 334\/2025<\/strong>, publicado en el Bolet\u00edn Oficial bajo la firma del presidente\u00a0<strong>Javier Milei<\/strong>, el Jefe de Gabinete,\u00a0<strong>Guillermo Francos<\/strong>, y el ministro de Econom\u00eda,\u00a0<strong>Luis Caputo<\/strong>.<\/p>\n<div class=\"embed-responsive embed-responsive-16by9 gdriveContainer\"><\/div>\n<p>La nueva normativa hab\u00eda sido adelantada la semana pasada por el titular de la cartera de Econom\u00eda,\u00a0<strong>Luis Caputo<\/strong>, quien se\u00f1al\u00f3 que podr\u00eda aplicarse a modo de \u00abcompensaci\u00f3n\u00bb a la industria fueguina luego de los\u00a0reclamos\u00a0de parte de las empresas, los sindicatos y el mismo gobernador de la provincia,\u00a0<strong>Gustavo Melella<\/strong>.Productos de Tierra del Fuego: en qu\u00e9 consiste la medida<\/p>\n<p>En la normativa se indica que el mecanismo actual para realizar la compra y venta de bienes industriales originarios de\u00a0Tierra del Fuego\u00a0hacia el resto del pa\u00eds \u00aba consumidores finales\u00a0<strong>resulta un tr\u00e1mite extremadamente burocr\u00e1tico y engorroso<\/strong>\u00a0que dificulta y perjudica dicha actividad\u00bb.<\/p>\n<p>Hoy, la provincia cuenta con un\u00a0<strong>r\u00e9gimen especial<\/strong>\u00a0que implica la excepci\u00f3n de impuestos nacionales, aunque los env\u00edos de productos desde la isla son considerados como una\u00a0<strong>exportaci\u00f3n<\/strong>, con todos los tr\u00e1mites correspondientes, por lo que al poder realizar\u00a0<strong>ventas directas<\/strong>\u00a0se evitar\u00edan los tr\u00e1mites y se tratar\u00edan como compras realizadas v\u00eda courier.<\/p>\n<p>En el primer art\u00edculo del texto publicado este martes se dispuso la creaci\u00f3n de un \u00ab<strong>r\u00e9gimen simplificado de importaci\u00f3n de peque\u00f1os env\u00edos de mercader\u00edas originarias<\/strong>, producidas al amparo del R\u00e9gimen Industrial creado por la Ley N\u00b019.640, por las empresas que hubieren adherido a la pr\u00f3rroga dispuesta por el Decreto N\u00b0727 del 22 de octubre de 2021 y sus modificatorios\u00bb<\/p>\n<p>La nueva medida se aplica a \u00abpersonas humanas radicadas en el Territorio Nacional Continental definido como tal en los t\u00e9rminos de la referida norma legal,\u00a0<strong>\u00fanicamente para su uso y consumo particular, quedando prohibida su comercializaci\u00f3n<\/strong>\u00ab.<\/p>\n<p>\u00abLa\u00a0<strong>Secretar\u00eda de Industria y Comercio del Ministerio de Econom\u00eda<\/strong>, como autoridad de aplicaci\u00f3n de la Ley N\u00b019.640,\u00a0<strong>determinar\u00e1 las mercader\u00edas que podr\u00e1n comercializarse bajo este r\u00e9gimen de importaci\u00f3n simplificada<\/strong>, las que deber\u00e1n contar con la correspondiente acreditaci\u00f3n de origen\u00bb, se aclar\u00f3.<\/p>\n<p>&nbsp;<\/p>\n<p>El objetivo de la medida anunciada por el gobierno libertario es\u00a0<strong>facilitar el acceso a bienes producidos en Tierra del Fuego<\/strong>, bajo el r\u00e9gimen promocional establecido por la Ley 19.640, que otorga beneficios fiscales y aduaneros a las empresas radicadas en la provincia, para fomentar el desarrollo econ\u00f3mico y establecimiento de poblaci\u00f3n.<\/p>\n<p>A partir de este momento, quienes residan en el resto de la Argentina podr\u00e1n recibir productos provenientes de la provincia m\u00e1s austral a trav\u00e9s de\u00a0<strong>compras realizadas de forma online<\/strong>\u00a0con ciertas limitaciones, como que los env\u00edos \u00abno podr\u00e1n superar, por destinatario, las\u00a0<strong>tres unidades<\/strong>\u00a0de la misma especie por a\u00f1o calendario, con hasta un l\u00edmite de valor FOB equivalente a\u00a0<strong>3000 d\u00f3lares<\/strong>\u00a0por env\u00edo\u00bb.<\/p>\n<p>La Secretar\u00eda de Industria y Comercio tendr\u00e1 la posibilidad de\u00a0<strong>reducir o incrementar la cantidad de unidades y\/o el valor fijado<\/strong>, como as\u00ed tambi\u00e9n determinar un\u00a0<strong>n\u00famero de operaciones anuales permitidas<\/strong>, considerando los indicadores relacionados con los productos, como el valor en el mercado y la demanda, entre otros.<\/p>\n<p>&nbsp;<\/p>\n<h2><strong>Luis Caputo admiti\u00f3 que la eliminaci\u00f3n de aranceles en Tierra del Fuego fue su idea y que la medida perjudic\u00f3 a su familia<\/strong><\/h2>\n<p>Este domingo, durante la jornada electoral en la Ciudad, el ministro de Econom\u00eda,\u00a0<strong>Luis Caputo<\/strong>, revel\u00f3 que fue \u00e9l quien tom\u00f3 la decisi\u00f3n de\u00a0<strong>bajar los aranceles a la importaci\u00f3n de productos electr\u00f3nicos<\/strong>\u00a0que afect\u00f3 directamente a la industria de\u00a0<strong>Tierra del Fuego<\/strong>, afectando incluso a su primo, el empresario\u00a0<strong>Nicol\u00e1s Caputo<\/strong>.<\/p>\n<p>\u00ab(<strong>Este es) el \u00fanico gobierno que termin\u00f3 con un r\u00e9gimen con el que todo el mundo estaba en contra, y fue decisi\u00f3n m\u00eda<\/strong>. Como ustedes saben\u00a0<strong>una de las dos empresas es de un primo m\u00edo<\/strong>, as\u00ed que cuando vean a alg\u00fan funcionario terminar con algo que no le beneficia a su familia, av\u00edsenme y me hago un c\u00f3ctel de sapos\u00bb, expres\u00f3.<\/p>\n<p><a href=\"https:\/\/opinionpublica.com.ar\/index\/wp-content\/uploads\/2024\/11\/luis-caputo-ministro-economia.webp\"><img decoding=\"async\" class=\"alignnone size-full wp-image-7447\" src=\"https:\/\/opinionpublica.com.ar\/index\/wp-content\/uploads\/2024\/11\/luis-caputo-ministro-economia.webp\" alt=\"\" width=\"655\" height=\"368\" srcset=\"https:\/\/opinionpublica.com.ar\/index\/wp-content\/uploads\/2024\/11\/luis-caputo-ministro-economia.webp 655w, https:\/\/opinionpublica.com.ar\/index\/wp-content\/uploads\/2024\/11\/luis-caputo-ministro-economia-300x169.webp 300w\" sizes=\"(max-width: 655px) 100vw, 655px\" \/><\/a><\/p>\n<p>Caputo se refiri\u00f3 as\u00ed a las medidas que anunci\u00f3, la semana pasada, el vocero presidencial\u00a0<strong>Manuel Adorni<\/strong>, ganador de la elecci\u00f3n porte\u00f1a este domingo. La baja de impuestos incluy\u00f3 la\u00a0<strong>quita de aranceles de importaci\u00f3n de celulares del 16% al 8% hasta el 15 de enero de 2026, y desde ese momento al 0%; y la baja de impuestos internos del 19% al 9,5% para productos hechos fuera de Tierra del Fuego, y del 9,5% al 0% para los construidos en la isla<\/strong>.<\/p>\n<p>&nbsp;<\/p>\n<h2><strong>Tensi\u00f3n en Tierra del Fuego<\/strong><\/h2>\n<p>La nueva medida del Gobierno anunciada este martes fue lanzada en un contexto de\u00a0<strong>tensi\u00f3n<\/strong>\u00a0entre la administraci\u00f3n Nacional y la industria electr\u00f3nica fueguina, dado que el gobernador de la provincia cuestion\u00f3 la decisi\u00f3n y, a partir de la misma, la<strong>\u00a0Uni\u00f3n Obrera Metal\u00fargica<\/strong>\u00a0(UOM) de R\u00edo Grande comenz\u00f3 un\u00a0<strong>paro total por tiempo indeterminado\u00a0<\/strong>en las empresas electr\u00f3nicas radicadas en la isla.<\/p>\n<p>Seg\u00fan se\u00f1alaron desde la\u00a0UOM, la medida fue acompa\u00f1ada de una\u00a0<strong>movilizaci\u00f3n masiva\u00a0<\/strong>al centro de la ciudad, en la que los trabajadores expresaron su rechazo al \u00abnuevo embate contra la industria nacional y los puestos de trabajo\u201d y reafirmaron su decisi\u00f3n de \u201cdefender el derecho soberano a habitar Tierra del Fuego\u00bb.<\/p>\n<p>A trav\u00e9s de un comunicado oficial el Congreso de Delegados de la UOM sostuvo que la situaci\u00f3n actual<strong>\u00a0\u00abafecta gravemente a la industria, los puestos de trabajo y el derecho soberano a continuar habitando esta provincia\u00bb<\/strong>.<\/p>\n<p>Adem\u00e1s de repudiar en\u00e9rgicamente los anuncios del vocero presidencial y \u00ablas declaraciones provocadoras de funcionarios nacionales\u00bb, la organizaci\u00f3n<strong>\u00a0ratific\u00f3 su compromiso con la Ley 26.539, sancionada en 2009, que sostiene el r\u00e9gimen de promoci\u00f3n industrial en la isla<\/strong>.<\/p>\n<p>\u00abLa determinaci\u00f3n del Gobierno Nacional de eliminar los aranceles a la importaci\u00f3n de celulares y reducir los impuestos internos sobre televisores y aires acondicionados representa<strong>\u00a0un golpe muy duro para la industria de Tierra del Fuego<\/strong>\u00ab, a\u00f1adi\u00f3 por su parte el gobernador\u00a0<strong>Gustavo Melella<\/strong>\u00a0en di\u00e1logo con\u00a0<em>Clar\u00edn<\/em>.<\/p>\n<p>Luego del anuncio, el gobernador fueguino reproch\u00f3: \u00abLo ven\u00edamos advirtiendo,\u00a0<strong>esta medida responde al acuerdo con el FMI<\/strong>, en el que se exig\u00eda eliminar los supuestos beneficios otorgados a nuestra provincia\u00bb.<\/p>\n<\/div>\n<div class=\"article__tags\">\n<div class=\"aside__title\"><\/div>\n<\/div>\n<\/div>\n<\/div>\n<\/div>\n","protected":false},"excerpt":{"rendered":"<p>El Gobierno anunci\u00f3 un r\u00e9gimen simplificado para la compra de productos fabricados en Tierra del Fuego El objetivo<\/p>\n","protected":false},"author":5,"featured_media":5900,"comment_status":"open","ping_status":"open","sticky":false,"template":"","format":"standard","meta":{"footnotes":""},"categories":[2],"tags":[357,5],"class_list":["post-9799","post","type-post","status-publish","format-standard","has-post-thumbnail","hentry","category-tierra-del-fuego","tag-impuestos","tag-tierra-del-fuego"],"featured_image_urls":{"full":["https:\/\/opinionpublica.com.ar\/index\/wp-content\/uploads\/2024\/09\/industria-hecho-tdf.jpg",1024,682,false],"thumbnail":["https:\/\/opinionpublica.com.ar\/index\/wp-content\/uploads\/2024\/09\/industria-hecho-tdf-150x150.jpg",150,150,true],"medium":["https:\/\/opinionpublica.com.ar\/index\/wp-content\/uploads\/2024\/09\/industria-hecho-tdf-300x200.jpg",300,200,true],"medium_large":["https:\/\/opinionpublica.com.ar\/index\/wp-content\/uploads\/2024\/09\/industria-hecho-tdf-768x512.jpg",640,427,true],"large":["https:\/\/opinionpublica.com.ar\/index\/wp-content\/uploads\/2024\/09\/industria-hecho-tdf.jpg",640,426,false],"1536x1536":["https:\/\/opinionpublica.com.ar\/index\/wp-content\/uploads\/2024\/09\/industria-hecho-tdf.jpg",1024,682,false],"2048x2048":["https:\/\/opinionpublica.com.ar\/index\/wp-content\/uploads\/2024\/09\/industria-hecho-tdf.jpg",1024,682,false],"morenews-large":["https:\/\/opinionpublica.com.ar\/index\/wp-content\/uploads\/2024\/09\/industria-hecho-tdf-825x575.jpg",825,575,true],"morenews-medium":["https:\/\/opinionpublica.com.ar\/index\/wp-content\/uploads\/2024\/09\/industria-hecho-tdf-590x410.jpg",590,410,true]},"author_info":{"display_name":"Hal","author_link":"https:\/\/opinionpublica.com.ar\/index\/author\/hal\/"},"category_info":"<a href=\"https:\/\/opinionpublica.com.ar\/index\/category\/tierra-del-fuego\/\" rel=\"category tag\">Tierra del Fuego<\/a>","tag_info":"Tierra del Fuego","comment_count":"0","_links":{"self":[{"href":"https:\/\/opinionpublica.com.ar\/index\/wp-json\/wp\/v2\/posts\/9799","targetHints":{"allow":["GET"]}}],"collection":[{"href":"https:\/\/opinionpublica.com.ar\/index\/wp-json\/wp\/v2\/posts"}],"about":[{"href":"https:\/\/opinionpublica.com.ar\/index\/wp-json\/wp\/v2\/types\/post"}],"author":[{"embeddable":true,"href":"https:\/\/opinionpublica.com.ar\/index\/wp-json\/wp\/v2\/users\/5"}],"replies":[{"embeddable":true,"href":"https:\/\/opinionpublica.com.ar\/index\/wp-json\/wp\/v2\/comments?post=9799"}],"version-history":[{"count":1,"href":"https:\/\/opinionpublica.com.ar\/index\/wp-json\/wp\/v2\/posts\/9799\/revisions"}],"predecessor-version":[{"id":9800,"href":"https:\/\/opinionpublica.com.ar\/index\/wp-json\/wp\/v2\/posts\/9799\/revisions\/9800"}],"wp:featuredmedia":[{"embeddable":true,"href":"https:\/\/opinionpublica.com.ar\/index\/wp-json\/wp\/v2\/media\/5900"}],"wp:attachment":[{"href":"https:\/\/opinionpublica.com.ar\/index\/wp-json\/wp\/v2\/media?parent=9799"}],"wp:term":[{"taxonomy":"category","embeddable":true,"href":"https:\/\/opinionpublica.com.ar\/index\/wp-json\/wp\/v2\/categories?post=9799"},{"taxonomy":"post_tag","embeddable":true,"href":"https:\/\/opinionpublica.com.ar\/index\/wp-json\/wp\/v2\/tags?post=9799"}],"curies":[{"name":"wp","href":"https:\/\/api.w.org\/{rel}","templated":true}]}}