{"id":9806,"date":"2025-05-20T11:08:31","date_gmt":"2025-05-20T14:08:31","guid":{"rendered":"https:\/\/opinionpublica.com.ar\/index\/?p=9806"},"modified":"2025-05-20T11:10:17","modified_gmt":"2025-05-20T14:10:17","slug":"provincia-recibio-4-500-millones-del-famp","status":"publish","type":"post","link":"https:\/\/opinionpublica.com.ar\/index\/provincia-recibio-4-500-millones-del-famp\/","title":{"rendered":"Provincia recibi\u00f3 $4.500 millones del FAMP"},"content":{"rendered":"<h3 class=\"titulo_individual_noticia\">Provincia recibi\u00f3 $4.500 millones del FAMP<\/h3>\n<div class=\"copete_individual_noticia\">El Fondo de la Ampliaci\u00f3n de la Matriz Productiva desembols\u00f3 ayer por la tarde $4.500 millones para modernizar la Central Termoel\u00e9ctrica de Ushuaia. La inversi\u00f3n, financiada con fondos de la industria local, busca asegurar un suministro el\u00e9ctrico confiable y continuo, y es parte de un plan integral provincial para fortalecer el sistema energ\u00e9tico en la ciudad.<\/div>\n<div><a href=\"https:\/\/opinionpublica.com.ar\/index\/wp-content\/uploads\/2024\/05\/dpe-ushuaia.jpg\"><img fetchpriority=\"high\" decoding=\"async\" class=\"alignnone size-full wp-image-3100\" src=\"https:\/\/opinionpublica.com.ar\/index\/wp-content\/uploads\/2024\/05\/dpe-ushuaia.jpg\" alt=\"\" width=\"1000\" height=\"667\" srcset=\"https:\/\/opinionpublica.com.ar\/index\/wp-content\/uploads\/2024\/05\/dpe-ushuaia.jpg 1000w, https:\/\/opinionpublica.com.ar\/index\/wp-content\/uploads\/2024\/05\/dpe-ushuaia-300x200.jpg 300w, https:\/\/opinionpublica.com.ar\/index\/wp-content\/uploads\/2024\/05\/dpe-ushuaia-768x512.jpg 768w\" sizes=\"(max-width: 1000px) 100vw, 1000px\" \/><\/a><\/div>\n<div><\/div>\n<div class=\"contenido_individual_noticia\">\n<div class=\"contenedor_primera_letra_individual_noticia\">El Fondo de la Ampliaci\u00f3n de la Matriz Productiva (FAMP) finalmente transfiri\u00f3 ayer el desembolso de $4.500 millones de pesos destinados al mantenimiento y readecuaci\u00f3n de la Central Termoel\u00e9ctrica de Ushuaia. Se trata de un anticipo de $4.532.575.600 que representa el 28% del primer desembolso, sobre un total de $16.187.770.000. Esta inversi\u00f3n, tal como hab\u00eda anticipado el Ejecutivo provincial, busca asegurar un suministro el\u00e9ctrico confiable y continuo para la ciudad y la zona sur de la provincia, despu\u00e9s del cr\u00edtico invierno del 2024.<\/div>\n<p>&nbsp;<\/p>\n<p>El Gobierno hab\u00eda conseguido la aprobaci\u00f3n del financiamiento en la primera reuni\u00f3n del a\u00f1o del Comit\u00e9 Ejecutivo del Fondo para la Ampliaci\u00f3n de la Matriz Productiva Fueguina (FAMP-FUEGUINA). El proyecto, presentado por el Ejecutivo provincial hace dos a\u00f1os, destaca la urgencia de actualizar la infraestructura el\u00e9ctrica de la ciudad, as\u00ed como los beneficios que traer\u00e1 la mejora de la calidad y estabilidad del servicio.<\/p>\n<p>&nbsp;<\/p>\n<p>Se trata de un proyecto de infraestructura energ\u00e9tica que se financiar\u00e1 con fondos del FAMP, que son recursos que provienen de la industria de Tierra del Fuego. El proyecto fue presentado por la gesti\u00f3n de Gustavo Melella durante el gobierno nacional anterior, y que luego de a\u00f1os de estudio finalmente fue aprobado.<\/p>\n<p>&nbsp;<\/p>\n<p>Los informes t\u00e9cnicos elaborados por la Secretar\u00eda de Energ\u00eda avalaron la viabilidad t\u00e9cnica y financiera de la iniciativa, lo que facilit\u00f3 su aprobaci\u00f3n por parte del Comit\u00e9 Ejecutivo del FAMP. El financiamiento, que se cubrir\u00e1 con Aportes No Reembolsables del Fondo, se distribuir\u00e1 de la siguiente manera: 28% para el generador TG7, y 18% para los generadores TG8, TG11, TG13 y TG14.<\/p>\n<p>&nbsp;<\/p>\n<p>La transferencia de los fondos ser\u00e1 gestionada por BICE Fideicomisos S.A., de acuerdo con el avance de la obra, con controles e inspecciones t\u00e9cnicas y financieras para garantizar el adecuado uso de los recursos. Adem\u00e1s, el Gobierno provincial deber\u00e1 rendir cuentas de los fondos recibidos, cumpliendo con los est\u00e1ndares de transparencia establecidos y facilitando las inspecciones correspondientes.<\/p>\n<\/div>\n<div class=\"tags_individual_noticia\">\n<div class=\"titulo_tags_individual_noticias\"><\/div>\n<\/div>\n","protected":false},"excerpt":{"rendered":"<p>Provincia recibi\u00f3 $4.500 millones del FAMP El Fondo de la Ampliaci\u00f3n de la Matriz Productiva desembols\u00f3 ayer por<\/p>\n","protected":false},"author":5,"featured_media":3100,"comment_status":"open","ping_status":"open","sticky":false,"template":"","format":"standard","meta":{"footnotes":""},"categories":[2],"tags":[3048,1083,293],"class_list":["post-9806","post","type-post","status-publish","format-standard","has-post-thumbnail","hentry","category-tierra-del-fuego","tag-central-termoelectrica","tag-energia","tag-famp"],"featured_image_urls":{"full":["https:\/\/opinionpublica.com.ar\/index\/wp-content\/uploads\/2024\/05\/dpe-ushuaia.jpg",1000,667,false],"thumbnail":["https:\/\/opinionpublica.com.ar\/index\/wp-content\/uploads\/2024\/05\/dpe-ushuaia-150x150.jpg",150,150,true],"medium":["https:\/\/opinionpublica.com.ar\/index\/wp-content\/uploads\/2024\/05\/dpe-ushuaia-300x200.jpg",300,200,true],"medium_large":["https:\/\/opinionpublica.com.ar\/index\/wp-content\/uploads\/2024\/05\/dpe-ushuaia-768x512.jpg",640,427,true],"large":["https:\/\/opinionpublica.com.ar\/index\/wp-content\/uploads\/2024\/05\/dpe-ushuaia.jpg",640,427,false],"1536x1536":["https:\/\/opinionpublica.com.ar\/index\/wp-content\/uploads\/2024\/05\/dpe-ushuaia.jpg",1000,667,false],"2048x2048":["https:\/\/opinionpublica.com.ar\/index\/wp-content\/uploads\/2024\/05\/dpe-ushuaia.jpg",1000,667,false],"morenews-large":["https:\/\/opinionpublica.com.ar\/index\/wp-content\/uploads\/2024\/05\/dpe-ushuaia-825x575.jpg",825,575,true],"morenews-medium":["https:\/\/opinionpublica.com.ar\/index\/wp-content\/uploads\/2024\/05\/dpe-ushuaia-590x410.jpg",590,410,true]},"author_info":{"display_name":"Hal","author_link":"https:\/\/opinionpublica.com.ar\/index\/author\/hal\/"},"category_info":"<a href=\"https:\/\/opinionpublica.com.ar\/index\/category\/tierra-del-fuego\/\" rel=\"category tag\">Tierra del Fuego<\/a>","tag_info":"Tierra del Fuego","comment_count":"0","_links":{"self":[{"href":"https:\/\/opinionpublica.com.ar\/index\/wp-json\/wp\/v2\/posts\/9806","targetHints":{"allow":["GET"]}}],"collection":[{"href":"https:\/\/opinionpublica.com.ar\/index\/wp-json\/wp\/v2\/posts"}],"about":[{"href":"https:\/\/opinionpublica.com.ar\/index\/wp-json\/wp\/v2\/types\/post"}],"author":[{"embeddable":true,"href":"https:\/\/opinionpublica.com.ar\/index\/wp-json\/wp\/v2\/users\/5"}],"replies":[{"embeddable":true,"href":"https:\/\/opinionpublica.com.ar\/index\/wp-json\/wp\/v2\/comments?post=9806"}],"version-history":[{"count":1,"href":"https:\/\/opinionpublica.com.ar\/index\/wp-json\/wp\/v2\/posts\/9806\/revisions"}],"predecessor-version":[{"id":9807,"href":"https:\/\/opinionpublica.com.ar\/index\/wp-json\/wp\/v2\/posts\/9806\/revisions\/9807"}],"wp:featuredmedia":[{"embeddable":true,"href":"https:\/\/opinionpublica.com.ar\/index\/wp-json\/wp\/v2\/media\/3100"}],"wp:attachment":[{"href":"https:\/\/opinionpublica.com.ar\/index\/wp-json\/wp\/v2\/media?parent=9806"}],"wp:term":[{"taxonomy":"category","embeddable":true,"href":"https:\/\/opinionpublica.com.ar\/index\/wp-json\/wp\/v2\/categories?post=9806"},{"taxonomy":"post_tag","embeddable":true,"href":"https:\/\/opinionpublica.com.ar\/index\/wp-json\/wp\/v2\/tags?post=9806"}],"curies":[{"name":"wp","href":"https:\/\/api.w.org\/{rel}","templated":true}]}}