{"id":9928,"date":"2025-05-29T20:00:04","date_gmt":"2025-05-29T23:00:04","guid":{"rendered":"https:\/\/opinionpublica.com.ar\/index\/?p=9928"},"modified":"2025-05-29T20:00:04","modified_gmt":"2025-05-29T23:00:04","slug":"empresas-de-remises-advierten-sobre-la-desregulacion-del-transporte-en-ushuaia","status":"publish","type":"post","link":"https:\/\/opinionpublica.com.ar\/index\/empresas-de-remises-advierten-sobre-la-desregulacion-del-transporte-en-ushuaia\/","title":{"rendered":"Empresas de Remises advierten sobre la desregulaci\u00f3n del transporte en Ushuaia"},"content":{"rendered":"<p><strong>Empresas de Remises advierten sobre la desregulaci\u00f3n del transporte en <em>Ushuaia:<\/em> \u201cSi no se regula a las aplicaciones, vamos a actuar en consecuencia<\/strong>\u201d<\/p>\n<p><a href=\"https:\/\/opinionpublica.com.ar\/index\/wp-content\/uploads\/2025\/05\/IMG-20250529-WA0037.jpg\"><img fetchpriority=\"high\" decoding=\"async\" class=\"alignnone size-full wp-image-9929\" src=\"https:\/\/opinionpublica.com.ar\/index\/wp-content\/uploads\/2025\/05\/IMG-20250529-WA0037.jpg\" alt=\"\" width=\"1125\" height=\"1311\" srcset=\"https:\/\/opinionpublica.com.ar\/index\/wp-content\/uploads\/2025\/05\/IMG-20250529-WA0037.jpg 1125w, https:\/\/opinionpublica.com.ar\/index\/wp-content\/uploads\/2025\/05\/IMG-20250529-WA0037-257x300.jpg 257w, https:\/\/opinionpublica.com.ar\/index\/wp-content\/uploads\/2025\/05\/IMG-20250529-WA0037-879x1024.jpg 879w, https:\/\/opinionpublica.com.ar\/index\/wp-content\/uploads\/2025\/05\/IMG-20250529-WA0037-768x895.jpg 768w, https:\/\/opinionpublica.com.ar\/index\/wp-content\/uploads\/2025\/05\/IMG-20250529-WA0037-1024x1193.jpg 1024w\" sizes=\"(max-width: 1125px) 100vw, 1125px\" \/><\/a><\/p>\n<p>Desde el sector de remises de la ciudad de Ushuaia manifestaron una profunda preocupaci\u00f3n ante la creciente desregulaci\u00f3n del servicio de transporte de pasajeros, a ra\u00edz del funcionamiento de plataformas como Uber y la habilitaci\u00f3n irregular de nuevas agencias como \u201cLOCK\u201d.<\/p>\n<p>\u201cSi no se regula a Uber y las aplicaciones en breve, entendemos que el mercado est\u00e1 desregulado de hecho y vamos a actuar en consecuencia\u201d, advirtieron representantes del sector.<\/p>\n<p>En particular, denunciaron que la empresa LOCK fue habilitada sin cumplir con los requisitos m\u00ednimos establecidos por la normativa vigente. Seg\u00fan lo dispuesto por el art\u00edculo 30 de la Ordenanza Municipal N.\u00ba 5885, es condici\u00f3n indispensable para obtener la habilitaci\u00f3n definitiva de una agencia de remises acreditar la formalizaci\u00f3n de contratos exclusivos con un m\u00ednimo de treinta (30) licenciatarios. Sin embargo, desde el sector aseguran que LOCK present\u00f3 apenas seis contratos, muchos de ellos duplicados o firmados previamente con otras agencias, lo que constituye una grave irregularidad.<\/p>\n<p>\u201cHoy en d\u00eda todo es un caos. No solo se permite el funcionamiento libre de Uber, sino que ahora se suma esta empresa que no cumple con ninguna de las condiciones legales\u201d, indicaron desde una de las principales agencias de remises de la ciudad. \u201cLos contratos presentados por LOCK ya estaban firmados con otras agencias y registrados por la Direcci\u00f3n de Transporte, que no puede alegar desconocimiento\u201d.<\/p>\n<p>A esto se suma la proliferaci\u00f3n de veh\u00edculos que operan mediante aplicaciones como Uber, sin ning\u00fan tipo de control ni regulaci\u00f3n: choferes con registros particulares, veh\u00edculos con m\u00e1s de 15 a\u00f1os de antig\u00fcedad, e incluso antecedentes penales entre algunos conductores. \u201cEs una situaci\u00f3n escandalosa, donde se violan sistem\u00e1ticamente las normas vigentes mientras las autoridades miran para otro lado\u201d, remarcaron.<\/p>\n<p>El abogado representante de una de las agencias expres\u00f3:<\/p>\n<p><strong>\u201cLo que estamos viendo es una desregulaci\u00f3n de hecho del servicio. La autoridad de aplicaci\u00f3n ha fallado en su funci\u00f3n: no fiscaliza, permite que se sumen veh\u00edculos a nuevas agencias sin verificar los contratos previos, y no responde a los reiterados pedidos de licitaci\u00f3n de licencias de remises devueltas. Hace m\u00e1s de cuatro meses solicitamos que se otorguen esas licencias para poder operar de manera legal y nos siguen ignorando\u201d.<\/strong><\/p>\n<p>Desde el sector aseguran que esta situaci\u00f3n genera una competencia absolutamente desleal, que pone en riesgo la continuidad de muchas agencias y fuentes de trabajo. \u201cQuienes cumplimos con la ley estamos siendo asfixiados econ\u00f3micamente, mientras el Estado act\u00faa con ineficiencia y falta de criterio. Esta situaci\u00f3n nos est\u00e1 llevando al l\u00edmite\u201d, afirmaron.<\/p>\n<p><strong>Pr\u00f3ximas acciones<\/strong><\/p>\n<p>Ante la persistente inacci\u00f3n del Ejecutivo municipal, desde el sector de remises anunciaron que se encuentran preparando una presentaci\u00f3n formal, donde manifestar\u00e1n su posici\u00f3n:<\/p>\n<p>\u201cEntendemos que existe una desregulaci\u00f3n del mercado de hecho, por lo que, en caso de no obtener una respuesta concreta en los pr\u00f3ximos d\u00edas, comenzaremos a operar bajo las mismas condiciones que las aplicaciones y las nuevas agencias habilitadas irregularmente. No vamos a seguir compitiendo en desigualdad. Queremos un marco justo, con reglas claras y que se apliquen por igual a todos\u201d.<\/p>\n<p>Desde el sector advirtieron que estas medidas ser\u00e1n inminentes si no se revierte la situaci\u00f3n y solicitaron al Municipio que act\u00fae con celeridad para restablecer el orden y el cumplimiento efectivo de las normas.<\/p>\n<p>&nbsp;<\/p>\n","protected":false},"excerpt":{"rendered":"<p>Empresas de Remises advierten sobre la desregulaci\u00f3n del transporte en Ushuaia: \u201cSi no se regula a las aplicaciones,<\/p>\n","protected":false},"author":5,"featured_media":9929,"comment_status":"open","ping_status":"open","sticky":false,"template":"","format":"standard","meta":{"footnotes":""},"categories":[1096,21],"tags":[2451,1296,245,75],"class_list":["post-9928","post","type-post","status-publish","format-standard","has-post-thumbnail","hentry","category-destacada","category-ushuaia","tag-desregulacion","tag-municipalidad-de-ushuaia","tag-remises","tag-transporte"],"featured_image_urls":{"full":["https:\/\/opinionpublica.com.ar\/index\/wp-content\/uploads\/2025\/05\/IMG-20250529-WA0037.jpg",1125,1311,false],"thumbnail":["https:\/\/opinionpublica.com.ar\/index\/wp-content\/uploads\/2025\/05\/IMG-20250529-WA0037-150x150.jpg",150,150,true],"medium":["https:\/\/opinionpublica.com.ar\/index\/wp-content\/uploads\/2025\/05\/IMG-20250529-WA0037-257x300.jpg",257,300,true],"medium_large":["https:\/\/opinionpublica.com.ar\/index\/wp-content\/uploads\/2025\/05\/IMG-20250529-WA0037-768x895.jpg",640,746,true],"large":["https:\/\/opinionpublica.com.ar\/index\/wp-content\/uploads\/2025\/05\/IMG-20250529-WA0037-879x1024.jpg",640,746,true],"1536x1536":["https:\/\/opinionpublica.com.ar\/index\/wp-content\/uploads\/2025\/05\/IMG-20250529-WA0037.jpg",1125,1311,false],"2048x2048":["https:\/\/opinionpublica.com.ar\/index\/wp-content\/uploads\/2025\/05\/IMG-20250529-WA0037.jpg",1125,1311,false],"morenews-large":["https:\/\/opinionpublica.com.ar\/index\/wp-content\/uploads\/2025\/05\/IMG-20250529-WA0037-825x575.jpg",825,575,true],"morenews-medium":["https:\/\/opinionpublica.com.ar\/index\/wp-content\/uploads\/2025\/05\/IMG-20250529-WA0037-590x410.jpg",590,410,true]},"author_info":{"display_name":"Hal","author_link":"https:\/\/opinionpublica.com.ar\/index\/author\/hal\/"},"category_info":"<a href=\"https:\/\/opinionpublica.com.ar\/index\/category\/destacada\/\" rel=\"category tag\">Destacada<\/a> <a href=\"https:\/\/opinionpublica.com.ar\/index\/category\/ushuaia\/\" rel=\"category tag\">Ushuaia<\/a>","tag_info":"Ushuaia","comment_count":"0","_links":{"self":[{"href":"https:\/\/opinionpublica.com.ar\/index\/wp-json\/wp\/v2\/posts\/9928","targetHints":{"allow":["GET"]}}],"collection":[{"href":"https:\/\/opinionpublica.com.ar\/index\/wp-json\/wp\/v2\/posts"}],"about":[{"href":"https:\/\/opinionpublica.com.ar\/index\/wp-json\/wp\/v2\/types\/post"}],"author":[{"embeddable":true,"href":"https:\/\/opinionpublica.com.ar\/index\/wp-json\/wp\/v2\/users\/5"}],"replies":[{"embeddable":true,"href":"https:\/\/opinionpublica.com.ar\/index\/wp-json\/wp\/v2\/comments?post=9928"}],"version-history":[{"count":1,"href":"https:\/\/opinionpublica.com.ar\/index\/wp-json\/wp\/v2\/posts\/9928\/revisions"}],"predecessor-version":[{"id":9930,"href":"https:\/\/opinionpublica.com.ar\/index\/wp-json\/wp\/v2\/posts\/9928\/revisions\/9930"}],"wp:featuredmedia":[{"embeddable":true,"href":"https:\/\/opinionpublica.com.ar\/index\/wp-json\/wp\/v2\/media\/9929"}],"wp:attachment":[{"href":"https:\/\/opinionpublica.com.ar\/index\/wp-json\/wp\/v2\/media?parent=9928"}],"wp:term":[{"taxonomy":"category","embeddable":true,"href":"https:\/\/opinionpublica.com.ar\/index\/wp-json\/wp\/v2\/categories?post=9928"},{"taxonomy":"post_tag","embeddable":true,"href":"https:\/\/opinionpublica.com.ar\/index\/wp-json\/wp\/v2\/tags?post=9928"}],"curies":[{"name":"wp","href":"https:\/\/api.w.org\/{rel}","templated":true}]}}