{"id":9931,"date":"2025-05-30T10:24:58","date_gmt":"2025-05-30T13:24:58","guid":{"rendered":"https:\/\/opinionpublica.com.ar\/index\/?p=9931"},"modified":"2025-05-30T10:24:58","modified_gmt":"2025-05-30T13:24:58","slug":"rio-grande-esta-siendo-ignorada-duro-reclamo-por-la-desigualdad-en-tierra-del-fuego","status":"publish","type":"post","link":"https:\/\/opinionpublica.com.ar\/index\/rio-grande-esta-siendo-ignorada-duro-reclamo-por-la-desigualdad-en-tierra-del-fuego\/","title":{"rendered":"\u201cR\u00edo Grande est\u00e1 siendo ignorada\u201d: Duro reclamo por la desigualdad en Tierra del Fuego"},"content":{"rendered":"<header class=\"cm-entry-header\">\n<p class=\"cm-entry-title\"><strong>\u201cR\u00edo Grande est\u00e1 siendo ignorada\u201d: Duro reclamo por la desigualdad en Tierra del Fuego<\/strong><\/p>\n<\/header>\n<div class=\"cm-entry-summary\">\n<p>El titular de la C\u00e1mara de Comercio de R\u00edo Grande, Jos\u00e9 \u2018Gigi\u2019 Lu\u00eds Iglesias, manifest\u00f3 una dura cr\u00edtica a la falta de equidad en la distribuci\u00f3n de los recursos provinciales y advirti\u00f3 sobre la situaci\u00f3n econ\u00f3mica cr\u00edtica que atraviesa la zona norte de Tierra del Fuego.<\/p>\n<p><a href=\"https:\/\/opinionpublica.com.ar\/index\/wp-content\/uploads\/2025\/05\/GIGI-1024x450-1-Camara-de-Comercio.jpg\"><img fetchpriority=\"high\" decoding=\"async\" class=\"alignnone size-full wp-image-9932\" src=\"https:\/\/opinionpublica.com.ar\/index\/wp-content\/uploads\/2025\/05\/GIGI-1024x450-1-Camara-de-Comercio.jpg\" alt=\"\" width=\"1024\" height=\"450\" srcset=\"https:\/\/opinionpublica.com.ar\/index\/wp-content\/uploads\/2025\/05\/GIGI-1024x450-1-Camara-de-Comercio.jpg 1024w, https:\/\/opinionpublica.com.ar\/index\/wp-content\/uploads\/2025\/05\/GIGI-1024x450-1-Camara-de-Comercio-300x132.jpg 300w, https:\/\/opinionpublica.com.ar\/index\/wp-content\/uploads\/2025\/05\/GIGI-1024x450-1-Camara-de-Comercio-768x338.jpg 768w\" sizes=\"(max-width: 1024px) 100vw, 1024px\" \/><\/a><\/p>\n<p>En declaraciones recientes, reclam\u00f3 mayor inversi\u00f3n, obras concretas y un di\u00e1logo real con el Gobierno provincial, ante la p\u00e9rdida sostenida de empleo y la falta de pol\u00edticas que acompa\u00f1en el desarrollo de la ciudad.<\/p>\n<p>\u201cLa diferencia entre Ushuaia y R\u00edo Grande es abismal. No se trata de ir en contra de una ciudad, pero uno observa que los recursos, las obras y las decisiones se concentran en la capital, mientras en la zona norte se pierden fuentes laborales sin un plan concreto para revertirlo\u201d, advirti\u00f3 Iglesias, visiblemente preocupado por la merma en la actividad econ\u00f3mica.<\/p>\n<p>Desde la C\u00e1mara se\u00f1alaron que sectores como la construcci\u00f3n, el petr\u00f3leo, las textiles y la industria electr\u00f3nica atraviesan una crisis con horizonte incierto. Iglesias fue claro: \u201cSi buena parte de los recursos de la provincia provienen de esta zona, como el gas, el petr\u00f3leo y las f\u00e1bricas, deber\u00eda haber una contrapartida. Pero no la hay\u201d.<\/p>\n<p>El dirigente comercial record\u00f3 que hist\u00f3ricamente desde R\u00edo Grande se apoyaron grandes obras en Ushuaia, como el aeropuerto, el puerto y hasta inversiones vinculadas al turismo. \u201cHoy que el turismo en el sur est\u00e1 consolidado, \u00bfpor qu\u00e9 no canalizar esfuerzos para desarrollarlo en el norte?\u201d, se pregunt\u00f3, reclamando la postergada ejecuci\u00f3n de la denominada Ruta del Fuego, uno de los proyectos estrat\u00e9gicos que lleva a\u00f1os sin concretarse.<\/p>\n<p>Asimismo, critic\u00f3 que proyectos claves como el Puerto Seco, aprobado en 2008, sigan sin materializarse. \u201cNo tenemos tiempo. Hasta diciembre necesitamos respuestas. R\u00edo Grande necesita desarrollo, inversi\u00f3n y futuro, porque nos lo deben\u201d, afirm\u00f3.<\/p>\n<p>Uno de los datos m\u00e1s llamativos fue su revelaci\u00f3n sobre la falta de di\u00e1logo con el Gobierno provincial: \u201cCon el Gobierno Nacional tenemos m\u00e1s intercambio que con el Provincial. Desde la reforma de la Ley 19.640 en 2003, la C\u00e1mara fue perdiendo presencia institucional. Es como si de a poco nos fueran corriendo\u201d.<\/p>\n<p>Tambi\u00e9n cuestion\u00f3 decisiones administrativas que refuerzan el centralismo provincial: \u201c\u00bfVan a hacer una nueva c\u00e1rcel en Ushuaia? \u00bfPor qu\u00e9 no en R\u00edo Grande? \u00bfPor qu\u00e9 todos los organismos se concentran all\u00e1? Parece que si los funcionarios est\u00e1n en la ciudad del gobernador, los problemas se resuelven m\u00e1s f\u00e1cil\u201d.<\/p>\n<p>Finalmente, Iglesias remarc\u00f3 que el reclamo no es contra un funcionario en particular, sino contra una metodolog\u00eda de gesti\u00f3n que excluye al norte provincial. \u201cEs como el reclamo que hacen los gobernadores al Gobierno Nacional: que Buenos Aires no los escucha. Bueno, nosotros sentimos lo mismo con Ushuaia\u201d, cerr\u00f3.<\/p>\n<p>&nbsp;<\/p>\n<\/div>\n","protected":false},"excerpt":{"rendered":"<p>\u201cR\u00edo Grande est\u00e1 siendo ignorada\u201d: Duro reclamo por la desigualdad en Tierra del Fuego El titular de la<\/p>\n","protected":false},"author":5,"featured_media":9932,"comment_status":"open","ping_status":"open","sticky":false,"template":"","format":"standard","meta":{"footnotes":""},"categories":[25],"tags":[619,3536],"class_list":["post-9931","post","type-post","status-publish","format-standard","has-post-thumbnail","hentry","category-rio-grande","tag-camara-de-comercio","tag-jose-gigi-luis-iglesias"],"featured_image_urls":{"full":["https:\/\/opinionpublica.com.ar\/index\/wp-content\/uploads\/2025\/05\/GIGI-1024x450-1-Camara-de-Comercio.jpg",1024,450,false],"thumbnail":["https:\/\/opinionpublica.com.ar\/index\/wp-content\/uploads\/2025\/05\/GIGI-1024x450-1-Camara-de-Comercio-150x150.jpg",150,150,true],"medium":["https:\/\/opinionpublica.com.ar\/index\/wp-content\/uploads\/2025\/05\/GIGI-1024x450-1-Camara-de-Comercio-300x132.jpg",300,132,true],"medium_large":["https:\/\/opinionpublica.com.ar\/index\/wp-content\/uploads\/2025\/05\/GIGI-1024x450-1-Camara-de-Comercio-768x338.jpg",640,282,true],"large":["https:\/\/opinionpublica.com.ar\/index\/wp-content\/uploads\/2025\/05\/GIGI-1024x450-1-Camara-de-Comercio.jpg",640,281,false],"1536x1536":["https:\/\/opinionpublica.com.ar\/index\/wp-content\/uploads\/2025\/05\/GIGI-1024x450-1-Camara-de-Comercio.jpg",1024,450,false],"2048x2048":["https:\/\/opinionpublica.com.ar\/index\/wp-content\/uploads\/2025\/05\/GIGI-1024x450-1-Camara-de-Comercio.jpg",1024,450,false],"morenews-large":["https:\/\/opinionpublica.com.ar\/index\/wp-content\/uploads\/2025\/05\/GIGI-1024x450-1-Camara-de-Comercio-825x450.jpg",825,450,true],"morenews-medium":["https:\/\/opinionpublica.com.ar\/index\/wp-content\/uploads\/2025\/05\/GIGI-1024x450-1-Camara-de-Comercio-590x410.jpg",590,410,true]},"author_info":{"display_name":"Hal","author_link":"https:\/\/opinionpublica.com.ar\/index\/author\/hal\/"},"category_info":"<a href=\"https:\/\/opinionpublica.com.ar\/index\/category\/rio-grande\/\" rel=\"category tag\">Rio Grande<\/a>","tag_info":"Rio Grande","comment_count":"0","_links":{"self":[{"href":"https:\/\/opinionpublica.com.ar\/index\/wp-json\/wp\/v2\/posts\/9931","targetHints":{"allow":["GET"]}}],"collection":[{"href":"https:\/\/opinionpublica.com.ar\/index\/wp-json\/wp\/v2\/posts"}],"about":[{"href":"https:\/\/opinionpublica.com.ar\/index\/wp-json\/wp\/v2\/types\/post"}],"author":[{"embeddable":true,"href":"https:\/\/opinionpublica.com.ar\/index\/wp-json\/wp\/v2\/users\/5"}],"replies":[{"embeddable":true,"href":"https:\/\/opinionpublica.com.ar\/index\/wp-json\/wp\/v2\/comments?post=9931"}],"version-history":[{"count":1,"href":"https:\/\/opinionpublica.com.ar\/index\/wp-json\/wp\/v2\/posts\/9931\/revisions"}],"predecessor-version":[{"id":9933,"href":"https:\/\/opinionpublica.com.ar\/index\/wp-json\/wp\/v2\/posts\/9931\/revisions\/9933"}],"wp:featuredmedia":[{"embeddable":true,"href":"https:\/\/opinionpublica.com.ar\/index\/wp-json\/wp\/v2\/media\/9932"}],"wp:attachment":[{"href":"https:\/\/opinionpublica.com.ar\/index\/wp-json\/wp\/v2\/media?parent=9931"}],"wp:term":[{"taxonomy":"category","embeddable":true,"href":"https:\/\/opinionpublica.com.ar\/index\/wp-json\/wp\/v2\/categories?post=9931"},{"taxonomy":"post_tag","embeddable":true,"href":"https:\/\/opinionpublica.com.ar\/index\/wp-json\/wp\/v2\/tags?post=9931"}],"curies":[{"name":"wp","href":"https:\/\/api.w.org\/{rel}","templated":true}]}}