{"id":9934,"date":"2025-05-30T10:35:07","date_gmt":"2025-05-30T13:35:07","guid":{"rendered":"https:\/\/opinionpublica.com.ar\/index\/?p=9934"},"modified":"2025-05-30T10:35:07","modified_gmt":"2025-05-30T13:35:07","slug":"la-presidenta-de-osef-volvio-a-aumentar-la-planta-politica","status":"publish","type":"post","link":"https:\/\/opinionpublica.com.ar\/index\/la-presidenta-de-osef-volvio-a-aumentar-la-planta-politica\/","title":{"rendered":"La presidenta de OSEF volvi\u00f3 a aumentar la planta pol\u00edtica"},"content":{"rendered":"<div class=\"et_pb_row et_pb_row_0_tb_body\">\n<div class=\"et_pb_column et_pb_column_4_4 et_pb_column_0_tb_body  et_pb_css_mix_blend_mode_passthrough et-last-child\">\n<div class=\"et_pb_module et_pb_post_title et_pb_post_title_0_tb_body et_pb_bg_layout_light  et_pb_text_align_left\">\n<div class=\"et_pb_title_container\">\n<p class=\"entry-title\"><strong>La presidenta de OSEF volvi\u00f3 a aumentar la planta pol\u00edtica<\/strong><\/p>\n<\/div>\n<\/div>\n<\/div>\n<\/div>\n<div class=\"et_pb_row et_pb_row_1_tb_body\">\n<div class=\"et_pb_column et_pb_column_3_5 et_pb_column_2_tb_body  et_pb_css_mix_blend_mode_passthrough\">\n<div class=\"et_pb_module et_pb_post_content et_pb_post_content_0_tb_body\">\n<p class=\"wp-block-heading\">Mientras la Legislatura analiza aumentar el aporte de los afiliados, la Presidencia de OSEF contin\u00faa incrementando las plantas de gabinete, ahora en modalidad \u00abteletrabajo\u00bb.<\/p>\n<p><a href=\"https:\/\/opinionpublica.com.ar\/index\/wp-content\/uploads\/2024\/03\/OSEF-RG-2-1200x480-1.jpg\"><img fetchpriority=\"high\" decoding=\"async\" class=\"alignnone size-full wp-image-985\" src=\"https:\/\/opinionpublica.com.ar\/index\/wp-content\/uploads\/2024\/03\/OSEF-RG-2-1200x480-1.jpg\" alt=\"\" width=\"1200\" height=\"480\" srcset=\"https:\/\/opinionpublica.com.ar\/index\/wp-content\/uploads\/2024\/03\/OSEF-RG-2-1200x480-1.jpg 1200w, https:\/\/opinionpublica.com.ar\/index\/wp-content\/uploads\/2024\/03\/OSEF-RG-2-1200x480-1-300x120.jpg 300w, https:\/\/opinionpublica.com.ar\/index\/wp-content\/uploads\/2024\/03\/OSEF-RG-2-1200x480-1-1024x410.jpg 1024w, https:\/\/opinionpublica.com.ar\/index\/wp-content\/uploads\/2024\/03\/OSEF-RG-2-1200x480-1-768x307.jpg 768w\" sizes=\"(max-width: 1200px) 100vw, 1200px\" \/><\/a><\/p>\n<p>El periodista\u00a0Gabriel Ramonet\u00a0dio a conocer una serie de designaciones en OSEF que confirman que las autoridades de la obra social parecen no tener l\u00edmites en el uso de la instituci\u00f3n para realizar designaciones pol\u00edticas.<\/p>\n<p>De acuerdo con las \u00faltimas modificaciones de la estructura\u00a0<strong>m\u00e1s del 20% de las vacantes autorizadas por la ley de presupuesto se destinan a la denominada \u00abPlanta Pol\u00edtica\u00bb<\/strong><\/p>\n<p>Entre las \u00faltimas designaciones se encuentra la de\u00a0<strong>Ariel Antonio Arosteguichar<\/strong>, hijo del Presidente del IPRA Antonio Arosteguichar, la que se destaca por varias particularidades.<\/p>\n<p>D\u00edas antes de la designaci\u00f3n, el vicepresidente de OSEF, Leonardo Olgiatti,\u00a0<strong>elev\u00f3 a 57 la cantidad de vacantes destinadas a la planta pol\u00edtica del organismo,\u00a0<\/strong>incluyendo los 4 directores. As\u00ed consta en la Resoluci\u00f3n de Presidencia N\u00b0 222\/25 firmada por Olgiatti el 17 de marzo cuando se encontraba a cargo de la presidencia del organismo. En dicha resoluci\u00f3n se establece que la<\/p>\n<p>&nbsp;<\/p>\n<p>En virtud de esta ampliaci\u00f3n de la planta pol\u00edtica, la presidenta Mariana Hruby designa el d\u00eda 7 de abril al se\u00f1or Ariel Arosteguichar sin especificar en los considerandos si el mismo cuenta con conocimientos o experiencia laboral previa que ameriten la designaci\u00f3n en OSEF. El mismo d\u00eda de su designaci\u00f3n, Hruby autoriza a Ariel Arosteguichar a\u00a0<strong>realizar su jornada laboral bajo la modalidad de teletrabajo<\/strong>, tal como se desprende de la Resoluci\u00f3n de Presidencia N\u00b0 314\/25.<\/p>\n<h2 class=\"wp-block-heading\">Primero viajo, despu\u00e9s aviso<\/h2>\n<p>A las designaciones \u00aba dedo\u00bb se suman otras desprolijidades administrativas. Cuando un funcionario se ausenta de la Provincia el organismo debe emitir un acto administrativo que registre esa situaci\u00f3n, m\u00e1s a\u00fan cuando dicho traslado ocasione costos. Pero en OSEF utilizan otra modalidad. Los funcionarios viajan y varias semanas despu\u00e9s \u00abreconocen\u00bb dicha situaci\u00f3n y autorizan el pago de pasajes, tal como se observa en las resoluciones 316 y 317\/25 registradas el 7 de abril \u00abreconociendo\u00bb el pago de pasajes al Vicepresidente Olgiatti por una comisi\u00f3n realizada desde el 17 al 19 de febrero y al vocal Tomasevich por una comisi\u00f3n desde el 23 de marzo al 8 de abril.<\/p>\n<figure class=\"wp-block-gallery has-nested-images columns-default is-cropped wp-block-gallery-2 is-layout-flex wp-block-gallery-is-layout-flex\">\n<figure class=\"wp-block-image size-large\"><\/figure>\n<\/figure>\n<\/div>\n<\/div>\n<\/div>\n","protected":false},"excerpt":{"rendered":"<p>La presidenta de OSEF volvi\u00f3 a aumentar la planta pol\u00edtica Mientras la Legislatura analiza aumentar el aporte de<\/p>\n","protected":false},"author":5,"featured_media":985,"comment_status":"open","ping_status":"open","sticky":false,"template":"","format":"standard","meta":{"footnotes":""},"categories":[2],"tags":[3139,3537,3538],"class_list":["post-9934","post","type-post","status-publish","format-standard","has-post-thumbnail","hentry","category-tierra-del-fuego","tag-crisis-osef","tag-mariana-hruby","tag-planta-politica"],"featured_image_urls":{"full":["https:\/\/opinionpublica.com.ar\/index\/wp-content\/uploads\/2024\/03\/OSEF-RG-2-1200x480-1.jpg",1200,480,false],"thumbnail":["https:\/\/opinionpublica.com.ar\/index\/wp-content\/uploads\/2024\/03\/OSEF-RG-2-1200x480-1-150x150.jpg",150,150,true],"medium":["https:\/\/opinionpublica.com.ar\/index\/wp-content\/uploads\/2024\/03\/OSEF-RG-2-1200x480-1-300x120.jpg",300,120,true],"medium_large":["https:\/\/opinionpublica.com.ar\/index\/wp-content\/uploads\/2024\/03\/OSEF-RG-2-1200x480-1-768x307.jpg",640,256,true],"large":["https:\/\/opinionpublica.com.ar\/index\/wp-content\/uploads\/2024\/03\/OSEF-RG-2-1200x480-1-1024x410.jpg",640,256,true],"1536x1536":["https:\/\/opinionpublica.com.ar\/index\/wp-content\/uploads\/2024\/03\/OSEF-RG-2-1200x480-1.jpg",1200,480,false],"2048x2048":["https:\/\/opinionpublica.com.ar\/index\/wp-content\/uploads\/2024\/03\/OSEF-RG-2-1200x480-1.jpg",1200,480,false],"morenews-large":["https:\/\/opinionpublica.com.ar\/index\/wp-content\/uploads\/2024\/03\/OSEF-RG-2-1200x480-1-825x480.jpg",825,480,true],"morenews-medium":["https:\/\/opinionpublica.com.ar\/index\/wp-content\/uploads\/2024\/03\/OSEF-RG-2-1200x480-1-590x410.jpg",590,410,true]},"author_info":{"display_name":"Hal","author_link":"https:\/\/opinionpublica.com.ar\/index\/author\/hal\/"},"category_info":"<a href=\"https:\/\/opinionpublica.com.ar\/index\/category\/tierra-del-fuego\/\" rel=\"category tag\">Tierra del Fuego<\/a>","tag_info":"Tierra del Fuego","comment_count":"0","_links":{"self":[{"href":"https:\/\/opinionpublica.com.ar\/index\/wp-json\/wp\/v2\/posts\/9934","targetHints":{"allow":["GET"]}}],"collection":[{"href":"https:\/\/opinionpublica.com.ar\/index\/wp-json\/wp\/v2\/posts"}],"about":[{"href":"https:\/\/opinionpublica.com.ar\/index\/wp-json\/wp\/v2\/types\/post"}],"author":[{"embeddable":true,"href":"https:\/\/opinionpublica.com.ar\/index\/wp-json\/wp\/v2\/users\/5"}],"replies":[{"embeddable":true,"href":"https:\/\/opinionpublica.com.ar\/index\/wp-json\/wp\/v2\/comments?post=9934"}],"version-history":[{"count":1,"href":"https:\/\/opinionpublica.com.ar\/index\/wp-json\/wp\/v2\/posts\/9934\/revisions"}],"predecessor-version":[{"id":9935,"href":"https:\/\/opinionpublica.com.ar\/index\/wp-json\/wp\/v2\/posts\/9934\/revisions\/9935"}],"wp:featuredmedia":[{"embeddable":true,"href":"https:\/\/opinionpublica.com.ar\/index\/wp-json\/wp\/v2\/media\/985"}],"wp:attachment":[{"href":"https:\/\/opinionpublica.com.ar\/index\/wp-json\/wp\/v2\/media?parent=9934"}],"wp:term":[{"taxonomy":"category","embeddable":true,"href":"https:\/\/opinionpublica.com.ar\/index\/wp-json\/wp\/v2\/categories?post=9934"},{"taxonomy":"post_tag","embeddable":true,"href":"https:\/\/opinionpublica.com.ar\/index\/wp-json\/wp\/v2\/tags?post=9934"}],"curies":[{"name":"wp","href":"https:\/\/api.w.org\/{rel}","templated":true}]}}