{"id":9936,"date":"2025-05-30T10:43:34","date_gmt":"2025-05-30T13:43:34","guid":{"rendered":"https:\/\/opinionpublica.com.ar\/index\/?p=9936"},"modified":"2025-05-30T10:43:34","modified_gmt":"2025-05-30T13:43:34","slug":"gobernadores-se-reuniran-en-el-cfi-con-la-coparticipacion-federal-como-tema-central","status":"publish","type":"post","link":"https:\/\/opinionpublica.com.ar\/index\/gobernadores-se-reuniran-en-el-cfi-con-la-coparticipacion-federal-como-tema-central\/","title":{"rendered":"Gobernadores se reunir\u00e1n en el CFI con la coparticipaci\u00f3n federal como tema central"},"content":{"rendered":"<div class=\"bs-header\">\n<p class=\"title\" title=\"Gobernadores se reunir\u00e1n en el CFI con la coparticipaci\u00f3n federal como tema central\"><strong>Gobernadores se reunir\u00e1n en el CFI con la coparticipaci\u00f3n federal como tema central<\/strong><\/p>\n<\/div>\n<article class=\"small single\"><strong>Gobernadores\u00a0<\/strong>de todo el pa\u00eds se reunir\u00e1n el pr\u00f3ximo martes en el\u00a0<strong>Consejo Federal de Inversiones (CFI)\u00a0<\/strong>con el objetivo de analizar herramientas para afrontar la caida de la recaudaci\u00f3n\u00a0que se\u00a0<strong>prev\u00e9 para este a\u00f1o y sus consecuentes golpes sobre la coparticipaci\u00f3n federal y los fondos provinciales.<\/strong><\/p>\n<p><a href=\"https:\/\/opinionpublica.com.ar\/index\/wp-content\/uploads\/2025\/05\/melella-5-820x360-gobernadores-cfi.jpg\"><img fetchpriority=\"high\" decoding=\"async\" class=\"alignnone size-full wp-image-9937\" src=\"https:\/\/opinionpublica.com.ar\/index\/wp-content\/uploads\/2025\/05\/melella-5-820x360-gobernadores-cfi.jpg\" alt=\"\" width=\"820\" height=\"360\" srcset=\"https:\/\/opinionpublica.com.ar\/index\/wp-content\/uploads\/2025\/05\/melella-5-820x360-gobernadores-cfi.jpg 820w, https:\/\/opinionpublica.com.ar\/index\/wp-content\/uploads\/2025\/05\/melella-5-820x360-gobernadores-cfi-300x132.jpg 300w, https:\/\/opinionpublica.com.ar\/index\/wp-content\/uploads\/2025\/05\/melella-5-820x360-gobernadores-cfi-768x337.jpg 768w\" sizes=\"(max-width: 820px) 100vw, 820px\" \/><\/a><\/p>\n<p>El encuentro fue planteado por las propias provincias y se invit\u00f3 a los mandatarios de los 24 distritos. Como ocurri\u00f3 a lo largo del \u00faltimo a\u00f1o, la sede ser\u00e1 el CFI, organismo que conduce\u00a0<strong>Ignacio Lamothe<\/strong>, cuyo edificio est\u00e1 ubicado en el barrio porte\u00f1o de Retiro.<\/p>\n<p>La cumbre servir\u00e1\u00a0<strong>\u00abpara analizar las proyecciones del 25 de la ca\u00edda de la recaudaci\u00f3n y el impacto negativo que tendr\u00eda en la coparticipaci\u00f3n y en las cuentas provinciales\u00bb,<\/strong>\u00a0sintetizaron desde una jurisdicci\u00f3n ante la consulta de este medio.<\/p>\n<h2 class=\"wp-block-heading\">Gobernadores se reunir\u00e1n en el CFI el martes pr\u00f3ximo<\/h2>\n<p>Algunos jefes provinciales viajar\u00e1n especialmente mientras que otros participar\u00e1n v\u00eda Zoom desde sus distritos. Ser\u00e1n de la partida, presencial o a la distancia,\u00a0<strong>Sergio Ziliotto<\/strong>\u00a0(La Pampa),\u00a0<strong>Alfredo Cornejo<\/strong>\u00a0(Mendoza),\u00a0<strong>Alberto Weretilneck<\/strong>\u00a0(R\u00edo Negro),\u00a0<strong>Axel Kicillof<\/strong>\u00a0(Buenos Aires),\u00a0<strong>Carlos Sadir<\/strong>\u00a0(Jujuy),\u00a0<strong>Ricardo Quintela<\/strong>\u00a0(La Rioja),\u00a0<strong>Ignacio Torres\u00a0<\/strong>(Chubut),\u00a0<strong>Rogelio Frigerio<\/strong>\u00a0(Entre R\u00edos),\u00a0<strong>Marcelo Orrego<\/strong>\u00a0(San Juan),\u00a0<strong>Gustavo Melella<\/strong>\u00a0(Tierra del Fuego, Ant\u00e1rtida e Islas del Atl\u00e1ntico Sur).<\/p>\n<p>Otros l\u00edderes consultados se limitaron a explicar que el encuentro est\u00e1 en agenda, aunque no confirmaron su asistencia.<\/p>\n<p>Uno de los mandamases que se refiri\u00f3 al evento fue el pampeano Ziliotto, de Uni\u00f3n por la Patria (UP). El l\u00edder patag\u00f3nico opin\u00f3 sobre el ranking elaborado por el Comisi\u00f3n Federal de Impuestos que ubic\u00f3 a su provincia como la segunda m\u00e1s perjudicada en la distribuci\u00f3n de fondos de coparticipaci\u00f3n.<\/p>\n<p><strong>\u201cLamentablemente no estamos en el mejor ranking, somos una de las provincias m\u00e1s discriminadas en un contexto federal\u201d,<\/strong>\u00a0se lament\u00f3. Al confirmar que participar\u00e1 de la jornada del martes, anticip\u00f3:\u00a0<strong>\u201cQueremos sostener el federalismo con una agenda de pa\u00eds federal\u201d.<\/strong><\/p>\n<div class=\"post-share\">\n<div class=\"post-share-icons cf\"><\/div>\n<\/div>\n<\/article>\n","protected":false},"excerpt":{"rendered":"<p>Gobernadores se reunir\u00e1n en el CFI con la coparticipaci\u00f3n federal como tema central Gobernadores\u00a0de todo el pa\u00eds se<\/p>\n","protected":false},"author":5,"featured_media":9937,"comment_status":"open","ping_status":"open","sticky":false,"template":"","format":"standard","meta":{"footnotes":""},"categories":[3],"tags":[2544,3471,107],"class_list":["post-9936","post","type-post","status-publish","format-standard","has-post-thumbnail","hentry","category-nacionales","tag-cfi","tag-consejo-federal-de-inversiones-cfi","tag-gobernadores"],"featured_image_urls":{"full":["https:\/\/opinionpublica.com.ar\/index\/wp-content\/uploads\/2025\/05\/melella-5-820x360-gobernadores-cfi.jpg",820,360,false],"thumbnail":["https:\/\/opinionpublica.com.ar\/index\/wp-content\/uploads\/2025\/05\/melella-5-820x360-gobernadores-cfi-150x150.jpg",150,150,true],"medium":["https:\/\/opinionpublica.com.ar\/index\/wp-content\/uploads\/2025\/05\/melella-5-820x360-gobernadores-cfi-300x132.jpg",300,132,true],"medium_large":["https:\/\/opinionpublica.com.ar\/index\/wp-content\/uploads\/2025\/05\/melella-5-820x360-gobernadores-cfi-768x337.jpg",640,281,true],"large":["https:\/\/opinionpublica.com.ar\/index\/wp-content\/uploads\/2025\/05\/melella-5-820x360-gobernadores-cfi.jpg",640,281,false],"1536x1536":["https:\/\/opinionpublica.com.ar\/index\/wp-content\/uploads\/2025\/05\/melella-5-820x360-gobernadores-cfi.jpg",820,360,false],"2048x2048":["https:\/\/opinionpublica.com.ar\/index\/wp-content\/uploads\/2025\/05\/melella-5-820x360-gobernadores-cfi.jpg",820,360,false],"morenews-large":["https:\/\/opinionpublica.com.ar\/index\/wp-content\/uploads\/2025\/05\/melella-5-820x360-gobernadores-cfi.jpg",820,360,false],"morenews-medium":["https:\/\/opinionpublica.com.ar\/index\/wp-content\/uploads\/2025\/05\/melella-5-820x360-gobernadores-cfi-590x360.jpg",590,360,true]},"author_info":{"display_name":"Hal","author_link":"https:\/\/opinionpublica.com.ar\/index\/author\/hal\/"},"category_info":"<a href=\"https:\/\/opinionpublica.com.ar\/index\/category\/nacionales\/\" rel=\"category tag\">Nacionales<\/a>","tag_info":"Nacionales","comment_count":"0","_links":{"self":[{"href":"https:\/\/opinionpublica.com.ar\/index\/wp-json\/wp\/v2\/posts\/9936","targetHints":{"allow":["GET"]}}],"collection":[{"href":"https:\/\/opinionpublica.com.ar\/index\/wp-json\/wp\/v2\/posts"}],"about":[{"href":"https:\/\/opinionpublica.com.ar\/index\/wp-json\/wp\/v2\/types\/post"}],"author":[{"embeddable":true,"href":"https:\/\/opinionpublica.com.ar\/index\/wp-json\/wp\/v2\/users\/5"}],"replies":[{"embeddable":true,"href":"https:\/\/opinionpublica.com.ar\/index\/wp-json\/wp\/v2\/comments?post=9936"}],"version-history":[{"count":1,"href":"https:\/\/opinionpublica.com.ar\/index\/wp-json\/wp\/v2\/posts\/9936\/revisions"}],"predecessor-version":[{"id":9938,"href":"https:\/\/opinionpublica.com.ar\/index\/wp-json\/wp\/v2\/posts\/9936\/revisions\/9938"}],"wp:featuredmedia":[{"embeddable":true,"href":"https:\/\/opinionpublica.com.ar\/index\/wp-json\/wp\/v2\/media\/9937"}],"wp:attachment":[{"href":"https:\/\/opinionpublica.com.ar\/index\/wp-json\/wp\/v2\/media?parent=9936"}],"wp:term":[{"taxonomy":"category","embeddable":true,"href":"https:\/\/opinionpublica.com.ar\/index\/wp-json\/wp\/v2\/categories?post=9936"},{"taxonomy":"post_tag","embeddable":true,"href":"https:\/\/opinionpublica.com.ar\/index\/wp-json\/wp\/v2\/tags?post=9936"}],"curies":[{"name":"wp","href":"https:\/\/api.w.org\/{rel}","templated":true}]}}