{"id":9939,"date":"2025-05-30T11:04:21","date_gmt":"2025-05-30T14:04:21","guid":{"rendered":"https:\/\/opinionpublica.com.ar\/index\/?p=9939"},"modified":"2025-05-30T11:04:21","modified_gmt":"2025-05-30T14:04:21","slug":"cuales-son-los-requisitos-para-inscribirse-en-el-servicio-militar-volutario","status":"publish","type":"post","link":"https:\/\/opinionpublica.com.ar\/index\/cuales-son-los-requisitos-para-inscribirse-en-el-servicio-militar-volutario\/","title":{"rendered":"Cu\u00e1les son los requisitos para inscribirse en el servicio militar volutario"},"content":{"rendered":"<div id=\"tdi_77\" class=\"tdc-row stretch_row_1400 td-stretch-content\">\n<div class=\"vc_row tdi_78  wpb_row td-pb-row tdc-element-style\">\n<div class=\"vc_column tdi_80  wpb_column vc_column_container tdc-column td-pb-span12\">\n<div class=\"wpb_wrapper\">\n<div class=\"td_block_wrap tdb_title tdi_82 tdb-single-title td-pb-border-top td_block_template_1\" data-td-block-uid=\"tdi_82\">\n<div class=\"tdb-block-inner td-fix-index\">\n<p class=\"tdb-title-text\"><strong>Cu\u00e1les son los requisitos para inscribirse en el servicio militar volutario<\/strong><\/p>\n<\/div>\n<\/div>\n<\/div>\n<\/div>\n<\/div>\n<\/div>\n<div id=\"tdi_83\" class=\"tdc-row stretch_row_1200 td-stretch-content\">\n<div class=\"vc_row tdi_84  wpb_row td-pb-row\">\n<div class=\"vc_column tdi_86  wpb_column vc_column_container tdc-column td-pb-span8\">\n<div class=\"wpb_wrapper\">\n<div class=\"td_block_wrap tdb_single_date tdi_87 td-pb-border-top td_block_template_1 tdb-post-meta\" data-td-block-uid=\"tdi_87\"><\/div>\n<div class=\"td_block_wrap tdb_single_content tdi_88 td-pb-border-top td_block_template_1 td-post-content tagdiv-type\" data-td-block-uid=\"tdi_88\">\n<div class=\"tdb-block-inner td-fix-index\">\n<p>El Gobierno Nacional volvi\u00f3 a poner sobre la mesa la implementaci\u00f3n del Servicio Militar Voluntario, una iniciativa destinada a j\u00f3venes que deseen \u201cservir a la Naci\u00f3n\u201d. El anuncio, realizado por el vocero presidencial Manuel Adorni, indica una colaboraci\u00f3n entre los ministerios de Defensa y Capital Humano. Esta propuesta busca ofrecer una v\u00eda para la finalizaci\u00f3n de estudios y el aprendizaje de oficios.<\/p>\n<p><a href=\"https:\/\/opinionpublica.com.ar\/index\/wp-content\/uploads\/2024\/08\/luis-petri.webp\"><img fetchpriority=\"high\" decoding=\"async\" class=\"alignnone size-full wp-image-5143\" src=\"https:\/\/opinionpublica.com.ar\/index\/wp-content\/uploads\/2024\/08\/luis-petri.webp\" alt=\"\" width=\"1200\" height=\"765\" srcset=\"https:\/\/opinionpublica.com.ar\/index\/wp-content\/uploads\/2024\/08\/luis-petri.webp 1200w, https:\/\/opinionpublica.com.ar\/index\/wp-content\/uploads\/2024\/08\/luis-petri-300x191.webp 300w, https:\/\/opinionpublica.com.ar\/index\/wp-content\/uploads\/2024\/08\/luis-petri-1024x653.webp 1024w, https:\/\/opinionpublica.com.ar\/index\/wp-content\/uploads\/2024\/08\/luis-petri-768x490.webp 768w\" sizes=\"(max-width: 1200px) 100vw, 1200px\" \/><\/a><\/p>\n<p>Si bien los detalles completos de la nueva convocatoria general a\u00fan se aguardan, la informaci\u00f3n provista por la Fuerza A\u00e9rea Argentina (FAA) para sus procesos de inscripci\u00f3n previos ofrece un panorama claro sobre los requisitos y condiciones que suelen regir este tipo de servicio.<\/p>\n<p>\u00bfCu\u00e1l es la edad para ingresar al Servicio Militar Voluntario?<\/p>\n<p>El nuevo Servicio Militar Voluntario estar\u00e1 dirigido a \u201caquellos j\u00f3venes de entre 18 y 28 a\u00f1os que desean servir a la Naci\u00f3n\u201d, aunque los requisitos espec\u00edficos pueden variar ligeramente entre las distintas fuerzas. Por ejemplo, para la Fuerza A\u00e9rea Argentina, uno de los requisitos es \u201ctener entre 18 y 24 a\u00f1os de edad al momento del inicio de la instrucci\u00f3n militar\u201d.<\/p>\n<p>\u00bfQu\u00e9 nacionalidad y estado civil se requiere?<\/p>\n<p>Para ingresar como soldado voluntario, al menos en la Fuerza A\u00e9rea Argentina, es indispensable:<\/p>\n<p>&nbsp;<\/p>\n<p>Ser argentino\/a nativo, por opci\u00f3n o naturalizado.<\/p>\n<p>Ser soltero\/a. No obstante, el organismo aclara que se \u201cpuede tener hijos y\/o personas legalmente a cargo\u201d.<\/p>\n<p>\u00bfQu\u00e9 nivel de estudios es necesario?<\/p>\n<p>Uno de los requisitos educativos fundamentales, seg\u00fan la FAA, es \u201ctener aprobado los estudios primarios\u201d. El Gobierno actual, a trav\u00e9s de Adorni, ha enfatizado que \u201cfuncionar\u00e1 un programa de capacitaci\u00f3n para que todo soldado voluntario pueda completar su educaci\u00f3n\u201d.<\/p>\n<p>&nbsp;<\/p>\n<p>\u00bfSon importantes los antecedentes personales?<\/p>\n<p>S\u00ed, un aspecto crucial es \u201cno tener antecedentes contravencionales policiales o penales desfavorables\u201d. Este es un requisito excluyente para garantizar la idoneidad de los postulantes.<\/p>\n<p>&nbsp;<\/p>\n<p>\u00bfHay ex\u00e1menes de ingreso?<\/p>\n<p>S\u00ed, los aspirantes deben \u201caprobar el examen psicof\u00edsico definitivo\u201d, completando el Anexo I que provee la fuerza, en este caso, la Fuerza A\u00e9rea Argentina. Este examen eval\u00faa las condiciones de salud f\u00edsica y mental para afrontar las exigencias del servicio.<\/p>\n<p>&nbsp;<\/p>\n<p>\u00bfC\u00f3mo y d\u00f3nde informarse o inscribirse?<\/p>\n<p>La recomendaci\u00f3n oficial para quien quiera participar es comunicarse con los centros de inscripci\u00f3n m\u00e1s cercanos a su zona de residencia o por tel\u00e9fono al (011) 4317-6000, espec\u00edficamente al interno 15577. Para la nueva convocatoria general anunciada por el Gobierno, se espera que los ministerios de Defensa y Capital Humano brinden detalles sobre los canales de inscripci\u00f3n y los puntos de contacto a nivel nacional.<\/p>\n<p>\u00bfQu\u00e9 documentaci\u00f3n se debe presentar para la inscripci\u00f3n?<\/p>\n<p>La Fuerza A\u00e9rea Argentina detalla la siguiente documentaci\u00f3n a presentar personalmente en el centro de inscripci\u00f3n m\u00e1s cercano:<\/p>\n<p>&nbsp;<\/p>\n<p>Solicitud de inscripci\u00f3n con foto color 4X4.<\/p>\n<p>Fotocopia del Documento Nacional de Identidad (DNI), con \u00faltimo domicilio actualizado.<\/p>\n<p>Fotocopia de la partida de nacimiento.<\/p>\n<p>Fotocopia del certificado de estudios (\u00faltimo nivel alcanzado).<\/p>\n<p>Constancia de CUIL. La FAA aclara que \u201cno requiere la utilizaci\u00f3n de servicios de gestor\u00eda o de terceros para realizar los tr\u00e1mites de inscripci\u00f3n. Los mismos son personales y gratuitos\u00bb.<\/p>\n<p>\u00bfQu\u00e9 beneficios ofrece el Servicio Militar Voluntario?<\/p>\n<p>El Servicio Militar Voluntario no solo implica un compromiso con la defensa nacional, sino que tambi\u00e9n ofrece una serie de beneficios para el desarrollo personal y profesional del soldado. Seg\u00fan la Fuerza A\u00e9rea Argentina, estos incluyen:<\/p>\n<p>Capacitaci\u00f3n, educaci\u00f3n e instrucci\u00f3n para desempe\u00f1arse dentro del sistema de defensa nacional.<\/p>\n<p>Trabajo en relaci\u00f3n de dependencia con firma compromiso de servicio.<\/p>\n<p>Sueldo mensual, aguinaldo y aportes jubilatorios transferibles al finalizar su permanencia.<\/p>\n<p>Asistencia sanitaria y afiliaci\u00f3n a la obra social mientras presta servicio.<\/p>\n<p>Adquisici\u00f3n de experiencia laboral, capacitaci\u00f3n y disciplina de trabajo, para desempe\u00f1arse en la vida civil a su baja.<\/p>\n<p>El vocero Adorni complement\u00f3 que este servicio \u201cofrecer\u00e1 la posibilidad de aprender oficios concretos como cocinas, talleres mec\u00e1nicos o tareas de vigilancia que ayudar\u00e1n a servir al futuro y servir con dignidad cuando terminan su objetivo\u201d. (Fuente: LN)<\/p>\n<\/div>\n<\/div>\n<\/div>\n<\/div>\n<\/div>\n<\/div>\n","protected":false},"excerpt":{"rendered":"<p>Cu\u00e1les son los requisitos para inscribirse en el servicio militar volutario El Gobierno Nacional volvi\u00f3 a poner sobre<\/p>\n","protected":false},"author":5,"featured_media":9940,"comment_status":"open","ping_status":"open","sticky":false,"template":"","format":"standard","meta":{"footnotes":""},"categories":[3],"tags":[220,3539],"class_list":["post-9939","post","type-post","status-publish","format-standard","has-post-thumbnail","hentry","category-nacionales","tag-luis-petri","tag-servicio-militar-voluntario"],"featured_image_urls":{"full":["https:\/\/opinionpublica.com.ar\/index\/wp-content\/uploads\/2025\/05\/luis-petri-1958522.jpg",1300,730,false],"thumbnail":["https:\/\/opinionpublica.com.ar\/index\/wp-content\/uploads\/2025\/05\/luis-petri-1958522-150x150.jpg",150,150,true],"medium":["https:\/\/opinionpublica.com.ar\/index\/wp-content\/uploads\/2025\/05\/luis-petri-1958522-300x168.jpg",300,168,true],"medium_large":["https:\/\/opinionpublica.com.ar\/index\/wp-content\/uploads\/2025\/05\/luis-petri-1958522-768x431.jpg",640,359,true],"large":["https:\/\/opinionpublica.com.ar\/index\/wp-content\/uploads\/2025\/05\/luis-petri-1958522-1024x575.jpg",640,359,true],"1536x1536":["https:\/\/opinionpublica.com.ar\/index\/wp-content\/uploads\/2025\/05\/luis-petri-1958522.jpg",1300,730,false],"2048x2048":["https:\/\/opinionpublica.com.ar\/index\/wp-content\/uploads\/2025\/05\/luis-petri-1958522.jpg",1300,730,false],"morenews-large":["https:\/\/opinionpublica.com.ar\/index\/wp-content\/uploads\/2025\/05\/luis-petri-1958522-825x575.jpg",825,575,true],"morenews-medium":["https:\/\/opinionpublica.com.ar\/index\/wp-content\/uploads\/2025\/05\/luis-petri-1958522-590x410.jpg",590,410,true]},"author_info":{"display_name":"Hal","author_link":"https:\/\/opinionpublica.com.ar\/index\/author\/hal\/"},"category_info":"<a href=\"https:\/\/opinionpublica.com.ar\/index\/category\/nacionales\/\" rel=\"category tag\">Nacionales<\/a>","tag_info":"Nacionales","comment_count":"0","_links":{"self":[{"href":"https:\/\/opinionpublica.com.ar\/index\/wp-json\/wp\/v2\/posts\/9939","targetHints":{"allow":["GET"]}}],"collection":[{"href":"https:\/\/opinionpublica.com.ar\/index\/wp-json\/wp\/v2\/posts"}],"about":[{"href":"https:\/\/opinionpublica.com.ar\/index\/wp-json\/wp\/v2\/types\/post"}],"author":[{"embeddable":true,"href":"https:\/\/opinionpublica.com.ar\/index\/wp-json\/wp\/v2\/users\/5"}],"replies":[{"embeddable":true,"href":"https:\/\/opinionpublica.com.ar\/index\/wp-json\/wp\/v2\/comments?post=9939"}],"version-history":[{"count":1,"href":"https:\/\/opinionpublica.com.ar\/index\/wp-json\/wp\/v2\/posts\/9939\/revisions"}],"predecessor-version":[{"id":9941,"href":"https:\/\/opinionpublica.com.ar\/index\/wp-json\/wp\/v2\/posts\/9939\/revisions\/9941"}],"wp:featuredmedia":[{"embeddable":true,"href":"https:\/\/opinionpublica.com.ar\/index\/wp-json\/wp\/v2\/media\/9940"}],"wp:attachment":[{"href":"https:\/\/opinionpublica.com.ar\/index\/wp-json\/wp\/v2\/media?parent=9939"}],"wp:term":[{"taxonomy":"category","embeddable":true,"href":"https:\/\/opinionpublica.com.ar\/index\/wp-json\/wp\/v2\/categories?post=9939"},{"taxonomy":"post_tag","embeddable":true,"href":"https:\/\/opinionpublica.com.ar\/index\/wp-json\/wp\/v2\/tags?post=9939"}],"curies":[{"name":"wp","href":"https:\/\/api.w.org\/{rel}","templated":true}]}}